{"id":97771,"date":"2016-09-26T08:00:58","date_gmt":"2016-09-26T11:00:58","guid":{"rendered":"http:\/\/aconteceunovale.com.br\/portal\/?p=97771"},"modified":"2016-09-26T08:00:58","modified_gmt":"2016-09-26T11:00:58","slug":"ex-ministro-antonio-palocci-e-preso-na-35a-fase-da-operacao-lava-jato","status":"publish","type":"post","link":"https:\/\/aconteceunovale.com.br\/portal\/?p=97771","title":{"rendered":"Ex-ministro Antonio Palocci \u00e9 preso na 35\u00aa fase da Opera\u00e7\u00e3o Lava Jato"},"content":{"rendered":"<p>A Pol\u00edcia Federal (PF) est\u00e1 nas ruas para cumprir mandados judiciais na 35\u00aa fase da Opera\u00e7\u00e3o Lava Jato. Chamada de Opera\u00e7\u00e3o Omert\u00e0, um dos alvos \u00e9 o ex-ministro da Fazenda Antonio Palocci, que foi preso temporariamente esta manh\u00e3 em S\u00e3o Paulo. Os policiais cumprem ainda mais dois mandados de pris\u00e3o tempor\u00e1ria, 27 de busca e apreens\u00e3o e 15 de condu\u00e7\u00e3o coercitiva, quando a pessoa \u00e9 levada para a delegacia a fim de prestar esclarecimentos e depois \u00e9 liberada.<\/p>\n<p>A suspeita \u00e9 de que Palocci teria liga\u00e7\u00e3o com o comando da empreiteira Odebretch, uma das principais do pa\u00eds. A opera\u00e7\u00e3o investiga se o ex-ministro e outros envolvidos receberam dinheiro para beneficiar a empreiteira em contratos com o governo.<\/p>\n<p>Segundo a PF, as negocia\u00e7\u00f5es envolviam a Medida Provis\u00f3ria 460, de 2009, que tratava de cr\u00e9dito-pr\u00eamio do Imposto sobre Produtos Industrializados (IPI), al\u00e9m do aumento da linha de cr\u00e9dito da Odebretch no Banco de Desenvolvimento Econ\u00f4mico e Social (BNDES) para pa\u00eds um africano, al\u00e9m de interfer\u00eancia em licita\u00e7\u00e3o da Petrobras para a aquisi\u00e7\u00e3o de 21 navios-sonda para explora\u00e7\u00e3o da camada pr\u00e9-sal.<\/p>\n<p><img decoding=\"async\" src=\"http:\/\/aconteceunovale.com.br\/portal\/wp-content\/uploads\/2016\/09\/palloci_preso.jpg\" alt=\"\" \/><em>A pris\u00e3o de Antonio Palocci \u00e9 tempor\u00e1ria (Reprodu\u00e7\u00e3o\/Ag\u00eancia Brasil)<\/em><br \/>\n<\/br><\/p>\n<p><strong>Nota da Pol\u00edcia Federal<\/strong><\/p>\n<p><em>A Pol\u00edcia Federal, com o apoio da Receita Federal, deflagrou na manh\u00e3 de hoje (26\/9), a 35\u00aa fase da Opera\u00e7\u00e3o Lava Jato, intitulada Opera\u00e7\u00e3o OMERT\u00c0, com o objetivo de investigar ind\u00edcios de uma rela\u00e7\u00e3o criminosa entre um ex-ministro da Casa Civil e da Fazenda com o comando da principal empreiteira do pa\u00eds. <\/p>\n<p>Aproximadamente 180 policiais federais e auditores fiscais est\u00e3o cumprindo 45 ordens judiciais, sendo 27 mandados de busca e apreens\u00e3o, 3 mandados de pris\u00e3o tempor\u00e1ria e 15 mandados de condu\u00e7\u00e3o coercitiva nos estados de S\u00e3o Paulo, Rio de Janeiro, Esp\u00edrito Santo, Bahia, Mato Grosso, Mato Grosso do Sul e Distrito Federal. <\/p>\n<p>H\u00e1 ind\u00edcios de que o ex-ministro atuou de forma direta a propiciar vantagens econ\u00f4micas ao grupo empresarial nas mais diversas \u00e1reas de contrata\u00e7\u00e3o com o Poder P\u00fablico, tendo sido ele pr\u00f3prio e personagens de seu grupo pol\u00edtico beneficiados com vultosos valores il\u00edcitos. <\/p>\n<p>Dentre as negocia\u00e7\u00f5es identificadas, foi poss\u00edvel delinear as tratativas entre o Grupo Odebrecht e o ex-ministro para a tentativa de aprova\u00e7\u00e3o do projeto de lei de convers\u00e3o da MP 460\/2009 (que resultaria em imensos benef\u00edcios fiscais), aumento da linha de cr\u00e9dito junto ao BNDES para pa\u00eds africano com a qual a empresa tinha rela\u00e7\u00f5es comerciais, al\u00e9m de interfer\u00eancia no procedimento licitat\u00f3rio da PETROBRAS para aquisi\u00e7\u00e3o de 21 navios sonda para explora\u00e7\u00e3o da camada pr\u00e9-sal. <\/p>\n<p>Outro n\u00facleo da investiga\u00e7\u00e3o apura pagamentos efetuados pelo chamado \u201csetor de opera\u00e7\u00f5es estruturadas\u201d do Grupo Odebrecht para diversos benefici\u00e1rios que est\u00e3o sendo alvo de medidas de busca e condu\u00e7\u00e3o coercitiva. <\/p>\n<p>S\u00e3o apuradas as pr\u00e1ticas, dentre outros crimes, de corrup\u00e7\u00e3o, associa\u00e7\u00e3o criminosa e lavagem de dinheiro. <\/p>\n<p>O nome \u201cOMERT\u00c0\u201d dado \u00e0 investiga\u00e7\u00e3o policial \u00e9 uma refer\u00eancia a origem italiana do codinome que a construtora usava para fazer refer\u00eancia ao principal investigado da fase (&#8220;italiano&#8221;), bem como ao voto de sil\u00eancio que imperava no Grupo Odebrecht que, ao ser quebrado por integrantes do \u201csetor de opera\u00e7\u00f5es estruturadas\u201d permitiu o aprofundamento das investiga\u00e7\u00f5es. Al\u00e9m disso, remete a postura atual do comando da empresa que se mostra relutante em assumir e descrever os crimes praticados. <\/p>\n<p>Nos casos dos investigados para os quais foram expedidos mandados de condu\u00e7\u00e3o coercitiva, estes est\u00e3o sendo levados \u00e0s sedes da Pol\u00edcia Federal nas respectivas cidades onde foram localizados a fim de prestarem os esclarecimentos necess\u00e1rios. Os investigados ser\u00e3o liberados ap\u00f3s serem ouvidos no interesse da apura\u00e7\u00e3o em curso. <\/p>\n<p>Quanto aos investigados com pris\u00e3o cautelar decretada, t\u00e3o logo sejam localizados eles ser\u00e3o trazidos \u00e0 sede da Pol\u00edcia Federal em Curitiba onde permanecer\u00e3o \u00e0 disposi\u00e7\u00e3o das autoridades respons\u00e1veis pela investiga\u00e7\u00e3o. <\/p>\n<p>A Pol\u00edcia Federal, Receita Federal e o Minist\u00e9rio P\u00fablico Federal prestar\u00e3o maiores esclarecimentos em uma coletiva de imprensa que ser\u00e1 realizada, \u00e0s 10h, no audit\u00f3rio da PF. <\/p>\n<p>SALVADOR\/BA<br \/>\n&#8211; 02 (dois) mandados de busca e apreens\u00e3o<br \/>\n&#8211; 01 (um) mandado de condu\u00e7\u00e3o coercitiva <\/p>\n<p>CAMA\u00c7ARI\/BA<br \/>\n&#8211; 01 (um) mandado de busca e apreens\u00e3o<br \/>\n&#8211; 01 (um) mandado de condu\u00e7\u00e3o coercitiva <\/p>\n<p>RONDON\u00d3POLIS\/MT<br \/>\n&#8211; 01 (um) mandado de busca e apreens\u00e3o <\/p>\n<p>BRAS\u00cdLIA\/DF<br \/>\n&#8211; 01 (um) mandado de busca e apreens\u00e3o<br \/>\n&#8211; 01 (um) mandado de condu\u00e7\u00e3o coercitiva <\/p>\n<p>VIT\u00d3RIA\/ES<br \/>\n&#8211; 01 (um) mandado de busca e apreens\u00e3o<br \/>\n&#8211; 01 (um) mandado de condu\u00e7\u00e3o coercitiva <\/p>\n<p>RIO DE JANEIRO\/RJ<br \/>\n&#8211; 02 (dois) mandados de busca e apreens\u00e3o<br \/>\n&#8211; 02 (dois) mandados de condu\u00e7\u00e3o coercitiva <\/p>\n<p>S\u00c3O PAULO\/SP<br \/>\n&#8211; 13 (treze) mandados de busca e apreens\u00e3o<br \/>\n&#8211; 03 (tr\u00eas) mandados de pris\u00e3o tempor\u00e1ria<br \/>\n&#8211; 06 (seis) mandados de condu\u00e7\u00e3o coercitiva <\/p>\n<p>CAMPINAS\/SP<br \/>\n&#8211; 02 (dois) mandados de busca e apreens\u00e3o <\/p>\n<p>RIBEIR\u00c3O PRETO\/SP<br \/>\n&#8211; 01 (um) mandado de busca e apreens\u00e3o <\/p>\n<p>ITAPECERICA DA SERRA\/SP<br \/>\n&#8211; 01 (um) mandado de busca e apreens\u00e3o<br \/>\n&#8211; 01 (um) mandado de condu\u00e7\u00e3o coercitiva <\/p>\n<p>TABO\u00c3O DA SERRA\/SP<br \/>\n&#8211; 01 (um) mandado de busca e apreens\u00e3o<br \/>\n&#8211; 01 (um) mandado de condu\u00e7\u00e3o coercitiva <\/p>\n<p>CAMPO GRANDE\/MS<br \/>\n&#8211; 01 (um) mandado de busca e apreens\u00e3o<br \/>\n&#8211; 01 (um) mandado de condu\u00e7\u00e3o coercitiva <\/em><\/p>\n<p><em>(Fonte: Ag\u00eancia Brasil\/PF)<\/em><\/p>\n","protected":false},"excerpt":{"rendered":"<p>A Pol\u00edcia Federal (PF) est\u00e1 nas ruas para cumprir mandados judiciais na 35\u00aa fase da Opera\u00e7\u00e3o Lava Jato. Chamada de Opera\u00e7\u00e3o Omert\u00e0, um dos alvos \u00e9 o ex-ministro da Fazenda Antonio Palocci, que foi preso temporariamente esta manh\u00e3 em S\u00e3o Paulo. Os policiais cumprem ainda mais dois mandados de pris\u00e3o tempor\u00e1ria, 27 de busca e [&hellip;]<\/p>\n","protected":false},"author":1,"featured_media":97772,"comment_status":"open","ping_status":"closed","sticky":false,"template":"","format":"standard","meta":{"amp_status":"","footnotes":""},"categories":[6,40240],"tags":[116886,116891,116896,116893,116895,116888,116890,96071,116894,18095,116887,116898,116897,772,116892,116889,2382],"class_list":["post-97771","post","type-post","status-publish","format-standard","has-post-thumbnail","hentry","category-br","category-politica-2","tag-35a-fase-da-operacao-lava-jato","tag-antonio-palocci","tag-antonio-palocci-e-preso-na-35a-fase-da-operacao-lava-jato","tag-antonio-palocci-e-preso-pela-pf","tag-ex-ministro-antonio-palocci-e-preso-na-35a-fase-da-operacao-lava-jato","tag-ex-ministro-da-fazenda-antonio-palocci","tag-ex-ministro-da-fazenda-antonio-palocci-e-preso-pela-pf","tag-nova-fase-da-operacao-lava-jato","tag-odebretch","tag-operacao-lava-jato","tag-operacao-omerta","tag-pf-investiga-ex-ministro-da-casa-civil","tag-pf-investiga-ex-ministro-da-casa-civil-e-da-fazenda","tag-policia-federal","tag-prisao-de-antonio-palocci","tag-prisao-do-ex-ministro-da-fazenda-antonio-palocci","tag-sao-paulo"],"_links":{"self":[{"href":"https:\/\/aconteceunovale.com.br\/portal\/index.php?rest_route=\/wp\/v2\/posts\/97771","targetHints":{"allow":["GET"]}}],"collection":[{"href":"https:\/\/aconteceunovale.com.br\/portal\/index.php?rest_route=\/wp\/v2\/posts"}],"about":[{"href":"https:\/\/aconteceunovale.com.br\/portal\/index.php?rest_route=\/wp\/v2\/types\/post"}],"author":[{"embeddable":true,"href":"https:\/\/aconteceunovale.com.br\/portal\/index.php?rest_route=\/wp\/v2\/users\/1"}],"replies":[{"embeddable":true,"href":"https:\/\/aconteceunovale.com.br\/portal\/index.php?rest_route=%2Fwp%2Fv2%2Fcomments&post=97771"}],"version-history":[{"count":0,"href":"https:\/\/aconteceunovale.com.br\/portal\/index.php?rest_route=\/wp\/v2\/posts\/97771\/revisions"}],"wp:featuredmedia":[{"embeddable":true,"href":"https:\/\/aconteceunovale.com.br\/portal\/index.php?rest_route=\/wp\/v2\/media\/97772"}],"wp:attachment":[{"href":"https:\/\/aconteceunovale.com.br\/portal\/index.php?rest_route=%2Fwp%2Fv2%2Fmedia&parent=97771"}],"wp:term":[{"taxonomy":"category","embeddable":true,"href":"https:\/\/aconteceunovale.com.br\/portal\/index.php?rest_route=%2Fwp%2Fv2%2Fcategories&post=97771"},{"taxonomy":"post_tag","embeddable":true,"href":"https:\/\/aconteceunovale.com.br\/portal\/index.php?rest_route=%2Fwp%2Fv2%2Ftags&post=97771"}],"curies":[{"name":"wp","href":"https:\/\/api.w.org\/{rel}","templated":true}]}}