{"id":97761,"date":"2016-09-25T21:47:01","date_gmt":"2016-09-26T00:47:01","guid":{"rendered":"http:\/\/aconteceunovale.com.br\/portal\/?p=97761"},"modified":"2016-09-25T21:47:01","modified_gmt":"2016-09-26T00:47:01","slug":"mae-e-filho-sao-baleados-durante-passeata-politica-em-municipio-do-leste-de-minas","status":"publish","type":"post","link":"https:\/\/aconteceunovale.com.br\/portal\/?p=97761","title":{"rendered":"M\u00e3e e filho s\u00e3o baleados durante passeata pol\u00edtica em munic\u00edpio do Leste de Minas"},"content":{"rendered":"<p>Duas pessoas foram baleadas na tarde desse domingo (25\/09\/2016) durante uma passeata pol\u00edtica em S\u00e3o C\u00e2ndido, distrito de Caratinga, no Leste de Minas. Os disparos aconteceram ap\u00f3s uma discuss\u00e3o entre apoiadores e opositores do candidato \u00e0 reelei\u00e7\u00e3o Marco Ant\u00f4nio Ferraz Junqueira (PTB), que fazia campanha no distrito.<\/p>\n<p>De acordo com informa\u00e7\u00f5es da Pol\u00edcia Militar (PM), a confus\u00e3o aconteceu por volta das 15h, quando a mobiliza\u00e7\u00e3o do candidato j\u00e1 se aproximava do fim. Houve tumulto e correria entre os presentes. &#8220;Um cidad\u00e3o que participava da passeata iniciou a discuss\u00e3o com um vizinho, que faz oposi\u00e7\u00e3o ao candidato em quest\u00e3o, e que interveio com a arma na m\u00e3o&#8221;, explicou o sargento Guenael Quintino. <\/p>\n<p>Em determinado momento, o suspeito teria efetuado um disparo que acertou o homem com quem discutia. A m\u00e3e da v\u00edtima, que tentou intervir na confus\u00e3o, tamb\u00e9m acabou atingida por um disparo. &#8220;Do outro lado da rua [Capit\u00e3o Jo\u00e3o Franco] estava um irm\u00e3o do atirador, que foi tentar impedir o familiar de atirar com outra arma, efetuando um disparo para o alto&#8221;, conta o militar. <\/p>\n<p>Segundo a PM, m\u00e3e e filho foram socorridos imediatamente ao Hospital M\u00e1rcio Cunha, em Ipatinga, em estado est\u00e1vel. Uma espingarda e um rev\u00f3lver foram apreendidos na casa do suspeito, que j\u00e1 havia fugido do distrito quando a pol\u00edcia chegou ao local.<\/p>\n<p>A Pol\u00edcia Militar realiza rastreamentos com intuito de localizar e prender o suspeito das tentativas de homic\u00eddio, que j\u00e1 foi identificado.<\/p>\n<p><img decoding=\"async\" src=\"http:\/\/aconteceunovale.com.br\/portal\/wp-content\/uploads\/2016\/09\/armas_caratinga.jpg\" alt=\"\" \/><em>Armas apreendidas na casa do suspeito (Foto: Super Canal)<\/em><br \/>\n<\/br><\/p>\n<p><em>(Com informa\u00e7\u00f5es do Jornal O Tempo)<\/em><\/p>\n","protected":false},"excerpt":{"rendered":"<p>Duas pessoas foram baleadas na tarde desse domingo (25\/09\/2016) durante uma passeata pol\u00edtica em S\u00e3o C\u00e2ndido, distrito de Caratinga, no Leste de Minas. Os disparos aconteceram ap\u00f3s uma discuss\u00e3o entre apoiadores e opositores do candidato \u00e0 reelei\u00e7\u00e3o Marco Ant\u00f4nio Ferraz Junqueira (PTB), que fazia campanha no distrito. De acordo com informa\u00e7\u00f5es da Pol\u00edcia Militar (PM), [&hellip;]<\/p>\n","protected":false},"author":1,"featured_media":97762,"comment_status":"open","ping_status":"closed","sticky":false,"template":"","format":"standard","meta":{"amp_status":"","footnotes":""},"categories":[121],"tags":[116855,116858,116856,116854,116852,237,116860,116859,116862,116861,5515,32422,116853,116851,116857],"class_list":["post-97761","post","type-post","status-publish","format-standard","has-post-thumbnail","hentry","category-leste","tag-baleados-em-caratinga","tag-baleados-em-passeata-do-marco-antonio-ferraz-junqueira","tag-baleados-em-passeata-politica-em-caratinga","tag-baleados-em-passeata-politica-em-sao-candido","tag-baleados-em-sao-candido","tag-caratinga","tag-duas-pessoas-sao-baleadas-durante-passeata-politica-em-caratinga","tag-duas-pessoas-sao-baleadas-durante-passeata-politica-em-municipio-do-leste-de-minas","tag-mae-e-filho-sao-baleados-durante-passeata-politica-em-caratinga","tag-mae-e-filho-sao-baleados-durante-passeata-politica-em-municipio-do-leste-de-minas","tag-marco-antonio-ferraz-junqueira","tag-sao-candido","tag-tiroteio-em-passeata-politica-em-sao-candido","tag-tiroteio-em-sao-candido","tag-tiroteio-passeata-do-marco-antonio-ferraz-junqueira"],"_links":{"self":[{"href":"https:\/\/aconteceunovale.com.br\/portal\/index.php?rest_route=\/wp\/v2\/posts\/97761","targetHints":{"allow":["GET"]}}],"collection":[{"href":"https:\/\/aconteceunovale.com.br\/portal\/index.php?rest_route=\/wp\/v2\/posts"}],"about":[{"href":"https:\/\/aconteceunovale.com.br\/portal\/index.php?rest_route=\/wp\/v2\/types\/post"}],"author":[{"embeddable":true,"href":"https:\/\/aconteceunovale.com.br\/portal\/index.php?rest_route=\/wp\/v2\/users\/1"}],"replies":[{"embeddable":true,"href":"https:\/\/aconteceunovale.com.br\/portal\/index.php?rest_route=%2Fwp%2Fv2%2Fcomments&post=97761"}],"version-history":[{"count":0,"href":"https:\/\/aconteceunovale.com.br\/portal\/index.php?rest_route=\/wp\/v2\/posts\/97761\/revisions"}],"wp:featuredmedia":[{"embeddable":true,"href":"https:\/\/aconteceunovale.com.br\/portal\/index.php?rest_route=\/wp\/v2\/media\/97762"}],"wp:attachment":[{"href":"https:\/\/aconteceunovale.com.br\/portal\/index.php?rest_route=%2Fwp%2Fv2%2Fmedia&parent=97761"}],"wp:term":[{"taxonomy":"category","embeddable":true,"href":"https:\/\/aconteceunovale.com.br\/portal\/index.php?rest_route=%2Fwp%2Fv2%2Fcategories&post=97761"},{"taxonomy":"post_tag","embeddable":true,"href":"https:\/\/aconteceunovale.com.br\/portal\/index.php?rest_route=%2Fwp%2Fv2%2Ftags&post=97761"}],"curies":[{"name":"wp","href":"https:\/\/api.w.org\/{rel}","templated":true}]}}