{"id":97736,"date":"2016-09-25T20:48:33","date_gmt":"2016-09-25T23:48:33","guid":{"rendered":"http:\/\/aconteceunovale.com.br\/portal\/?p=97736"},"modified":"2016-09-25T20:48:33","modified_gmt":"2016-09-25T23:48:33","slug":"acidente-deixa-dois-mortos-e-tres-feridos-na-lmg-654-entre-brasilia-de-minas-e-coracao-de-jesus","status":"publish","type":"post","link":"https:\/\/aconteceunovale.com.br\/portal\/?p=97736","title":{"rendered":"Acidente deixa dois mortos e tr\u00eas feridos na LMG-654, entre Bras\u00edlia de Minas e Cora\u00e7\u00e3o de Jesus"},"content":{"rendered":"<p>Duas pessoas morreram e tr\u00eas ficaram feridas em um grave acidente na manh\u00e3 deste domingo, 25 de setembro de 2016, na LMG-654, pr\u00f3ximo \u00e0 comunidade de Ponto Cigano, munic\u00edpio de Cora\u00e7\u00e3o de Jesus, na regi\u00e3o Norte de Minas Gerais. De acordo com informa\u00e7\u00f5es do Corpo de Bombeiros, o condutor de uma caminhonete Toyota Hilux (licenciada em Bras\u00edlia de Minas) perdeu o controle direcional na altura do quil\u00f4metro 29 (sentido Bras\u00edlia de Minas\/Cora\u00e7\u00e3o de Jesus), saiu da pista desgovernada e colidiu violentamente contra uma \u00e1rvore.<\/p>\n<p>As causas do acidente ser\u00e3o apuradas, mas conforme os bombeiros, a pista estava escorregadia por causa de uma chuva fina e isso pode ter contribu\u00eddo para a trag\u00e9dia. <\/p>\n<p>O impacto do acidente provocou a morte instant\u00e2nea do condutor, identificado como Carlos Adilson Luiz de Ara\u00fajo, e de uma passageira de aproximadamente 60 anos. Outros tr\u00eas ocupantes do ve\u00edculo foram socorridos pelo Servi\u00e7o de Atendimento M\u00f3vel de Urg\u00eancia e Emerg\u00eancia (SAMU) e encaminhados para o Hospital Municipal de Bras\u00edlia de Minas. <\/p>\n<p><img decoding=\"async\" src=\"http:\/\/aconteceunovale.com.br\/portal\/wp-content\/uploads\/2016\/09\/acidente_entre_brasiliademinas_coracaodejesus_1.jpg\" alt=\"\" \/><em>Acidente aconteceu no km 29 da LMG-654 (Foto: Divulga\u00e7\u00e3o\/Corpo de Bombeiros)<\/em><br \/>\n<\/br><\/p>\n<p><img decoding=\"async\" src=\"http:\/\/aconteceunovale.com.br\/portal\/wp-content\/uploads\/2016\/09\/acidente_entre_brasiliademinas_coracaodejesus_2.jpg\" alt=\"\" \/><em>Acidente aconteceu no km 29 da LMG-654 (Foto: Divulga\u00e7\u00e3o\/Corpo de Bombeiros)<\/em><br \/>\n<\/br><\/p>\n<p><img decoding=\"async\" src=\"http:\/\/aconteceunovale.com.br\/portal\/wp-content\/uploads\/2016\/09\/acidente_entre_brasiliademinas_coracaodejesus_3.jpg\" alt=\"\" \/><em>Acidente aconteceu no km 29 da LMG-654 (Foto: Divulga\u00e7\u00e3o\/Corpo de Bombeiros)<\/em><br \/>\n<\/br><\/p>\n<p><img decoding=\"async\" src=\"http:\/\/aconteceunovale.com.br\/portal\/wp-content\/uploads\/2016\/09\/acidente_entre_brasiliademinas_coracaodejesus_4.jpg\" alt=\"\" \/><em>Acidente aconteceu no km 29 da LMG-654 (Foto: Divulga\u00e7\u00e3o\/Corpo de Bombeiros)<\/em><br \/>\n<\/br><\/p>\n<h3><strong>Outros acidentes no Norte de Minas<\/strong><\/h3>\n<p><strong>Homem tem m\u00e3o decepada em acidente na BR-365<\/strong><\/p>\n<p>Um homem teve a m\u00e3o decepada em um acidente na BR-365, em Jequita\u00ed, nesse s\u00e1bado (24\/09\/2016). Ele e o motorista, que teve les\u00f5es leves, foram socorridos por uma equipe do Samu de Pirapora. Segundo as informa\u00e7\u00f5es da Pol\u00edcia Rodovi\u00e1ria Federal (PRF) o condutor perdeu o controle da dire\u00e7\u00e3o e o autom\u00f3vel capotou. <\/p>\n<p>A chuva pode ter colaborado para o acidente. Ainda de acordo com a PRF, a m\u00e3o do passageiro ficou prensada entre o ve\u00edculo e o ch\u00e3o. O tr\u00e2nsito no local n\u00e3o precisou ser interrompido.<\/p>\n<p><strong>Colis\u00e3o contra poste deixa dois feridos em Montes Claros<\/strong><\/p>\n<p>Duas pessoas ficam feridas na colis\u00e3o de um carro contra um poste, neste s\u00e1bado (24\/09\/2016), em Montes Claros. De acordo com o Corpo de Bombeiros, a condutora teria perdido o controle da dire\u00e7\u00e3o quando passava pela Avenida Sidney Chaves. As v\u00edtimas foram encaminhadas para um hospital da cidade.<\/p>\n<p><img decoding=\"async\" src=\"http:\/\/aconteceunovale.com.br\/portal\/wp-content\/uploads\/2016\/09\/colisao_poste_moc_1.jpg\" alt=\"\" \/><em>Ve\u00edculo colidiu contra poste na Avenida Sidney Chaves (Foto: Reprodu\u00e7\u00e3o\/WhatsApp)<\/em><br \/>\n<\/br><\/p>\n<p><img decoding=\"async\" src=\"http:\/\/aconteceunovale.com.br\/portal\/wp-content\/uploads\/2016\/09\/colisao_poste_moc_2.jpg\" alt=\"\" \/><em>Ve\u00edculo colidiu contra poste na Avenida Sidney Chaves (Foto: Reprodu\u00e7\u00e3o\/WhatsApp)<\/em><br \/>\n<\/br><\/p>\n<p><img decoding=\"async\" src=\"http:\/\/aconteceunovale.com.br\/portal\/wp-content\/uploads\/2016\/09\/colisao_poste_moc_3.jpg\" alt=\"\" \/><em>Ve\u00edculo colidiu contra poste na Avenida Sidney Chaves (Foto: Reprodu\u00e7\u00e3o\/WhatsApp)<\/em><br \/>\n<\/br><\/p>\n<p><strong>Acidente com carreta carregada de goiabada na BR-365<\/strong><\/p>\n<p>Uma carregada de doce de goiaba (goiabada) tombou neste domingo na BR-365, entre Montes Claros e Pirapora. O acidente deixou o tr\u00e2nsito lento no local. O estado de sa\u00fade do condutor n\u00e3o foi divulgado. <\/p>\n<p><img decoding=\"async\" src=\"http:\/\/aconteceunovale.com.br\/portal\/wp-content\/uploads\/2016\/09\/acidente_carreta_goiaba_1.jpg\" alt=\"\" \/><em>Carreta tombou na BR-365 (Foto: Reprodu\u00e7\u00e3o\/WhatsApp)<\/em><br \/>\n<\/br><\/p>\n<p><img decoding=\"async\" src=\"http:\/\/aconteceunovale.com.br\/portal\/wp-content\/uploads\/2016\/09\/acidente_carreta_goiaba_2.jpg\" alt=\"\" \/><em>Carreta tombou na BR-365 (Foto: Reprodu\u00e7\u00e3o\/WhatsApp)<\/em><br \/>\n<\/br><\/p>\n<p><img decoding=\"async\" src=\"http:\/\/aconteceunovale.com.br\/portal\/wp-content\/uploads\/2016\/09\/acidente_carreta_goiaba_3.jpg\" alt=\"\" \/><em>Carreta tombou na BR-365 (Foto: Reprodu\u00e7\u00e3o\/WhatsApp)<\/em><br \/>\n<\/br><\/p>\n<p><img decoding=\"async\" src=\"http:\/\/aconteceunovale.com.br\/portal\/wp-content\/uploads\/2016\/09\/acidente_carreta_goiaba_4.jpg\" alt=\"\" \/><em>Carreta tombou na BR-365 (Foto: Reprodu\u00e7\u00e3o\/WhatsApp)<\/em><br \/>\n<\/br><\/p>\n<p><img decoding=\"async\" src=\"http:\/\/aconteceunovale.com.br\/portal\/wp-content\/uploads\/2016\/09\/acidente_carreta_goiaba_5.jpg\" alt=\"\" \/><em>Carreta tombou na BR-365 (Foto: Reprodu\u00e7\u00e3o\/WhatsApp)<\/em><br \/>\n<\/br><\/p>\n<p><img decoding=\"async\" src=\"http:\/\/aconteceunovale.com.br\/portal\/wp-content\/uploads\/2016\/09\/acidente_carreta_goiaba_6.jpg\" alt=\"\" \/><em>Carreta tombou na BR-365 (Foto: Reprodu\u00e7\u00e3o\/WhatsApp)<\/em><br \/>\n<\/br><\/p>\n<p><strong>Carreta carregada com tubos de a\u00e7o tomba na BR-251<\/strong><\/p>\n<p>Uma carreta carregada com tubos de a\u00e7o tombou na manh\u00e3 deste domingo (25\/09) na BR-251, entre Padre Carvalho e o trevo para Fruta de Leite. Segundo informa\u00e7\u00f5es, o motorista n\u00e3o teve ferimentos graves. <\/p>\n<p><img decoding=\"async\" src=\"http:\/\/aconteceunovale.com.br\/portal\/wp-content\/uploads\/2016\/09\/acidente_carreta_tubosaco_1.jpg\" alt=\"\" \/><em>Carreta tombou na BR-251 (Foto: Elci Nunes\/Reprodu\u00e7\u00e3o WhatsApp)<\/em><br \/>\n<\/br><\/p>\n<p><img decoding=\"async\" src=\"http:\/\/aconteceunovale.com.br\/portal\/wp-content\/uploads\/2016\/09\/acidente_carreta_tubosaco_2.jpg\" alt=\"\" \/><em>Carreta tombou na BR-251 (Foto: Elci Nunes\/Reprodu\u00e7\u00e3o WhatsApp)<\/em><br \/>\n<\/br><\/p>\n<p><img decoding=\"async\" src=\"http:\/\/aconteceunovale.com.br\/portal\/wp-content\/uploads\/2016\/09\/acidente_carreta_tubosaco_3.jpg\" alt=\"\" \/><em>Carreta tombou na BR-251 (Foto: Elci Nunes\/Reprodu\u00e7\u00e3o WhatsApp)<\/em><br \/>\n<\/br><\/p>\n<p><img decoding=\"async\" src=\"http:\/\/aconteceunovale.com.br\/portal\/wp-content\/uploads\/2016\/09\/acidente_carreta_tubosaco_4.jpg\" alt=\"\" \/><em>Carreta tombou na BR-251 (Foto: Elci Nunes\/Reprodu\u00e7\u00e3o WhatsApp)<\/em><br \/>\n<\/br><\/p>\n<p><em>(Com informa\u00e7\u00f5es do Corpo de Bombeiros, EM, G1 e Aconteceu no Vale)<\/em><\/p>\n","protected":false},"excerpt":{"rendered":"<p>Duas pessoas morreram e tr\u00eas ficaram feridas em um grave acidente na manh\u00e3 deste domingo, 25 de setembro de 2016, na LMG-654, pr\u00f3ximo \u00e0 comunidade de Ponto Cigano, munic\u00edpio de Cora\u00e7\u00e3o de Jesus, na regi\u00e3o Norte de Minas Gerais. De acordo com informa\u00e7\u00f5es do Corpo de Bombeiros, o condutor de uma caminhonete Toyota Hilux (licenciada [&hellip;]<\/p>\n","protected":false},"author":1,"featured_media":97739,"comment_status":"open","ping_status":"closed","sticky":false,"template":"","format":"standard","meta":{"amp_status":"","footnotes":""},"categories":[1236],"tags":[116828,116830,116837,116835,116839,116841,116840,116827,116825,116826,116845,116846,41514,16673,116824,116834,1396,31601,116831,116822,116823,61654,31360,921,2981,195,116829,116838,116836,116832,106659,1801,1018,116842,116844,116843,116833,3724,1707],"class_list":["post-97736","post","type-post","status-publish","format-standard","has-post-thumbnail","hentry","category-norte_de_minas","tag-acidente-com-caminhonete-de-brasilia-de-minas","tag-acidente-com-carlos-adilson-luiz-de-araujo","tag-acidente-com-carreta-carregada-de-goiabada","tag-acidente-com-carreta-carregada-de-goiabada-na-br-365","tag-acidente-com-carreta-carregada-de-tubos-de-aco-na-br-251","tag-acidente-com-carreta-carregada-de-tubos-de-aco-no-norte-de-minas","tag-acidente-com-carreta-carregada-de-tubos-de-aco-perto-de-padre-carvalho","tag-acidente-com-hilux-de-brasilia-de-minas","tag-acidente-com-hilux-entre-brasilia-de-minas-e-coracao-de-jesus","tag-acidente-coracao-de-jesus","tag-acidente-deixa-dois-mortos-e-tres-feridos-na-lmg-654","tag-acidente-deixa-dois-mortos-e-tres-feridos-na-lmg-654-entre-brasilia-de-minas-e-coracao-de-jesus","tag-acidente-em-jequitai","tag-acidente-em-montes-claros","tag-acidente-entre-brasilia-de-minas-e-coracao-de-jesus","tag-acidente-moradores-de-brasilia-de-minas","tag-acidente-na-br-251","tag-acidente-na-br-365","tag-acidente-na-br-365-em-jequitai","tag-acidente-na-lmg-654","tag-acidente-na-lmg-654-entre-brasilia-de-minas-e-coracao-de-jesus","tag-acidente-norte-de-minas","tag-acidentes-no-norte-de-minas","tag-br-251","tag-br-365","tag-brasilia-de-minas","tag-carlos-adilson-luiz-de-araujo","tag-carreta-carregada-com-tubos-de-aco-tomba-na-br-251","tag-carreta-carregada-de-goiabada","tag-colisao-contra-poste-deixa-dois-feridos-em-montes-claros","tag-colisao-contra-poste-em-montes-claros","tag-coracao-de-jesus","tag-destaque","tag-duas-pessoas-morrem-e-tres-ficam-feridas-em-acidente-na-lmg-654","tag-duas-pessoas-morrem-e-tres-ficam-feridas-em-acidente-na-lmg-654-entre-brasilia-de-minas-e-coracao-de-jesus","tag-entre-brasilia-de-minas-e-coracao-de-jesus","tag-homem-tem-mao-decepada-em-acidente-na-br-365","tag-jequitai","tag-luislandia"],"_links":{"self":[{"href":"https:\/\/aconteceunovale.com.br\/portal\/index.php?rest_route=\/wp\/v2\/posts\/97736","targetHints":{"allow":["GET"]}}],"collection":[{"href":"https:\/\/aconteceunovale.com.br\/portal\/index.php?rest_route=\/wp\/v2\/posts"}],"about":[{"href":"https:\/\/aconteceunovale.com.br\/portal\/index.php?rest_route=\/wp\/v2\/types\/post"}],"author":[{"embeddable":true,"href":"https:\/\/aconteceunovale.com.br\/portal\/index.php?rest_route=\/wp\/v2\/users\/1"}],"replies":[{"embeddable":true,"href":"https:\/\/aconteceunovale.com.br\/portal\/index.php?rest_route=%2Fwp%2Fv2%2Fcomments&post=97736"}],"version-history":[{"count":0,"href":"https:\/\/aconteceunovale.com.br\/portal\/index.php?rest_route=\/wp\/v2\/posts\/97736\/revisions"}],"wp:featuredmedia":[{"embeddable":true,"href":"https:\/\/aconteceunovale.com.br\/portal\/index.php?rest_route=\/wp\/v2\/media\/97739"}],"wp:attachment":[{"href":"https:\/\/aconteceunovale.com.br\/portal\/index.php?rest_route=%2Fwp%2Fv2%2Fmedia&parent=97736"}],"wp:term":[{"taxonomy":"category","embeddable":true,"href":"https:\/\/aconteceunovale.com.br\/portal\/index.php?rest_route=%2Fwp%2Fv2%2Fcategories&post=97736"},{"taxonomy":"post_tag","embeddable":true,"href":"https:\/\/aconteceunovale.com.br\/portal\/index.php?rest_route=%2Fwp%2Fv2%2Ftags&post=97736"}],"curies":[{"name":"wp","href":"https:\/\/api.w.org\/{rel}","templated":true}]}}