{"id":97727,"date":"2016-09-25T12:13:44","date_gmt":"2016-09-25T15:13:44","guid":{"rendered":"http:\/\/aconteceunovale.com.br\/portal\/?p=97727"},"modified":"2016-09-25T12:13:44","modified_gmt":"2016-09-25T15:13:44","slug":"duas-mulheres-ficam-feridas-em-acidente-no-municipio-de-governador-valadares","status":"publish","type":"post","link":"https:\/\/aconteceunovale.com.br\/portal\/?p=97727","title":{"rendered":"Duas mulheres ficam feridas em acidente no munic\u00edpio de Governador Valadares"},"content":{"rendered":"<p>Duas mulheres ficaram feridas em um acidente na MGC-381, em Governador Valadares, no Vale do Rio Doce. O acidente aconteceu nesse s\u00e1bado (24\/09) pr\u00f3ximo ao distrito de S\u00e3o V\u00edtor. Segundo informa\u00e7\u00f5es da Pol\u00edcia Militar (PM), as v\u00edtimas seguiam de carro, quando a condutora perdeu o controle da dire\u00e7\u00e3o. <\/p>\n<p>Em seguida, o autom\u00f3vel saiu da pista e bateu em uma cerca de arame. Ainda de acordo com a PM, as mulheres tiveram ferimentos leves. Elas foram socorridas e levadas para um hospital da cidade.<\/p>\n<p><img decoding=\"async\" src=\"http:\/\/aconteceunovale.com.br\/portal\/wp-content\/uploads\/2016\/09\/acidente_gv_381.jpg\" alt=\"\" \/><em>Carro ficou com a parte da frente danificada (Foto: Washington Luis\/Reprodu\u00e7\u00e3o G1)<\/em><br \/>\n<\/br><\/p>\n<p><em>(Fonte: G1 dos Vales)<\/em><\/p>\n","protected":false},"excerpt":{"rendered":"<p>Duas mulheres ficaram feridas em um acidente na MGC-381, em Governador Valadares, no Vale do Rio Doce. O acidente aconteceu nesse s\u00e1bado (24\/09) pr\u00f3ximo ao distrito de S\u00e3o V\u00edtor. Segundo informa\u00e7\u00f5es da Pol\u00edcia Militar (PM), as v\u00edtimas seguiam de carro, quando a condutora perdeu o controle da dire\u00e7\u00e3o. Em seguida, o autom\u00f3vel saiu da pista [&hellip;]<\/p>\n","protected":false},"author":1,"featured_media":97728,"comment_status":"open","ping_status":"closed","sticky":false,"template":"","format":"standard","meta":{"amp_status":"","footnotes":""},"categories":[121],"tags":[12667,116807,116809,116808,247],"class_list":["post-97727","post","type-post","status-publish","format-standard","has-post-thumbnail","hentry","category-leste","tag-acidente-em-governador-valadares","tag-acidente-na-mgc-381-em-governador-valadares","tag-acidente-perto-de-sao-vitor","tag-duas-mulheres-ficam-feridas-em-acidente-no-municipio-de-governador-valadares","tag-governador-valadares"],"_links":{"self":[{"href":"https:\/\/aconteceunovale.com.br\/portal\/index.php?rest_route=\/wp\/v2\/posts\/97727","targetHints":{"allow":["GET"]}}],"collection":[{"href":"https:\/\/aconteceunovale.com.br\/portal\/index.php?rest_route=\/wp\/v2\/posts"}],"about":[{"href":"https:\/\/aconteceunovale.com.br\/portal\/index.php?rest_route=\/wp\/v2\/types\/post"}],"author":[{"embeddable":true,"href":"https:\/\/aconteceunovale.com.br\/portal\/index.php?rest_route=\/wp\/v2\/users\/1"}],"replies":[{"embeddable":true,"href":"https:\/\/aconteceunovale.com.br\/portal\/index.php?rest_route=%2Fwp%2Fv2%2Fcomments&post=97727"}],"version-history":[{"count":0,"href":"https:\/\/aconteceunovale.com.br\/portal\/index.php?rest_route=\/wp\/v2\/posts\/97727\/revisions"}],"wp:featuredmedia":[{"embeddable":true,"href":"https:\/\/aconteceunovale.com.br\/portal\/index.php?rest_route=\/wp\/v2\/media\/97728"}],"wp:attachment":[{"href":"https:\/\/aconteceunovale.com.br\/portal\/index.php?rest_route=%2Fwp%2Fv2%2Fmedia&parent=97727"}],"wp:term":[{"taxonomy":"category","embeddable":true,"href":"https:\/\/aconteceunovale.com.br\/portal\/index.php?rest_route=%2Fwp%2Fv2%2Fcategories&post=97727"},{"taxonomy":"post_tag","embeddable":true,"href":"https:\/\/aconteceunovale.com.br\/portal\/index.php?rest_route=%2Fwp%2Fv2%2Ftags&post=97727"}],"curies":[{"name":"wp","href":"https:\/\/api.w.org\/{rel}","templated":true}]}}