{"id":97720,"date":"2016-09-25T11:52:53","date_gmt":"2016-09-25T14:52:53","guid":{"rendered":"http:\/\/aconteceunovale.com.br\/portal\/?p=97720"},"modified":"2016-09-25T11:52:53","modified_gmt":"2016-09-25T14:52:53","slug":"arafolia-arrasta-multidao-pelas-ruas-de-aracuai","status":"publish","type":"post","link":"https:\/\/aconteceunovale.com.br\/portal\/?p=97720","title":{"rendered":"Arafolia arrasta multid\u00e3o pelas ruas de Ara\u00e7ua\u00ed"},"content":{"rendered":"<p>Ara\u00e7ua\u00ed, no Vale do Jequitinhonha, iniciou na sexta-feira (23\/09) a tradicional Arafolia, a micareta em comemora\u00e7\u00e3o aos 145 anos de emancipa\u00e7\u00e3o do munic\u00edpio. A festa acontece no centro da cidade e se encerra neste domingo, com show de Avi\u00f5es, Ax\u00e9 Pop e Barco a Vela.<\/p>\n<p>Milhares de pessoas \u2013 a maioria jovem &#8211; abarrotam a Rua Dom Serafim e as pra\u00e7as Duque de Caxias e do F\u00f3rum onde est\u00e3o instalados os camarotes. Tudo na festa gira em torno dos dois trios el\u00e9tricos. O apito inicial \u00e9 dado por volta das 23 horas, quando bandas de apoio seguem o trajeto em um trio, e na volta, a estrela principal retorna na segunda carreta, encerrando a noite.<\/p>\n<p><img decoding=\"async\" src=\"http:\/\/aconteceunovale.com.br\/portal\/wp-content\/uploads\/2016\/09\/arafolia_2016_5.jpg\" alt=\"\" \/><em>Arafolia arrasta multid\u00e3o pelas ruas de Ara\u00e7ua\u00ed (Foto: Divulga\u00e7\u00e3o)<\/em><br \/>\n<\/br><\/p>\n<p>Este ano a folia foi aberta por Bell Marques, ex-vocalista de Chiclete com Banana, que j\u00e1 se apresentou no circuito em anos anteriores. O grupo Jammil e uma Noites foi a principal atra\u00e7\u00e3o de s\u00e1bado.<\/p>\n<p>Pouca seguran\u00e7a, e muita gente sem abad\u00e1 no espa\u00e7o isolado por cordas, foi o assunto mais comentando nas redes sociais, ap\u00f3s o primeiro dia de festa. &#8220;Pagamos para ter a seguran\u00e7a na \u00e1rea isolada pelas cordas e de repente, muita gente que n\u00e3o desembolsou o mesmo que a gente estava tranquilamente no local.&#8221;, reclamou um foli\u00e3o.<\/p>\n<p>Fora da festa, a novidade foi um helic\u00f3ptero que sobrevoou a cidade na tarde de s\u00e1bado, com a marca da Micareta. Os interessados pagavam uma pequena quantia para apreciar a paisagem do munic\u00edpio das alturas.<\/p>\n<p>Neste domingo, a folia come\u00e7a por volta das 16 horas com a banda minasnovense Barco a Vela, segue noite adentro com Avi\u00f5es e ser\u00e1 encerrada na madrugada de segunda-feira com a banda Ax\u00e9 Pop.<\/p>\n<p><img decoding=\"async\" src=\"http:\/\/aconteceunovale.com.br\/portal\/wp-content\/uploads\/2016\/09\/arafolia_2016_3.jpg\" alt=\"\" \/><em>Arafolia arrasta multid\u00e3o pelas ruas de Ara\u00e7ua\u00ed (Foto: Divulga\u00e7\u00e3o)<\/em><br \/>\n<\/br><\/p>\n<p><img decoding=\"async\" src=\"http:\/\/aconteceunovale.com.br\/portal\/wp-content\/uploads\/2016\/09\/arafolia_2016_4.jpg\" alt=\"\" \/><em>Arafolia arrasta multid\u00e3o pelas ruas de Ara\u00e7ua\u00ed (Foto: Divulga\u00e7\u00e3o)<\/em><br \/>\n<\/br><\/p>\n<p><img decoding=\"async\" src=\"http:\/\/aconteceunovale.com.br\/portal\/wp-content\/uploads\/2016\/09\/arafolia_2016_1.jpg\" alt=\"\" \/><em>Cartaz oficial do evento (Foto: Divulga\u00e7\u00e3o)<\/em><br \/>\n<\/br><\/p>\n<p><img decoding=\"async\" src=\"http:\/\/aconteceunovale.com.br\/portal\/wp-content\/uploads\/2016\/09\/arafolia_2016_2.jpg\" alt=\"\" \/><em>Helic\u00f3ptero com marca do evento sobrevoa a cidade (Foto: Divulga\u00e7\u00e3o)<\/em><br \/>\n<\/br><\/p>\n<p>(Gazeta de Ara\u00e7ua\u00ed)<\/p>\n","protected":false},"excerpt":{"rendered":"<p>Ara\u00e7ua\u00ed, no Vale do Jequitinhonha, iniciou na sexta-feira (23\/09) a tradicional Arafolia, a micareta em comemora\u00e7\u00e3o aos 145 anos de emancipa\u00e7\u00e3o do munic\u00edpio. A festa acontece no centro da cidade e se encerra neste domingo, com show de Avi\u00f5es, Ax\u00e9 Pop e Barco a Vela. Milhares de pessoas \u2013 a maioria jovem &#8211; abarrotam a [&hellip;]<\/p>\n","protected":false},"author":1,"featured_media":97725,"comment_status":"open","ping_status":"closed","sticky":false,"template":"","format":"standard","meta":{"amp_status":"","footnotes":""},"categories":[125,120],"tags":[116804,186,16401,106571,116806,116805,106566],"class_list":["post-97720","post","type-post","status-publish","format-standard","has-post-thumbnail","hentry","category-noticias","category-jequi","tag-aniversario-de-aracuai","tag-aracuai","tag-arafolia","tag-arafolia-2016","tag-arafolia-arrasta-multidao-pelas-ruas-de-aracuai","tag-comemoracao-aos-145-anos-de-emancipacao-de-aracuai","tag-micareta-de-aracuai-2016"],"_links":{"self":[{"href":"https:\/\/aconteceunovale.com.br\/portal\/index.php?rest_route=\/wp\/v2\/posts\/97720","targetHints":{"allow":["GET"]}}],"collection":[{"href":"https:\/\/aconteceunovale.com.br\/portal\/index.php?rest_route=\/wp\/v2\/posts"}],"about":[{"href":"https:\/\/aconteceunovale.com.br\/portal\/index.php?rest_route=\/wp\/v2\/types\/post"}],"author":[{"embeddable":true,"href":"https:\/\/aconteceunovale.com.br\/portal\/index.php?rest_route=\/wp\/v2\/users\/1"}],"replies":[{"embeddable":true,"href":"https:\/\/aconteceunovale.com.br\/portal\/index.php?rest_route=%2Fwp%2Fv2%2Fcomments&post=97720"}],"version-history":[{"count":0,"href":"https:\/\/aconteceunovale.com.br\/portal\/index.php?rest_route=\/wp\/v2\/posts\/97720\/revisions"}],"wp:featuredmedia":[{"embeddable":true,"href":"https:\/\/aconteceunovale.com.br\/portal\/index.php?rest_route=\/wp\/v2\/media\/97725"}],"wp:attachment":[{"href":"https:\/\/aconteceunovale.com.br\/portal\/index.php?rest_route=%2Fwp%2Fv2%2Fmedia&parent=97720"}],"wp:term":[{"taxonomy":"category","embeddable":true,"href":"https:\/\/aconteceunovale.com.br\/portal\/index.php?rest_route=%2Fwp%2Fv2%2Fcategories&post=97720"},{"taxonomy":"post_tag","embeddable":true,"href":"https:\/\/aconteceunovale.com.br\/portal\/index.php?rest_route=%2Fwp%2Fv2%2Ftags&post=97720"}],"curies":[{"name":"wp","href":"https:\/\/api.w.org\/{rel}","templated":true}]}}