{"id":97684,"date":"2016-09-24T18:19:25","date_gmt":"2016-09-24T21:19:25","guid":{"rendered":"http:\/\/aconteceunovale.com.br\/portal\/?p=97684"},"modified":"2016-09-24T18:19:25","modified_gmt":"2016-09-24T21:19:25","slug":"policia-prende-autor-de-homicidio-em-sao-francisco","status":"publish","type":"post","link":"https:\/\/aconteceunovale.com.br\/portal\/?p=97684","title":{"rendered":"Pol\u00edcia prende autor de homic\u00eddio em S\u00e3o Francisco"},"content":{"rendered":"<p>Um homem de 25 anos foi assassinado na manh\u00e3 deste s\u00e1bado (24\/09\/2016), em S\u00e3o Francisco, na regi\u00e3o Norte de Minas Gerais. Segundo a Pol\u00edcia Militar (PM), ele teria sido atingido por um disparo de arma de fogo e a principal suspeita \u00e9 que o crime esteja relacionado a desaven\u00e7as por tr\u00e1fico de drogas na cidade. O autor do homic\u00eddio foi preso pelos militares.<\/p>\n<p>Segundo a PM, o homem voltava de Janu\u00e1ria, onde foi ouvido pela pol\u00edcia ap\u00f3s ser detido na noite desta sexta-feira (23) por porte ilegal de arma. Ele teria sido liberado da delegacia na manh\u00e3 deste s\u00e1bado e chegava a S\u00e3o Francisco, quando foi surpreendido pelo autor do crime, por volta das 9h, no Bairro Sagrada Fam\u00edlia. O homem foi morto com um \u00fanico disparo, na altura do tronco.<\/p>\n<p>A pol\u00edcia fez buscas e, ap\u00f3s den\u00fancia, encontrou o autor do crime no mesmo bairro, j\u00e1 na parte da tarde, por volta das 14h30. Com o criminoso, um jovem de 21 anos, a pol\u00edcia apreendeu uma espingarda tipo cartucheira, calibre 28, e na bolsa dele um tablete de maconha pesando mais de 600 gramas.<\/p>\n<p>Ainda segundo a PM, a v\u00edtima do homic\u00eddio \u00e9 conhecida da PM, tendo passagens policiais diversas, entre elas pela Lei Maria da Penha. O autor do disparo, tamb\u00e9m j\u00e1 foi preso outras vezes por diversos crimes, entre eles tentativa de homic\u00eddio e tr\u00e1fico de drogas. O homicida foi conduzido \u00e0 Delegacia de Pol\u00edcia Civil da cidade para demais provid\u00eancias.<\/p>\n<p><img decoding=\"async\" src=\"http:\/\/aconteceunovale.com.br\/portal\/wp-content\/uploads\/2016\/09\/homicidio_sf.jpeg\" alt=\"\" \/><em>Arma usada no crime, apreendida durante a abordagem da PM (Foto: PM\/Divulga\u00e7\u00e3o)<\/em><br \/>\n<\/br><\/p>\n<p><em>(Fonte: G1 Grande Minas)<\/em><\/p>\n","protected":false},"excerpt":{"rendered":"<p>Um homem de 25 anos foi assassinado na manh\u00e3 deste s\u00e1bado (24\/09\/2016), em S\u00e3o Francisco, na regi\u00e3o Norte de Minas Gerais. Segundo a Pol\u00edcia Militar (PM), ele teria sido atingido por um disparo de arma de fogo e a principal suspeita \u00e9 que o crime esteja relacionado a desaven\u00e7as por tr\u00e1fico de drogas na cidade. [&hellip;]<\/p>\n","protected":false},"author":1,"featured_media":97685,"comment_status":"open","ping_status":"closed","sticky":false,"template":"","format":"standard","meta":{"amp_status":"","footnotes":""},"categories":[1236],"tags":[116733,116734,116732,205,56319,116731,84142,1522,107216],"class_list":["post-97684","post","type-post","status-publish","format-standard","has-post-thumbnail","hentry","category-norte_de_minas","tag-assassinado-em-sao-francisco","tag-assassinato-em-sao-francisco","tag-homicidio-em-sao-francisco","tag-januaria","tag-morte-em-sao-francisco","tag-policia-prende-autor-de-homicidio-em-sao-francisco","tag-preso-em-sao-francisco","tag-sao-francisco","tag-violencia-sao-francisco"],"_links":{"self":[{"href":"https:\/\/aconteceunovale.com.br\/portal\/index.php?rest_route=\/wp\/v2\/posts\/97684","targetHints":{"allow":["GET"]}}],"collection":[{"href":"https:\/\/aconteceunovale.com.br\/portal\/index.php?rest_route=\/wp\/v2\/posts"}],"about":[{"href":"https:\/\/aconteceunovale.com.br\/portal\/index.php?rest_route=\/wp\/v2\/types\/post"}],"author":[{"embeddable":true,"href":"https:\/\/aconteceunovale.com.br\/portal\/index.php?rest_route=\/wp\/v2\/users\/1"}],"replies":[{"embeddable":true,"href":"https:\/\/aconteceunovale.com.br\/portal\/index.php?rest_route=%2Fwp%2Fv2%2Fcomments&post=97684"}],"version-history":[{"count":0,"href":"https:\/\/aconteceunovale.com.br\/portal\/index.php?rest_route=\/wp\/v2\/posts\/97684\/revisions"}],"wp:featuredmedia":[{"embeddable":true,"href":"https:\/\/aconteceunovale.com.br\/portal\/index.php?rest_route=\/wp\/v2\/media\/97685"}],"wp:attachment":[{"href":"https:\/\/aconteceunovale.com.br\/portal\/index.php?rest_route=%2Fwp%2Fv2%2Fmedia&parent=97684"}],"wp:term":[{"taxonomy":"category","embeddable":true,"href":"https:\/\/aconteceunovale.com.br\/portal\/index.php?rest_route=%2Fwp%2Fv2%2Fcategories&post=97684"},{"taxonomy":"post_tag","embeddable":true,"href":"https:\/\/aconteceunovale.com.br\/portal\/index.php?rest_route=%2Fwp%2Fv2%2Ftags&post=97684"}],"curies":[{"name":"wp","href":"https:\/\/api.w.org\/{rel}","templated":true}]}}