{"id":97632,"date":"2016-09-23T17:28:43","date_gmt":"2016-09-23T20:28:43","guid":{"rendered":"http:\/\/aconteceunovale.com.br\/portal\/?p=97632"},"modified":"2016-09-23T17:28:43","modified_gmt":"2016-09-23T20:28:43","slug":"policia-prende-suspeito-de-participacao-em-crime-barbaro-em-coronel-fabriciano","status":"publish","type":"post","link":"https:\/\/aconteceunovale.com.br\/portal\/?p=97632","title":{"rendered":"Pol\u00edcia prende suspeito de participa\u00e7\u00e3o em crime b\u00e1rbaro em Coronel Fabriciano"},"content":{"rendered":"<p>A Pol\u00edcia Militar (PM) prendeu um homem de 25 anos, na tarde desta sexta-feira (23\/09\/2016), no Bairro Surinan, em Coronel Fabriciano, suspeito de ter participado da morte de uma jovem de 22 anos. O crime ocorreu no dia 27 de abril, no Bairro S\u00e3o Geraldo, quando a v\u00edtima voltava da escola. Ranielle Nascimento Santos foi assassinada a tiros e, em seguida, carbonizada.<\/p>\n<p>Ap\u00f3s den\u00fancias, a PM foi at\u00e9 a casa do suspeito nesta sexta-feira. O rapaz tentou fugir pela janela dos fundos da resid\u00eancia, quando avistou a viatura, mas foi detido pelos policiais. De acordo com os militares, outro suspeito de participar do crime foi identificado, mas ainda n\u00e3o foi localizado. O homem foi encaminhado para a delegacia de Coronel Fabriciano.<\/p>\n<p><strong>Entenda o caso<\/strong><\/p>\n<p>Na noite do dia 27 de abril, testemunhas informaram \u00e0 PM que ouviram v\u00e1rios tiros e, ao sa\u00edrem na rua, encontraram o corpo da v\u00edtima em chamas. Tr\u00eas homens foram vistos no local e fugiram assim que perceberam a presen\u00e7a dos moradores.<\/p>\n<p>A per\u00edcia da Pol\u00edcia Civil constatou que, antes de ter o corpo queimado, a jovem foi atingida por v\u00e1rios tiros na cabe\u00e7a. Horas ap\u00f3s o crime, a PM recebeu den\u00fancias an\u00f4nimas com identifica\u00e7\u00e3o de tr\u00eas suspeitos do assassinato; um deles, de 23 anos, foi preso.<\/p>\n<p>No fim da tarde do dia 28 de abril, a PM apreendeu ainda quatro menores, suspeitos de participa\u00e7\u00e3o no assassinato. A motiva\u00e7\u00e3o do crime ainda n\u00e3o foi esclarecida. A pol\u00edcia informou que a v\u00edtima n\u00e3o tinha passagens criminais.<\/p>\n<p><strong>Opera\u00e7\u00e3o<\/strong><\/p>\n<p>A pris\u00e3o do homem faz parte da opera\u00e7\u00e3o Alferes Tiradentes, iniciada na manh\u00e3 desta sexta-feira, em 97 cidades do Leste Minas. A opera\u00e7\u00e3o ainda est\u00e1 em andamento e, at\u00e9 a publica\u00e7\u00e3o desta mat\u00e9ria, a a\u00e7\u00e3o contabilizava cinco pris\u00f5es, tr\u00eas menores detidos, al\u00e9m da apreens\u00e3o de cinco armas de fogo, 1kg de maconha, quatro ve\u00edculos e muni\u00e7\u00f5es.<\/p>\n<p><img decoding=\"async\" src=\"http:\/\/aconteceunovale.com.br\/portal\/wp-content\/uploads\/2016\/04\/homicidio_fabriciano.jpg\" alt=\"\" \/><em>Ranielle foi executada no bairro S\u00e3o Geraldo (Foto: Plant\u00e3o Policial Ipatinga)<\/em><br \/>\n<\/br><\/p>\n<p><em>(Fonte: G1 dos Vales)<\/em><\/p>\n","protected":false},"excerpt":{"rendered":"<p>A Pol\u00edcia Militar (PM) prendeu um homem de 25 anos, na tarde desta sexta-feira (23\/09\/2016), no Bairro Surinan, em Coronel Fabriciano, suspeito de ter participado da morte de uma jovem de 22 anos. O crime ocorreu no dia 27 de abril, no Bairro S\u00e3o Geraldo, quando a v\u00edtima voltava da escola. Ranielle Nascimento Santos foi [&hellip;]<\/p>\n","protected":false},"author":1,"featured_media":85475,"comment_status":"open","ping_status":"closed","sticky":false,"template":"","format":"standard","meta":{"amp_status":"","footnotes":""},"categories":[121],"tags":[82085,1524,90929,90923,90927,90924,90926,90928,82084,91332,90925,116664,89206,116663,90922,85242],"class_list":["post-97632","post","type-post","status-publish","format-standard","has-post-thumbnail","hentry","category-leste","tag-assassinato-coronel-fabriciano","tag-coronel-fabriciano","tag-crime-barbaro-choca-cidade-de-coronel-fabriciano","tag-crime-barbaro-coronel-fabriciano","tag-crime-cruel-coronel-fabriciano","tag-estudante-morta-coronel-fabriciano","tag-estudante-queimada-coronel-fabriciano","tag-gerson-reis-de-paulo","tag-homicidio-coronel-fabriciano","tag-jovem-foi-executada-em-coronel-fabriciano-por-manter-um-bom-relacionamento-com-a-policia","tag-mulher-queimada-coronel-fabriciano","tag-policia-prende-suspeito-de-participacao-em-crime-barbaro-em-coronel-fabriciano","tag-preso-em-coronel-fabriciano","tag-preso-por-homicidio-em-coronel-fabriciano","tag-ranielle-nascimento-santos","tag-violencia-coronel-fabriciano"],"_links":{"self":[{"href":"https:\/\/aconteceunovale.com.br\/portal\/index.php?rest_route=\/wp\/v2\/posts\/97632","targetHints":{"allow":["GET"]}}],"collection":[{"href":"https:\/\/aconteceunovale.com.br\/portal\/index.php?rest_route=\/wp\/v2\/posts"}],"about":[{"href":"https:\/\/aconteceunovale.com.br\/portal\/index.php?rest_route=\/wp\/v2\/types\/post"}],"author":[{"embeddable":true,"href":"https:\/\/aconteceunovale.com.br\/portal\/index.php?rest_route=\/wp\/v2\/users\/1"}],"replies":[{"embeddable":true,"href":"https:\/\/aconteceunovale.com.br\/portal\/index.php?rest_route=%2Fwp%2Fv2%2Fcomments&post=97632"}],"version-history":[{"count":0,"href":"https:\/\/aconteceunovale.com.br\/portal\/index.php?rest_route=\/wp\/v2\/posts\/97632\/revisions"}],"wp:featuredmedia":[{"embeddable":true,"href":"https:\/\/aconteceunovale.com.br\/portal\/index.php?rest_route=\/wp\/v2\/media\/85475"}],"wp:attachment":[{"href":"https:\/\/aconteceunovale.com.br\/portal\/index.php?rest_route=%2Fwp%2Fv2%2Fmedia&parent=97632"}],"wp:term":[{"taxonomy":"category","embeddable":true,"href":"https:\/\/aconteceunovale.com.br\/portal\/index.php?rest_route=%2Fwp%2Fv2%2Fcategories&post=97632"},{"taxonomy":"post_tag","embeddable":true,"href":"https:\/\/aconteceunovale.com.br\/portal\/index.php?rest_route=%2Fwp%2Fv2%2Ftags&post=97632"}],"curies":[{"name":"wp","href":"https:\/\/api.w.org\/{rel}","templated":true}]}}