{"id":97559,"date":"2016-09-22T22:45:26","date_gmt":"2016-09-23T01:45:26","guid":{"rendered":"http:\/\/aconteceunovale.com.br\/portal\/?p=97559"},"modified":"2016-09-22T22:45:26","modified_gmt":"2016-09-23T01:45:26","slug":"acidente-entre-moto-e-carreta-deixa-dois-mortos-na-br-381-em-governador-valadares","status":"publish","type":"post","link":"https:\/\/aconteceunovale.com.br\/portal\/?p=97559","title":{"rendered":"Acidente entre moto e carreta deixa dois mortos na BR-381, em Governador Valadares"},"content":{"rendered":"<p>Um casal morreu em um acidente na tarde desta quinta-feira, 22 de setembro de 2016, na BR-381, pr\u00f3ximo ao distrito de Baguari, munic\u00edpio de Governador Valadares, na regi\u00e3o do Vale do Rio Doce.  Segundo informa\u00e7\u00f5es da Pol\u00edcia Rodovi\u00e1ria Federal (PRF), as duas v\u00edtimas estavam em uma motocicleta, que foi atingida por uma carreta.<\/p>\n<p>Ainda de acordo com a PRF, o pneu da moto estourou, fazendo com que o piloto perdesse o controle da dire\u00e7\u00e3o e entrasse debaixo da carreta, que transitava em sentido oposto.<\/p>\n<p>O homem e a mulher n\u00e3o resistiram aos graves ferimentos e morreram no local. A Per\u00edcia T\u00e9cnica da Pol\u00edcia Civil foi acionada e ap\u00f3s os trabalhos de praxe, os corpos foram removidos ao Instituto M\u00e9dico Legal (IML). <\/p>\n<p><img decoding=\"async\" src=\"http:\/\/aconteceunovale.com.br\/portal\/wp-content\/uploads\/2016\/09\/acidente_carreta_gv_1.jpg\" alt=\"\" \/><em>Acidente aconteceu pr\u00f3ximo ao distrito de Baguari (Foto: Reprodu\u00e7\u00e3o\/WhatsApp)<\/em><br \/>\n<\/br><\/p>\n<p><img decoding=\"async\" src=\"http:\/\/aconteceunovale.com.br\/portal\/wp-content\/uploads\/2016\/09\/acidente_carreta_gv_2.jpg\" alt=\"\" \/><em>Acidente aconteceu pr\u00f3ximo ao distrito de Baguari (Foto: Roberto Higino\/Reprodu\u00e7\u00e3o G1)<\/em><br \/>\n<\/br><\/p>\n<p><em>(Com informa\u00e7\u00f5es do G1 dos Vales)<\/em><\/p>\n","protected":false},"excerpt":{"rendered":"<p>Um casal morreu em um acidente na tarde desta quinta-feira, 22 de setembro de 2016, na BR-381, pr\u00f3ximo ao distrito de Baguari, munic\u00edpio de Governador Valadares, na regi\u00e3o do Vale do Rio Doce. Segundo informa\u00e7\u00f5es da Pol\u00edcia Rodovi\u00e1ria Federal (PRF), as duas v\u00edtimas estavam em uma motocicleta, que foi atingida por uma carreta. Ainda de [&hellip;]<\/p>\n","protected":false},"author":1,"featured_media":97560,"comment_status":"open","ping_status":"closed","sticky":false,"template":"","format":"standard","meta":{"amp_status":"","footnotes":""},"categories":[121],"tags":[116487,116486,12667,116489,116490,87575,89213,116488,116485,1397,66364,247,116484],"class_list":["post-97559","post","type-post","status-publish","format-standard","has-post-thumbnail","hentry","category-leste","tag-acidente-br-381-em-governador-valadares","tag-acidente-carreta-tne-transportes","tag-acidente-em-governador-valadares","tag-acidente-entre-moto-e-carreta-deixa-dois-mortos-na-br-381","tag-acidente-entre-moto-e-carreta-deixa-dois-mortos-na-br-381-em-governador-valadares","tag-acidente-no-municipio-de-governador-valadares","tag-acidente-perto-de-governador-valadares","tag-acidente-proximo-ao-distrito-de-baguari","tag-acidente-tne-transportes","tag-br-381","tag-em-governador-valadares","tag-governador-valadares","tag-tne-transportes"],"_links":{"self":[{"href":"https:\/\/aconteceunovale.com.br\/portal\/index.php?rest_route=\/wp\/v2\/posts\/97559","targetHints":{"allow":["GET"]}}],"collection":[{"href":"https:\/\/aconteceunovale.com.br\/portal\/index.php?rest_route=\/wp\/v2\/posts"}],"about":[{"href":"https:\/\/aconteceunovale.com.br\/portal\/index.php?rest_route=\/wp\/v2\/types\/post"}],"author":[{"embeddable":true,"href":"https:\/\/aconteceunovale.com.br\/portal\/index.php?rest_route=\/wp\/v2\/users\/1"}],"replies":[{"embeddable":true,"href":"https:\/\/aconteceunovale.com.br\/portal\/index.php?rest_route=%2Fwp%2Fv2%2Fcomments&post=97559"}],"version-history":[{"count":0,"href":"https:\/\/aconteceunovale.com.br\/portal\/index.php?rest_route=\/wp\/v2\/posts\/97559\/revisions"}],"wp:featuredmedia":[{"embeddable":true,"href":"https:\/\/aconteceunovale.com.br\/portal\/index.php?rest_route=\/wp\/v2\/media\/97560"}],"wp:attachment":[{"href":"https:\/\/aconteceunovale.com.br\/portal\/index.php?rest_route=%2Fwp%2Fv2%2Fmedia&parent=97559"}],"wp:term":[{"taxonomy":"category","embeddable":true,"href":"https:\/\/aconteceunovale.com.br\/portal\/index.php?rest_route=%2Fwp%2Fv2%2Fcategories&post=97559"},{"taxonomy":"post_tag","embeddable":true,"href":"https:\/\/aconteceunovale.com.br\/portal\/index.php?rest_route=%2Fwp%2Fv2%2Ftags&post=97559"}],"curies":[{"name":"wp","href":"https:\/\/api.w.org\/{rel}","templated":true}]}}