{"id":97543,"date":"2016-09-22T21:13:02","date_gmt":"2016-09-23T00:13:02","guid":{"rendered":"http:\/\/aconteceunovale.com.br\/portal\/?p=97543"},"modified":"2016-09-22T21:13:02","modified_gmt":"2016-09-23T00:13:02","slug":"aos-145-anos-aracuai-faz-homenagem-ao-vale-do-jequitinhonha-em-desfile-de-aniversario","status":"publish","type":"post","link":"https:\/\/aconteceunovale.com.br\/portal\/?p=97543","title":{"rendered":"Aos 145 anos, Ara\u00e7ua\u00ed faz homenagem ao Vale do Jequitinhonha em desfile de anivers\u00e1rio"},"content":{"rendered":"<p>O desfile em comemora\u00e7\u00e3o ao anivers\u00e1rio dos 145 anos de emancipa\u00e7\u00e3o de Ara\u00e7ua\u00ed, no Vale do Jequitinhonha, reuniu pelo menos tr\u00eas mil pessoas na manh\u00e3 desta quarta-feira (21\/09\/2016), no Centro da cidade, segundo estimativa feita pelos organizadores. O ato c\u00edvico ocorreu das 8h30 \u00e0s 11h00, no trecho entre a Rua Dom Serafim at\u00e9 a Pra\u00e7a do F\u00f3rum, onde foram encerradas as festividades.<\/p>\n<p>O tema escolhido para este ano foi a hist\u00f3ria do Vale do Jequitinhonha e de seus munic\u00edpios, desenvolvido pelos alunos das escolas estaduais, municipais, particulares e entidades que atuam em Ara\u00e7ua\u00ed. Alunos do Instituto Federal Norte de Minas Gerais (IFNMG), \u00fanica escola federal do munic\u00edpio, tamb\u00e9m estiveram presentes.<\/p>\n<p>\u201cFoi lindo, maravilhoso. Gostei de tudo. Dos \u00edndios aos bandeirantes, dos canoeiros, garimpeiros, lavadeiras, artes\u00e3os, a hist\u00f3ria de Chica da Silva, e todo o enredo do desfile. Todos os anos, saio de Belo Horizonte, nesta \u00e9poca, para assistir ao desfile. Falam que o Vale \u00e9 da pobreza, mas isso aqui \u00e9 de uma riqueza que poucos conhecem\u201d, destacou Ang\u00e9lica Onnis Chiesa, 72 anos, filha do construtor e imigrante italiano, Francisco Onnis, respons\u00e1vel pela constru\u00e7\u00e3o de importantes pr\u00e9dios hist\u00f3ricos do Vale do Jequitinhonha, a exemplo do Col\u00e9gio Nazareth e igreja Matriz em Ara\u00e7ua\u00ed.<\/p>\n<p>Fanfarras das cidades de Ara\u00e7ua\u00ed, Francisco Badar\u00f3, Jequitinhonha, Virgem da Lapa e Itinga deram o tom da marcha. O desfile foi aberto por um grupo de adolescentes, representando as araras, que simbolizam Ara\u00e7ua\u00ed. Toda a arte, cultura, turismo, desenvolvimento econ\u00f4mico, religiosidade, tradi\u00e7\u00e3o e magia do Vale do Jequitinhonha foram expostos pelos estudantes.<\/p>\n<p>A dona de casa Rosilene da Silva Carvalho, de 30 anos, levou  o sobrinho de 5 meses para apreciar o desfile. \u201cLindo!\u201d, disse ela.<\/p>\n<p>\u201cFoi o desfile mais bonito em comemora\u00e7\u00e3o ao anivers\u00e1rio de Ara\u00e7ua\u00ed, que j\u00e1 assisti. Fiquei emocionado com as m\u00fasicas antigas dos anos 40, 50, tocadas pelas bandas, que lembram o tempo  do meu pai\u201d, destacou o m\u00e9dico e professor de cirurgia da UFMG, Jansen Tanure, filho do lugar.<\/p>\n<p><img decoding=\"async\" src=\"http:\/\/aconteceunovale.com.br\/portal\/wp-content\/uploads\/2016\/09\/145_anos_aracuai_1.jpg\" alt=\"\" \/><em>Ara\u00e7ua\u00ed completou 145 anos de emancipa\u00e7\u00e3o (Reprodu\u00e7\u00e3o\/Gazeta de Ara\u00e7ua\u00ed)<\/em><br \/>\n<\/br><\/p>\n<p><strong>Ara\u00e7ua\u00ed, terra de contrastes<\/strong><\/p>\n<p>Pelas ruas de Ara\u00e7ua\u00ed, cidade do M\u00e9dio Jequitinhonha, com os  mais baixos indicadores sociais de Minas Gerais, os contrastes s\u00e3o facilmente identificados. Do solo do munic\u00edpio s\u00e3o retiradas pedras preciosas, como feldspato, l\u00edtio, mica, ni\u00f3bio, t\u00e2ntalo, quartzo, entre outros.<\/p>\n<p>Com pouco mais de 37 mil habitantes e convivendo com a minera\u00e7\u00e3o desde o s\u00e9culo 18, o munic\u00edpio enfrenta desafios, como a falta de capacita\u00e7\u00e3o para a m\u00e3o de obra local, falta de saneamento b\u00e1sico e enfrentamento ao crescimento da viol\u00eancia, desemprego, prostitui\u00e7\u00e3o e tr\u00e1fico de drogas.<\/p>\n<p>A escalada da criminalidade tem deixado os moradores assustados. Somente nos primeiros quatro meses de 2015, 56 crimes violentos foram cometidos o que representa 57% do que foi registrado em todo ano de 2014, de acordo com dados da Secretaria de Estado de Desenvolvimento Social de Minas Gerais.<\/p>\n<p>Mesmo com uma atividade econ\u00f4mica ativa, Ara\u00e7ua\u00ed depende de conv\u00eanios e repasses dos governos federal e estadual. O mau estado de conserva\u00e7\u00e3o de ruas, estradas, esgotos a c\u00e9u aberto e falta de pol\u00edticas p\u00fablicas voltadas para a inf\u00e2ncia e juventude tamb\u00e9m joga contra o desenvolvimento da cidade.<\/p>\n<p>O crescimento desordenado aumentou a demanda por servi\u00e7os p\u00fablicos. Bairros foram criados sem rede de esgoto e pavimenta\u00e7\u00e3o de ruas.<\/p>\n<p>Na Educa\u00e7\u00e3o, a cidade abriga a sede da Superintend\u00eancia Regional de Ensino, que atende a 21 munic\u00edpios  da regi\u00e3o. A prefeitura possui tr\u00eas escolas urbanas e 18 escolas rurais, seis escolas da rede estadual de ensino m\u00e9dio e cinco de educa\u00e7\u00e3o b\u00e1sica, al\u00e9m do campus do Instituto Federal do Norte de Minas Gerais (IFNMG), Universidade Aberta do Brasil (UAB) e aguarda a implanta\u00e7\u00e3o de um campus da Universidade Federal dos Vales do Jequitinhonha e Mucuri (UFVJM).<\/p>\n<p>A pr\u00e1tica esportiva e o lazer em Ara\u00e7ua\u00ed ocorrem em um campo de futebol, dois gin\u00e1sios poliesportivos (um particular e outro p\u00fablico), quatro quadras poliesportivas, uma pista de caminhada e duas academias de sa\u00fade instaladas em pra\u00e7a p\u00fablica.<\/p>\n<p>A cidade conta com dois clubes, uma barragem (do Calhauzinho) e \u00e9 cortada pelo Rio Ara\u00e7ua\u00ed, al\u00e9m dos c\u00f3rregos do Calhauzinho e Gravat\u00e1 que proporcionam lazer por meio do turismo rural e cultural.<\/p>\n<p>Com uma \u00e1rea de 2.326 km\u00b2 e cerca de 70 comunidades rurais, aos 145 anos, Ara\u00e7ua\u00ed apresenta problemas que se estendem h\u00e1 anos. A falta de um plano diretor favorece desigualdades e desordenamento urbano e um crescimento sem lei.<\/p>\n<p><strong>Hist\u00f3ria do Vale<\/strong><\/p>\n<p>O Vale do Jequitinhonha \u00e9 uma das doze mesorregi\u00f5es do estado brasileiro de Minas Gerais. \u00c9 formada pela uni\u00e3o de 51  munic\u00edpios agrupados em cinco microrregi\u00f5es.<\/p>\n<p>Est\u00e1 situado no nordeste do estado. \u00c9 uma regi\u00e3o amplamente conhecida devido aos seus baixos indicadores sociais e tamb\u00e9m ao norte \u00e9 conhecida por ter caracter\u00edsticas do sert\u00e3o nordestino. Por outro lado, \u00e9 detentora de exuberante beleza natural e de riqueza cultural, com tra\u00e7os sobreviventes da cultura ind\u00edgena e da cultura negra.<\/p>\n<p>A regi\u00e3o, que inicialmente pertenceu \u00e0 Bahia (at\u00e9 o final do s\u00e9culo XVIII), foi incorporada ao estado de Minas Gerais, ap\u00f3s a descoberta de diamantes no tijuco (hoje regi\u00e3o de Diamantina).<\/p>\n<p>Virtualmente, \u00e9 subdivida em tr\u00eas regi\u00f5es: Baixo Jequitinhonha (\u00e1rea mais pr\u00f3xima \u00e0 Bahia), M\u00e9dio Jequitinhonha (parte m\u00e9dia do Vale) e Alto Jequitinhonha (regi\u00e3o mais pr\u00f3xima da Metropolitana de Belo Horizonte, apresentando os melhores indicadores humanos e econ\u00f4micos do Vale).<\/p>\n<p>Nos \u00faltimos anos, o Alto Jequitinhonha vem se desenhando por  ser uma regi\u00e3o com bons indicadores humanos e econ\u00f4micos, sendo projetados, para os pr\u00f3ximos anos, indicadores sociais melhores que a m\u00e9dia de Minas Gerais e do Brasil.<\/p>\n<p><strong>Vale do Jequitinhonha em dados<\/strong><\/p>\n<p>Banhado pelo Rio Jequitinhonha, o Vale do Jequitinhonha ocupa uma \u00e1rea de 79.552 km\u00b2, com uma popula\u00e7\u00e3o de aproximadamente  1 milh\u00e3o de habitantes, sendo que mais de dois ter\u00e7os dela vive na zona rural.<\/p>\n<p>\u00c9 composto, hoje, por 51 munic\u00edpios. V\u00e1rios diagn\u00f3sticos convergem em assinalar que as restri\u00e7\u00f5es h\u00eddricas e as secas peri\u00f3dicas s\u00e3o fatores cruciais para o baixo desempenho da agropecu\u00e1ria, que mesmo assim ainda responde por 30% do PIB regional.<\/p>\n<p><strong>Como realmente \u00e9<\/strong><\/p>\n<p>O que n\u00e3o se imagina \u00e9 que, por outro lado, o Vale do Jequitinhonha \u00e9 detentor de grande e exuberante potencial natural e vasta riqueza cultural, com tra\u00e7os sobreviventes da cultura ind\u00edgena e da cultura negra.<\/p>\n<p>Sob uma \u00f3tica mais justa, a \u00e1rea n\u00e3o apresenta o grau de extrema pobreza que normalmente \u00e9 divulgado: segundo o Diagn\u00f3stico Ambiental da Bacia do Rio Jequitinhonha desenvolvido pelo IBGE, os solos da regi\u00e3o s\u00e3o profundos, com boa textura e com condi\u00e7\u00f5es de mecaniza\u00e7\u00e3o, a infraestrutura vi\u00e1ria \u00e9 regular, e apesar da car\u00eancia de investimentos em sa\u00fade e saneamento, existem centros de sa\u00fade em todos os munic\u00edpios.<\/p>\n<p>O Vale do Jequitinhonha \u00e9 uma regi\u00e3o marcada pelo contraste. Por um lado, grande parte de sua popula\u00e7\u00e3o vive em extrema pobreza e seu meio ambiente  vem sistematicamente sendo agredido pelas atividades mineradoras, de carvoaria e pelo uso indiscriminado do fogo pela agricultura familiar. Por outro lado, s\u00e3o not\u00f3rias as riquezas do subsolo, promissor em recursos minerais, de seu patrim\u00f4nio hist\u00f3rico-cultural, refer\u00eancia para Minas Gerais e para o Brasil, de seu artesanato diversificado e de seus atrativos tur\u00edsticos.<\/p>\n<h4><strong>Fotos do desfile<\/strong><\/h4>\n<p><img decoding=\"async\" src=\"http:\/\/aconteceunovale.com.br\/portal\/wp-content\/uploads\/2016\/09\/145_anos_aracuai_2.jpg\" alt=\"\" \/><em>Filarm\u00f4nicas de cidades vizinhas abrilhantaram o desfile (Reprodu\u00e7\u00e3o\/Gazeta de Ara\u00e7ua\u00ed)<\/em><br \/>\n<\/br><\/p>\n<p><img decoding=\"async\" src=\"http:\/\/aconteceunovale.com.br\/portal\/wp-content\/uploads\/2016\/09\/145_anos_aracuai_3.jpg\" alt=\"\" \/><em>Escolas mostraram a religiosidade do povo do Vale (Reprodu\u00e7\u00e3o\/Gazeta de Ara\u00e7ua\u00ed)<\/em><br \/>\n<\/br><\/p>\n<p><img decoding=\"async\" src=\"http:\/\/aconteceunovale.com.br\/portal\/wp-content\/uploads\/2016\/09\/145_anos_aracuai_4.jpg\" alt=\"\" \/><em>Presen\u00e7a ind\u00edgena no Jequitinhonha n\u00e3o foi esquecida (Reprodu\u00e7\u00e3o\/Gazeta de Ara\u00e7ua\u00ed)<\/em><br \/>\n<\/br><\/p>\n<p><img decoding=\"async\" src=\"http:\/\/aconteceunovale.com.br\/portal\/wp-content\/uploads\/2016\/09\/145_anos_aracuai_5.jpg\" alt=\"\" \/><em>Fanfarras animaram o desfile (Reprodu\u00e7\u00e3o\/Gazeta de Ara\u00e7ua\u00ed)<\/em><br \/>\n<\/br><\/p>\n<p><img decoding=\"async\" src=\"http:\/\/aconteceunovale.com.br\/portal\/wp-content\/uploads\/2016\/09\/145_anos_aracuai_6.jpg\" alt=\"\" \/><em>Arara \u00e9 o simbolo de Ara\u00e7ua\u00ed (Reprodu\u00e7\u00e3o\/Gazeta de Ara\u00e7ua\u00ed)<\/em><br \/>\n<\/br><\/p>\n<p><img decoding=\"async\" src=\"http:\/\/aconteceunovale.com.br\/portal\/wp-content\/uploads\/2016\/09\/145_anos_aracuai_7.jpg\" alt=\"\" \/><em>Boi Janeiro e Bumba meu Boi, representaram Pedra Azul (Reprodu\u00e7\u00e3o\/Gazeta de Ara\u00e7ua\u00ed)<\/em><br \/>\n<\/br><\/p>\n<p><img decoding=\"async\" src=\"http:\/\/aconteceunovale.com.br\/portal\/wp-content\/uploads\/2016\/09\/145_anos_aracuai_8.jpg\" alt=\"\" \/><em>O papel das lavadeiras tamb\u00e9m foi lembrado (Reprodu\u00e7\u00e3o\/Gazeta de Ara\u00e7ua\u00ed)<\/em><br \/>\n<\/br><\/p>\n<p><img decoding=\"async\" src=\"http:\/\/aconteceunovale.com.br\/portal\/wp-content\/uploads\/2016\/09\/145_anos_aracuai_9.jpg\" alt=\"\" \/><em>Alegoria de cobra sucuri representa a funda\u00e7\u00e3o de Francisco Badar\u00f3 (Reprodu\u00e7\u00e3o\/Gazeta de Ara\u00e7ua\u00ed)<\/em><br \/>\n<\/br><\/p>\n<p><img decoding=\"async\" src=\"http:\/\/aconteceunovale.com.br\/portal\/wp-content\/uploads\/2016\/09\/145_anos_aracuai_10.jpg\" alt=\"\" \/><em>As bonecas de Dona Izabel representaram Ponto dos Volantes (Reprodu\u00e7\u00e3o\/Gazeta de Ara\u00e7ua\u00ed)<\/em><br \/>\n<\/br><\/p>\n<p><img decoding=\"async\" src=\"http:\/\/aconteceunovale.com.br\/portal\/wp-content\/uploads\/2016\/09\/145_anos_aracuai_11.jpg\" alt=\"\" \/><em>Criatividade e bom gosto marcaram o desfile (Reprodu\u00e7\u00e3o\/Gazeta de Ara\u00e7ua\u00ed)<\/em><br \/>\n<\/br><\/p>\n<p><img decoding=\"async\" src=\"http:\/\/aconteceunovale.com.br\/portal\/wp-content\/uploads\/2016\/09\/145_anos_aracuai_12.jpg\" alt=\"\" \/><em>Diamantina levou a hist\u00f3ria de Chica da Silva e JK (Reprodu\u00e7\u00e3o\/Gazeta de Ara\u00e7ua\u00ed)<\/em><br \/>\n<\/br><\/p>\n<p><img decoding=\"async\" src=\"http:\/\/aconteceunovale.com.br\/portal\/wp-content\/uploads\/2016\/09\/145_anos_aracuai_13.jpg\" alt=\"\" \/><em>Escravid\u00e3o marcou hist\u00f3ria de coloniza\u00e7\u00e3o do Vale (Reprodu\u00e7\u00e3o\/Gazeta de Ara\u00e7ua\u00ed)<\/em><br \/>\n<\/br><\/p>\n<p><img decoding=\"async\" src=\"http:\/\/aconteceunovale.com.br\/portal\/wp-content\/uploads\/2016\/09\/145_anos_aracuai_14.jpg\" alt=\"\" \/><em>Itinga tamb\u00e9m ganhou homenagem (Reprodu\u00e7\u00e3o\/Gazeta de Ara\u00e7ua\u00ed)<\/em><br \/>\n<\/br><\/p>\n<p><em>(Fonte: Gazeta de Ara\u00e7ua\u00ed)<\/em><\/p>\n","protected":false},"excerpt":{"rendered":"<p>O desfile em comemora\u00e7\u00e3o ao anivers\u00e1rio dos 145 anos de emancipa\u00e7\u00e3o de Ara\u00e7ua\u00ed, no Vale do Jequitinhonha, reuniu pelo menos tr\u00eas mil pessoas na manh\u00e3 desta quarta-feira (21\/09\/2016), no Centro da cidade, segundo estimativa feita pelos organizadores. O ato c\u00edvico ocorreu das 8h30 \u00e0s 11h00, no trecho entre a Rua Dom Serafim at\u00e9 a Pra\u00e7a [&hellip;]<\/p>\n","protected":false},"author":1,"featured_media":97544,"comment_status":"open","ping_status":"closed","sticky":false,"template":"","format":"standard","meta":{"amp_status":"","footnotes":""},"categories":[120],"tags":[116480,116479,116482,186,116483,116478,116477,1018,116481,187,64294,189,34252,482],"class_list":["post-97543","post","type-post","status-publish","format-standard","has-post-thumbnail","hentry","category-jequi","tag-145-anos-de-emancipacao-de-aracuai","tag-aniversario-dos-145-anos-de-emancipacao-de-aracuai","tag-aos-145-anos","tag-aracuai","tag-aracuai-faz-homenagem-ao-vale-do-jequitinhonha-em-desfile-de-aniversario","tag-comemoracao-ao-aniversario-dos-145-anos-de-emancipacao-de-aracuai","tag-desfile-em-comemoracao-ao-aniversario-dos-145-anos-de-emancipacao-de-aracuai","tag-destaque","tag-emancipacao-de-aracuai","tag-francisco-badaro","tag-historia-do-vale-do-jequitinhonha","tag-itinga","tag-jequitinhonha","tag-virgem-da-lapa"],"_links":{"self":[{"href":"https:\/\/aconteceunovale.com.br\/portal\/index.php?rest_route=\/wp\/v2\/posts\/97543","targetHints":{"allow":["GET"]}}],"collection":[{"href":"https:\/\/aconteceunovale.com.br\/portal\/index.php?rest_route=\/wp\/v2\/posts"}],"about":[{"href":"https:\/\/aconteceunovale.com.br\/portal\/index.php?rest_route=\/wp\/v2\/types\/post"}],"author":[{"embeddable":true,"href":"https:\/\/aconteceunovale.com.br\/portal\/index.php?rest_route=\/wp\/v2\/users\/1"}],"replies":[{"embeddable":true,"href":"https:\/\/aconteceunovale.com.br\/portal\/index.php?rest_route=%2Fwp%2Fv2%2Fcomments&post=97543"}],"version-history":[{"count":0,"href":"https:\/\/aconteceunovale.com.br\/portal\/index.php?rest_route=\/wp\/v2\/posts\/97543\/revisions"}],"wp:featuredmedia":[{"embeddable":true,"href":"https:\/\/aconteceunovale.com.br\/portal\/index.php?rest_route=\/wp\/v2\/media\/97544"}],"wp:attachment":[{"href":"https:\/\/aconteceunovale.com.br\/portal\/index.php?rest_route=%2Fwp%2Fv2%2Fmedia&parent=97543"}],"wp:term":[{"taxonomy":"category","embeddable":true,"href":"https:\/\/aconteceunovale.com.br\/portal\/index.php?rest_route=%2Fwp%2Fv2%2Fcategories&post=97543"},{"taxonomy":"post_tag","embeddable":true,"href":"https:\/\/aconteceunovale.com.br\/portal\/index.php?rest_route=%2Fwp%2Fv2%2Ftags&post=97543"}],"curies":[{"name":"wp","href":"https:\/\/api.w.org\/{rel}","templated":true}]}}