{"id":97501,"date":"2016-09-22T09:12:02","date_gmt":"2016-09-22T12:12:02","guid":{"rendered":"http:\/\/aconteceunovale.com.br\/portal\/?p=97501"},"modified":"2016-09-22T09:12:02","modified_gmt":"2016-09-22T12:12:02","slug":"previsao-do-tempo-para-minas-gerais-nesta-quinta-feira-22-de-setembro","status":"publish","type":"post","link":"https:\/\/aconteceunovale.com.br\/portal\/?p=97501","title":{"rendered":"Previs\u00e3o do tempo para Minas Gerais, nesta quinta-feira, 22 de setembro"},"content":{"rendered":"<h4><strong><em>Tempo est\u00e1vel com baixas temperaturas no Tri\u00e2ngulo Mineiro, Alto Paranaiba, Oeste, Sul, Campo das Vertentes, Central, Zona da Mata e Vale do Rio Doce.<\/em><\/strong><\/h4>\n<p>O deslocamento de uma massa de ar frio ocasiona decl\u00ednio nas temperaturas especialmente sobre o Centro-sul mineiro. Tempo est\u00e1vel com baixas temperaturas no Tri\u00e2ngulo Mineiro, Alto Paranaiba, Oeste, Sul, Campo das Vertentes, Central, Zona da Mata e Vale do Rio Doce. Nas demais regi\u00f5es h\u00e1 chances de chuva em \u00e1reas isoladas.<\/p>\n<p>Na Regi\u00e3o Metropolitana de Belo Horizonte o dia ser\u00e1 de c\u00e9u ensolarado, os term\u00f4metros oscilam entre 10\u00baC e 25\u00b0C, com umidade relativa do ar entorno dos 35% \u00e0 tarde. Ainda de acordo com o TempoClima Puc Minas, com a chegada da primavera, h\u00e1 uma mudan\u00e7a no regime de chuvas e temperaturas em Minas Gerais. As chuvas passam a ser mais intensas e frequentes, principalmente, no final da tarde e\/ou noite, devido ao aumento do calor e da umidade que se intensificam gradativamente no decorrer desta esta\u00e7\u00e3o.<\/p>\n","protected":false},"excerpt":{"rendered":"<p>Tempo est\u00e1vel com baixas temperaturas no Tri\u00e2ngulo Mineiro, Alto Paranaiba, Oeste, Sul, Campo das Vertentes, Central, Zona da Mata e Vale do Rio Doce. O deslocamento de uma massa de ar frio ocasiona decl\u00ednio nas temperaturas especialmente sobre o Centro-sul mineiro. Tempo est\u00e1vel com baixas temperaturas no Tri\u00e2ngulo Mineiro, Alto Paranaiba, Oeste, Sul, Campo das [&hellip;]<\/p>\n","protected":false},"author":1,"featured_media":82499,"comment_status":"open","ping_status":"closed","sticky":false,"template":"","format":"standard","meta":{"amp_status":"","footnotes":""},"categories":[123],"tags":[60509,194,131,37346,1956,27340,116386,86092,116385,1839,116383,29257,116382,116384],"class_list":["post-97501","post","type-post","status-publish","format-standard","has-post-thumbnail","hentry","category-gerais","tag-22-de-setembro","tag-belo-horizonte","tag-minas-gerais","tag-nesta-quinta-feira","tag-previsao-do-tempo","tag-previsao-do-tempo-para-belo-horizonte","tag-previsao-do-tempo-para-belo-horizonte-22-de-setembro","tag-previsao-do-tempo-para-belo-horizonte-nesta-quinta-feira","tag-previsao-do-tempo-para-belo-horizonte-nesta-quinta-feira-22-de-setembro","tag-previsao-do-tempo-para-minas-gerais","tag-previsao-do-tempo-para-minas-gerais-22-de-setembro","tag-previsao-do-tempo-para-minas-gerais-nesta-quinta-feira","tag-previsao-do-tempo-para-minas-gerais-nesta-quinta-feira-22-de-setembro","tag-quinta-feira-22-de-setembro"],"_links":{"self":[{"href":"https:\/\/aconteceunovale.com.br\/portal\/index.php?rest_route=\/wp\/v2\/posts\/97501","targetHints":{"allow":["GET"]}}],"collection":[{"href":"https:\/\/aconteceunovale.com.br\/portal\/index.php?rest_route=\/wp\/v2\/posts"}],"about":[{"href":"https:\/\/aconteceunovale.com.br\/portal\/index.php?rest_route=\/wp\/v2\/types\/post"}],"author":[{"embeddable":true,"href":"https:\/\/aconteceunovale.com.br\/portal\/index.php?rest_route=\/wp\/v2\/users\/1"}],"replies":[{"embeddable":true,"href":"https:\/\/aconteceunovale.com.br\/portal\/index.php?rest_route=%2Fwp%2Fv2%2Fcomments&post=97501"}],"version-history":[{"count":0,"href":"https:\/\/aconteceunovale.com.br\/portal\/index.php?rest_route=\/wp\/v2\/posts\/97501\/revisions"}],"wp:featuredmedia":[{"embeddable":true,"href":"https:\/\/aconteceunovale.com.br\/portal\/index.php?rest_route=\/wp\/v2\/media\/82499"}],"wp:attachment":[{"href":"https:\/\/aconteceunovale.com.br\/portal\/index.php?rest_route=%2Fwp%2Fv2%2Fmedia&parent=97501"}],"wp:term":[{"taxonomy":"category","embeddable":true,"href":"https:\/\/aconteceunovale.com.br\/portal\/index.php?rest_route=%2Fwp%2Fv2%2Fcategories&post=97501"},{"taxonomy":"post_tag","embeddable":true,"href":"https:\/\/aconteceunovale.com.br\/portal\/index.php?rest_route=%2Fwp%2Fv2%2Ftags&post=97501"}],"curies":[{"name":"wp","href":"https:\/\/api.w.org\/{rel}","templated":true}]}}