{"id":97491,"date":"2016-09-21T22:13:12","date_gmt":"2016-09-22T01:13:12","guid":{"rendered":"http:\/\/aconteceunovale.com.br\/portal\/?p=97491"},"modified":"2016-09-21T22:13:12","modified_gmt":"2016-09-22T01:13:12","slug":"bandidos-incendeiam-onibus-em-ipatinga","status":"publish","type":"post","link":"https:\/\/aconteceunovale.com.br\/portal\/?p=97491","title":{"rendered":"Bandidos incendeiam \u00f4nibus em Ipatinga"},"content":{"rendered":"<p>Um \u00f4nibus da empresa respons\u00e1vel pelo transporte coletivo em Ipatinga, no Vale do A\u00e7o, foi incendiado na noite desta quarta-feira, 21 de setembro de 2016, no bairro Jardim Panorama. A ocorr\u00eancia foi registrada por volta das 20h30, na Avenida JK. <\/p>\n<p>As primeiras informa\u00e7\u00f5es divulgadas pela Pol\u00edcia Militar (PM) d\u00e3o conta de que tr\u00eas indiv\u00edduos invadiram o \u00f4nibus, obrigaram o desembarque de todos os passageiros e utilizaram combust\u00edvel para colocar fogo no interior do ve\u00edculo. As chamas se alastraram rapidamente e destruiu o \u00f4nibus da linha 601 (Beth\u00e2nia), que transitava no sentido Centro\/Bairro.<\/p>\n<p>A motiva\u00e7\u00e3o do ataque ser\u00e1 investigada pela Pol\u00edcia. Ningu\u00e9m ficou ferido.<\/p>\n<p><img decoding=\"async\" src=\"http:\/\/aconteceunovale.com.br\/portal\/wp-content\/uploads\/2016\/09\/incendio_bus_ipatinga_2.jpg\" alt=\"\" \/><em>Bandidos incendeiam \u00f4nibus em Ipatinga (Foto: Plant\u00e3o Policial Ipatinga)<\/em><br \/>\n<\/br><\/p>\n<p><img decoding=\"async\" src=\"http:\/\/aconteceunovale.com.br\/portal\/wp-content\/uploads\/2016\/09\/incendio_bus_ipatinga_1.jpg\" alt=\"\" \/><em>Bandidos incendeiam \u00f4nibus em Ipatinga (Foto: Plant\u00e3o Policial Ipatinga)<\/em><\/p>\n","protected":false},"excerpt":{"rendered":"<p>Um \u00f4nibus da empresa respons\u00e1vel pelo transporte coletivo em Ipatinga, no Vale do A\u00e7o, foi incendiado na noite desta quarta-feira, 21 de setembro de 2016, no bairro Jardim Panorama. A ocorr\u00eancia foi registrada por volta das 20h30, na Avenida JK. As primeiras informa\u00e7\u00f5es divulgadas pela Pol\u00edcia Militar (PM) d\u00e3o conta de que tr\u00eas indiv\u00edduos invadiram [&hellip;]<\/p>\n","protected":false},"author":1,"featured_media":97493,"comment_status":"open","ping_status":"closed","sticky":false,"template":"","format":"standard","meta":{"amp_status":"","footnotes":""},"categories":[121],"tags":[116368,116366,1018,116369,201,116367,116372,116371,116370],"class_list":["post-97491","post","type-post","status-publish","format-standard","has-post-thumbnail","hentry","category-leste","tag-ataque-onibus-em-ipatinga","tag-bandidos-incendeiam-onibus-em-ipatinga","tag-destaque","tag-incendio-onibus-em-ipatinga","tag-ipatinga","tag-onibus-em-ipatinga","tag-onibus-incendiado-na-avenida-jk-em-ipatinga","tag-onibus-incendiado-no-jardim-panorama-em-ipatinga","tag-onibus-queimado-em-ipatinga"],"_links":{"self":[{"href":"https:\/\/aconteceunovale.com.br\/portal\/index.php?rest_route=\/wp\/v2\/posts\/97491","targetHints":{"allow":["GET"]}}],"collection":[{"href":"https:\/\/aconteceunovale.com.br\/portal\/index.php?rest_route=\/wp\/v2\/posts"}],"about":[{"href":"https:\/\/aconteceunovale.com.br\/portal\/index.php?rest_route=\/wp\/v2\/types\/post"}],"author":[{"embeddable":true,"href":"https:\/\/aconteceunovale.com.br\/portal\/index.php?rest_route=\/wp\/v2\/users\/1"}],"replies":[{"embeddable":true,"href":"https:\/\/aconteceunovale.com.br\/portal\/index.php?rest_route=%2Fwp%2Fv2%2Fcomments&post=97491"}],"version-history":[{"count":0,"href":"https:\/\/aconteceunovale.com.br\/portal\/index.php?rest_route=\/wp\/v2\/posts\/97491\/revisions"}],"wp:featuredmedia":[{"embeddable":true,"href":"https:\/\/aconteceunovale.com.br\/portal\/index.php?rest_route=\/wp\/v2\/media\/97493"}],"wp:attachment":[{"href":"https:\/\/aconteceunovale.com.br\/portal\/index.php?rest_route=%2Fwp%2Fv2%2Fmedia&parent=97491"}],"wp:term":[{"taxonomy":"category","embeddable":true,"href":"https:\/\/aconteceunovale.com.br\/portal\/index.php?rest_route=%2Fwp%2Fv2%2Fcategories&post=97491"},{"taxonomy":"post_tag","embeddable":true,"href":"https:\/\/aconteceunovale.com.br\/portal\/index.php?rest_route=%2Fwp%2Fv2%2Ftags&post=97491"}],"curies":[{"name":"wp","href":"https:\/\/api.w.org\/{rel}","templated":true}]}}