{"id":97485,"date":"2016-09-21T21:04:34","date_gmt":"2016-09-22T00:04:34","guid":{"rendered":"http:\/\/aconteceunovale.com.br\/portal\/?p=97485"},"modified":"2016-09-21T21:04:34","modified_gmt":"2016-09-22T00:04:34","slug":"acidentes-deixam-um-morto-e-feridos-em-rodovias-do-norte-de-minas","status":"publish","type":"post","link":"https:\/\/aconteceunovale.com.br\/portal\/?p=97485","title":{"rendered":"Acidentes deixam um morto e feridos em rodovias do Norte de Minas"},"content":{"rendered":"<p>Dois acidentes foram registrados pela Pol\u00edcia Rodovi\u00e1ria Federal (PF) no fim da tarde desta quarta-feira (21\/09\/2016) na BR-251, entre Montes Claros e Francisco S\u00e1, na regi\u00e3o Norte de Minas. Os acidentes ocorreram com menos de 10 quil\u00f4metros de dist\u00e2ncia entre eles. No km 517, em frente a um hotel fazenda que fica pr\u00f3ximo a Montes Claros, uma caminhonete saiu da pista e capotou. De acordo com a PRF, os ocupantes sofreram ferimentos leves e foram socorridos.<\/p>\n<p>J\u00e1 no km 507, pr\u00f3ximo ao trevo que liga a estrada a Jana\u00faba, dois ve\u00edculos de carga tiveram uma colis\u00e3o traseira. Ningu\u00e9m se feriu. Segundo informa\u00e7\u00f5es da pol\u00edcia, as causas dos acidentes ainda n\u00e3o foram identificadas, mas a chuva pode ter contribu\u00eddo para que os condutores perdessem o controle direcional.<\/p>\n<p><img decoding=\"async\" src=\"http:\/\/aconteceunovale.com.br\/portal\/wp-content\/uploads\/2016\/09\/acidentes_nm.jpg\" alt=\"\" \/><em>Caminhonete saiu da pista e capotou na BR-251 (Foto: Reprodu\u00e7\u00e3o\/WhatsApp)<\/em><br \/>\n<\/br><\/p>\n<p><strong>Acidente entre caminh\u00f5es deixa um homem morto na MG-122<\/strong><\/p>\n<p>Um homem de 52 anos morreu no fim da manh\u00e3 desta quarta-feira (21\/09\/2016) em um acidente na MG-122, em Jana\u00faba (MG). De acordo com informa\u00e7\u00f5es do Corpo de Bombeiros, o acidente envolveu dois caminh\u00f5es, pr\u00f3ximo ao km 150 da rodovia.<\/p>\n<p>Testemunhas relataram que o condutor de um dos ve\u00edculos, que estava carregado de tijolos, fazia uma ultrapassagem, mas perdeu o controle da dire\u00e7\u00e3o e bateu de frente com o caminh\u00e3o que seguia no sentido contr\u00e1rio.<\/p>\n<p>Ainda segundo os bombeiros, uma equipe do Samu foi ao local e constatou que o motorista do segundo ve\u00edculo morreu no local do acidente. O condutor do caminh\u00e3o carregado de tijolos teve ferimentos leves. (G1 Grande Minas)<\/p>\n","protected":false},"excerpt":{"rendered":"<p>Dois acidentes foram registrados pela Pol\u00edcia Rodovi\u00e1ria Federal (PF) no fim da tarde desta quarta-feira (21\/09\/2016) na BR-251, entre Montes Claros e Francisco S\u00e1, na regi\u00e3o Norte de Minas. Os acidentes ocorreram com menos de 10 quil\u00f4metros de dist\u00e2ncia entre eles. No km 517, em frente a um hotel fazenda que fica pr\u00f3ximo a Montes [&hellip;]<\/p>\n","protected":false},"author":1,"featured_media":97486,"comment_status":"open","ping_status":"closed","sticky":false,"template":"","format":"standard","meta":{"amp_status":"","footnotes":""},"categories":[1236],"tags":[116354,116355,116356,61653,116358,116357,116352,116353,1018,1395,204,60512,210],"class_list":["post-97485","post","type-post","status-publish","format-standard","has-post-thumbnail","hentry","category-norte_de_minas","tag-acidente-br-251-montes-claros","tag-acidente-entre-caminhoes-deixa-um-homem-morto-na-mg-122","tag-acidente-mg-122","tag-acidentes-br-251","tag-acidentes-deixam-um-morto-e-feridos-em-rodovias-do-norte-de-minas","tag-acidentes-mg-122-norte-de-minas","tag-acidentes-norte-de-minas","tag-acidentes-perto-de-montes-claros","tag-destaque","tag-francisco-sa","tag-janauba","tag-mg-122","tag-montes-claros"],"_links":{"self":[{"href":"https:\/\/aconteceunovale.com.br\/portal\/index.php?rest_route=\/wp\/v2\/posts\/97485","targetHints":{"allow":["GET"]}}],"collection":[{"href":"https:\/\/aconteceunovale.com.br\/portal\/index.php?rest_route=\/wp\/v2\/posts"}],"about":[{"href":"https:\/\/aconteceunovale.com.br\/portal\/index.php?rest_route=\/wp\/v2\/types\/post"}],"author":[{"embeddable":true,"href":"https:\/\/aconteceunovale.com.br\/portal\/index.php?rest_route=\/wp\/v2\/users\/1"}],"replies":[{"embeddable":true,"href":"https:\/\/aconteceunovale.com.br\/portal\/index.php?rest_route=%2Fwp%2Fv2%2Fcomments&post=97485"}],"version-history":[{"count":0,"href":"https:\/\/aconteceunovale.com.br\/portal\/index.php?rest_route=\/wp\/v2\/posts\/97485\/revisions"}],"wp:featuredmedia":[{"embeddable":true,"href":"https:\/\/aconteceunovale.com.br\/portal\/index.php?rest_route=\/wp\/v2\/media\/97486"}],"wp:attachment":[{"href":"https:\/\/aconteceunovale.com.br\/portal\/index.php?rest_route=%2Fwp%2Fv2%2Fmedia&parent=97485"}],"wp:term":[{"taxonomy":"category","embeddable":true,"href":"https:\/\/aconteceunovale.com.br\/portal\/index.php?rest_route=%2Fwp%2Fv2%2Fcategories&post=97485"},{"taxonomy":"post_tag","embeddable":true,"href":"https:\/\/aconteceunovale.com.br\/portal\/index.php?rest_route=%2Fwp%2Fv2%2Ftags&post=97485"}],"curies":[{"name":"wp","href":"https:\/\/api.w.org\/{rel}","templated":true}]}}