{"id":97483,"date":"2016-09-21T20:26:48","date_gmt":"2016-09-21T23:26:48","guid":{"rendered":"http:\/\/aconteceunovale.com.br\/portal\/?p=97483"},"modified":"2016-09-21T20:26:48","modified_gmt":"2016-09-21T23:26:48","slug":"bebe-morre-durante-incendio-em-jacinto-no-vale-do-jequitinhonha","status":"publish","type":"post","link":"https:\/\/aconteceunovale.com.br\/portal\/?p=97483","title":{"rendered":"Beb\u00ea morre durante inc\u00eandio em Jacinto, no Vale do Jequitinhonha"},"content":{"rendered":"<p>Um beb\u00ea morreu carbonizado dentro de uma casa ap\u00f3s um inc\u00eandio no bairro Nossa Senhora Aparecida, em Jacinto, na regi\u00e3o do Vale do Jequitinhonha. A crian\u00e7a estava em casa apenas com o irm\u00e3o, de 14 anos, que conseguiu fugir a tempo. Segundo informa\u00e7\u00f5es da Pol\u00edcia Militar (PM), a m\u00e3e dos garotos, Santa Maria de Jesus, de 38 anos, saiu na noite de ter\u00e7a-feira (20\/09) e deixou os dois sozinhos em casa. <\/p>\n<p>Ainda de acordo com a PM, os vizinhos perceberam o fogo e acionaram socorro. Os militares compareceram ao local e, junto com populares, tentaram apagar as chamas. Quando o inc\u00eandio foi controlado o corpo do beb\u00ea foi encontrado carbonizado.<\/p>\n<p>O adolescente de 14 anos foi localizado na casa de familiares e ainda ser\u00e1 ouvido pela Pol\u00edcia Civil, que investiga o caso. O laudo do Instituto M\u00e9dio Legal (IML) aponta que a morte do beb\u00ea foi causada por queimaduras de terceiro grau, em quase 90% do corpo. De acordo com a pol\u00edcia, o delegado respons\u00e1vel pelo caso aguarda laudo da per\u00edcia que pode esclarecer as causas do inc\u00eandio.<\/p>\n<p>A Pol\u00edcia Civil informou que Santa Maria foi presa em flagrante e encaminhada para o Pres\u00eddio de Jacinto. Ela foi enquadrada no crime de abandono de incapaz, qualificado pela morte da crian\u00e7a. O C\u00f3digo Penal prev\u00ea para esse crime pena de 4 a 12 anos de pris\u00e3o. (Estado de Minas)<\/p>\n","protected":false},"excerpt":{"rendered":"<p>Um beb\u00ea morreu carbonizado dentro de uma casa ap\u00f3s um inc\u00eandio no bairro Nossa Senhora Aparecida, em Jacinto, na regi\u00e3o do Vale do Jequitinhonha. A crian\u00e7a estava em casa apenas com o irm\u00e3o, de 14 anos, que conseguiu fugir a tempo. Segundo informa\u00e7\u00f5es da Pol\u00edcia Militar (PM), a m\u00e3e dos garotos, Santa Maria de Jesus, [&hellip;]<\/p>\n","protected":false},"author":1,"featured_media":90576,"comment_status":"open","ping_status":"closed","sticky":false,"template":"","format":"standard","meta":{"amp_status":"","footnotes":""},"categories":[120],"tags":[116346,116347,408,116351,116348,116349,116350],"class_list":["post-97483","post","type-post","status-publish","format-standard","has-post-thumbnail","hentry","category-jequi","tag-bebe-morre-durante-incendio-em-jacinto","tag-incendio-jacinto","tag-jacinto","tag-joao-miguel","tag-morte-de-bebe-em-jacinto","tag-morte-de-crianca-em-jacinto","tag-santa-maria-de-jesus"],"_links":{"self":[{"href":"https:\/\/aconteceunovale.com.br\/portal\/index.php?rest_route=\/wp\/v2\/posts\/97483","targetHints":{"allow":["GET"]}}],"collection":[{"href":"https:\/\/aconteceunovale.com.br\/portal\/index.php?rest_route=\/wp\/v2\/posts"}],"about":[{"href":"https:\/\/aconteceunovale.com.br\/portal\/index.php?rest_route=\/wp\/v2\/types\/post"}],"author":[{"embeddable":true,"href":"https:\/\/aconteceunovale.com.br\/portal\/index.php?rest_route=\/wp\/v2\/users\/1"}],"replies":[{"embeddable":true,"href":"https:\/\/aconteceunovale.com.br\/portal\/index.php?rest_route=%2Fwp%2Fv2%2Fcomments&post=97483"}],"version-history":[{"count":0,"href":"https:\/\/aconteceunovale.com.br\/portal\/index.php?rest_route=\/wp\/v2\/posts\/97483\/revisions"}],"wp:featuredmedia":[{"embeddable":true,"href":"https:\/\/aconteceunovale.com.br\/portal\/index.php?rest_route=\/wp\/v2\/media\/90576"}],"wp:attachment":[{"href":"https:\/\/aconteceunovale.com.br\/portal\/index.php?rest_route=%2Fwp%2Fv2%2Fmedia&parent=97483"}],"wp:term":[{"taxonomy":"category","embeddable":true,"href":"https:\/\/aconteceunovale.com.br\/portal\/index.php?rest_route=%2Fwp%2Fv2%2Fcategories&post=97483"},{"taxonomy":"post_tag","embeddable":true,"href":"https:\/\/aconteceunovale.com.br\/portal\/index.php?rest_route=%2Fwp%2Fv2%2Ftags&post=97483"}],"curies":[{"name":"wp","href":"https:\/\/api.w.org\/{rel}","templated":true}]}}