{"id":97478,"date":"2016-09-21T20:03:17","date_gmt":"2016-09-21T23:03:17","guid":{"rendered":"http:\/\/aconteceunovale.com.br\/portal\/?p=97478"},"modified":"2016-09-22T10:38:29","modified_gmt":"2016-09-22T13:38:29","slug":"ex-prefeito-de-januaria-que-estava-foragido-e-recapturado-apos-fugir-da-pf","status":"publish","type":"post","link":"https:\/\/aconteceunovale.com.br\/portal\/?p=97478","title":{"rendered":"Ex-prefeito de Janu\u00e1ria que estava foragido \u00e9 recapturado ap\u00f3s fugir da PF"},"content":{"rendered":"<p>A Pol\u00edcia Federal (PF) recapturou na manh\u00e3 de hoje (21\/09\/2016) o ex-prefeito de Janu\u00e1ria (MG), Maur\u00edlio Arruda (PTC). Ele era considerado foragido. Maur\u00edlio havia sido preso no dia 12 de setembro, mas\u00a0escapou\u00a0\u00a0no mesmo dia quando era transferido para penitenci\u00e1ria em Montes Claros (MG). No trajeto, ele conseguiu sair do ve\u00edculo e foi resgatado por um motociclista.<\/p>\n<p>O ex-prefeito do munic\u00edpio do norte de Minas Gerais foi encontrado em Belo Horizonte, em uma casa no bairro S\u00e3o Bento. Ele aguardava uma decis\u00e3o do Tribunal de Justi\u00e7a de Minas Gerais (TJMG) sobre seu pedido de\u00a0<em>habeas corpus<\/em>. A defesa acusava a PF de sequestro, alegando que ele n\u00e3o poderia ser transferido para Montes Claros e, por isso, ele fugiu. No entanto, segundo a corpora\u00e7\u00e3o, n\u00e3o havia essa restri\u00e7\u00e3o na decis\u00e3o judicial.<\/p>\n<p>Prefeito de Janu\u00e1ria entre 2009 e 2012, Maur\u00edlio Arruda \u00e9 candidato a reocupar o cargo nas elei\u00e7\u00f5es deste ano. Ele teve a pris\u00e3o tempor\u00e1ria decretada ap\u00f3s investiga\u00e7\u00f5es da Opera\u00e7\u00e3o Sert\u00e3o Veredas, deflagrada em 2013, indicarem sua participa\u00e7\u00e3o em desvios de verba p\u00fablica, envolvendo contratos de obras que n\u00e3o foram executadas. Os processos licitat\u00f3rios eram direcionados para a empreiteira Af Construtora, que n\u00e3o realizava os servi\u00e7os ou os fazia parcialmente.<\/p>\n<p>As fraudes teriam ocorrido em seis licita\u00e7\u00f5es, cinco delas destinadas a obras de pavimenta\u00e7\u00e3o e drenagem de ruas de Janu\u00e1ria. A outra seria para constru\u00e7\u00e3o de um parque ecol\u00f3gico. Somados, os custos das obras eram superiores a R$ 4 milh\u00f5es. O esquema foi revelado pelo propriet\u00e1rio da empreiteira envolvida por meio de acordo de dela\u00e7\u00e3o premiada, fechado em 2014. Maur\u00edlio Arruda tamb\u00e9m j\u00e1 havia sido preso em outras duas ocasi\u00f5es: em 2013, por suspeitas de fraudes no Programa Projovem Trabalhador e, em 2014, por supostos desvios de verbas do Fundo Nacional de Educa\u00e7\u00e3o B\u00e1sica (Fundeb).<\/p>\n<p><strong>Legisla\u00e7\u00e3o eleitoral<\/strong><\/p>\n<p>O advogado do ex-prefeito, Ant\u00f4nio Veloso, criticou a pris\u00e3o com base no C\u00f3digo Eleitoral. Segundo o Artigo 236 da Lei Federal 4.737\/1965, \u00e9 proibida a pris\u00e3o de candidatos at\u00e9 15 dias antes da elei\u00e7\u00e3o. As \u00fanicas exce\u00e7\u00f5es s\u00e3o em caso de flagrante ou por senten\u00e7a judicial transitada em julgado. O primeiro turno ocorre no dia 2 de outubro, daqui 11 dias. &#8220;O juiz que autorizou a pris\u00e3o passou por cima da lei, mas acreditamos que iremos obter o habeas corpus at\u00e9 amanh\u00e3&#8221;, disse.<\/p>\n<p>A PF rebate a alega\u00e7\u00e3o e diz n\u00e3o se tratar de pris\u00e3o, mas sim de recaptura de preso foragido expressamente autorizada pelo Poder Judici\u00e1rio. \u201cAo empreender fuga, ele n\u00e3o perdeu a condi\u00e7\u00e3o jur\u00eddica de preso, n\u00e3o est\u00e1 em liberdade\u201d, informa a corpora\u00e7\u00e3o.<\/p>\n<p><img decoding=\"async\" src=\"http:\/\/aconteceunovale.com.br\/portal\/wp-content\/uploads\/2016\/09\/maurilio_fugitivo.jpg\" alt=\"\" \/><em>Maur\u00edlio Arruda foi recapturado em BH (Foto: Reprodu\u00e7\u00e3o\/Facebook)<\/em><br \/>\n<\/br><\/p>\n<p>(Ag\u00eancia Brasil)<\/p>\n","protected":false},"excerpt":{"rendered":"<p>A Pol\u00edcia Federal (PF) recapturou na manh\u00e3 de hoje (21\/09\/2016) o ex-prefeito de Janu\u00e1ria (MG), Maur\u00edlio Arruda (PTC). Ele era considerado foragido. Maur\u00edlio havia sido preso no dia 12 de setembro, mas\u00a0escapou\u00a0\u00a0no mesmo dia quando era transferido para penitenci\u00e1ria em Montes Claros (MG). No trajeto, ele conseguiu sair do ve\u00edculo e foi resgatado por um [&hellip;]<\/p>\n","protected":false},"author":1,"featured_media":96786,"comment_status":"open","ping_status":"closed","sticky":false,"template":"","format":"standard","meta":{"amp_status":"","footnotes":""},"categories":[79927,1236,40240],"tags":[115098,115099,114953,114888,1018,49771,114952,8757,116339,114892,115318,114889,115317,205,8758,114887,115102,115100,115101,104963,104964,114890,114881,114891,114882,116340,772,114883,116338,114886,114885,114884],"class_list":["post-97478","post","type-post","status-publish","format-standard","has-post-thumbnail","hentry","category-eleicoes-2016-2","category-norte_de_minas","category-politica-2","tag-advogado-de-defesa-de-maurilio-arruda","tag-antonio-adenilson-rodrigues-veloso","tag-candidato-a-prefeito-em-januaria","tag-corrupcao-em-januaria","tag-destaque","tag-desvio-de-recursos-publicos-em-januaria","tag-ex-prefeito-alvo-de-operacao-da-pf-em-januaria-responde-a-dezenas-de-acoes-penais","tag-ex-prefeito-de-januaria","tag-ex-prefeito-de-januaria-que-estava-foragido-e-recapturado-apos-fugir-da-pf","tag-ex-prefeito-e-ex-servidores-sao-alvos-de-operacao-da-pf-em-januaria","tag-ex-prefeito-que-escapou-de-viatura-da-pf-e-considerado-foragido","tag-fraudes-em-januaria","tag-fuga","tag-januaria","tag-maurilio-arruda","tag-maurilio-arruda-e-preso","tag-maurilio-arruda-esta-foragido-apos-escapar-de-viatura-da-pf-no-trajeto-entre-januaria-e-montes-claros","tag-maurilio-arruda-esta-foragido-apos-escapar-de-viatura-no-trajeto-entre-januaria-e-montes-claros","tag-maurilio-neris-de-andrade-arruda","tag-operacao-da-pf-em-januaria","tag-operacao-da-policia-federal-em-januaria","tag-operacao-em-januaria","tag-operacao-rua-da-amargura","tag-operacao-rua-da-amargura-combate-desvios-de-recursos-publicos-em-januaria","tag-operacao-rua-da-amargura-em-januaria","tag-pf-recaptura-ex-prefeito-de-januaria","tag-policia-federal","tag-presos-na-operacao-rua-da-amargura","tag-prisao-de-ex-prefeito","tag-prisao-ex-prefeito-de-januaria","tag-prisao-maurilio-arruda","tag-resultado-da-operacao-rua-da-amargura"],"_links":{"self":[{"href":"https:\/\/aconteceunovale.com.br\/portal\/index.php?rest_route=\/wp\/v2\/posts\/97478","targetHints":{"allow":["GET"]}}],"collection":[{"href":"https:\/\/aconteceunovale.com.br\/portal\/index.php?rest_route=\/wp\/v2\/posts"}],"about":[{"href":"https:\/\/aconteceunovale.com.br\/portal\/index.php?rest_route=\/wp\/v2\/types\/post"}],"author":[{"embeddable":true,"href":"https:\/\/aconteceunovale.com.br\/portal\/index.php?rest_route=\/wp\/v2\/users\/1"}],"replies":[{"embeddable":true,"href":"https:\/\/aconteceunovale.com.br\/portal\/index.php?rest_route=%2Fwp%2Fv2%2Fcomments&post=97478"}],"version-history":[{"count":0,"href":"https:\/\/aconteceunovale.com.br\/portal\/index.php?rest_route=\/wp\/v2\/posts\/97478\/revisions"}],"wp:featuredmedia":[{"embeddable":true,"href":"https:\/\/aconteceunovale.com.br\/portal\/index.php?rest_route=\/wp\/v2\/media\/96786"}],"wp:attachment":[{"href":"https:\/\/aconteceunovale.com.br\/portal\/index.php?rest_route=%2Fwp%2Fv2%2Fmedia&parent=97478"}],"wp:term":[{"taxonomy":"category","embeddable":true,"href":"https:\/\/aconteceunovale.com.br\/portal\/index.php?rest_route=%2Fwp%2Fv2%2Fcategories&post=97478"},{"taxonomy":"post_tag","embeddable":true,"href":"https:\/\/aconteceunovale.com.br\/portal\/index.php?rest_route=%2Fwp%2Fv2%2Ftags&post=97478"}],"curies":[{"name":"wp","href":"https:\/\/api.w.org\/{rel}","templated":true}]}}