{"id":97472,"date":"2016-09-21T19:46:02","date_gmt":"2016-09-21T22:46:02","guid":{"rendered":"http:\/\/aconteceunovale.com.br\/portal\/?p=97472"},"modified":"2016-09-21T19:46:02","modified_gmt":"2016-09-21T22:46:02","slug":"mpf-oferece-quarta-denuncia-contra-envolvidos-em-esquema-de-corrupcao-desvendado-pela-operacao-mar-de-lama","status":"publish","type":"post","link":"https:\/\/aconteceunovale.com.br\/portal\/?p=97472","title":{"rendered":"MPF oferece quarta den\u00fancia contra envolvidos em esquema de corrup\u00e7\u00e3o desvendado pela Opera\u00e7\u00e3o Mar de Lama"},"content":{"rendered":"<p>O Minist\u00e9rio P\u00fablico Federal (MPF) ofereceu a quarta den\u00fancia decorrente das apura\u00e7\u00f5es que desvendaram gigantesco esquema de desvio de recursos p\u00fablicos federais na cidade de Governador Valadares, leste de Minas Gerais. As investiga\u00e7\u00f5es, conduzidas pelo MPF, Pol\u00edcia Federal e a ent\u00e3o Controladoria-Geral da Uni\u00e3o (CGU), resultaram na Opera\u00e7\u00e3o Mar de Lama, realizada em oito etapas nos meses de abril a agosto deste ano. Desta vez, as apura\u00e7\u00f5es concentraram-se nas licita\u00e7\u00f5es e contratos celebrados pela prefeitura com empresas de engenharia e constru\u00e7\u00e3o civil.<\/p>\n<p>Ao todo, foram denunciadas 22 pessoas, incluindo o ex-diretor-geral do Servi\u00e7o Aut\u00f4nomo de \u00c1gua e Esgoto (SAAE\/GV), Omir Quintino Soares, o ex-procurador-geral do Munic\u00edpio, Schinyder Exupery Cardozo , e quatro ex-secret\u00e1rios municipais, Jaider Batista da Silva (Educa\u00e7\u00e3o), Ranger Beliz\u00e1rio Duarte Viana (Administra\u00e7\u00e3o), Seleme Hil Neto (Servi\u00e7os Urbanos) e Edmilson Soares dos Santos (Obras), al\u00e9m de empres\u00e1rios e ex-servidores p\u00fablicos municipais, pela pr\u00e1tica dos crimes de dispensa indevida de licita\u00e7\u00e3o, peculato-desvio e corrup\u00e7\u00e3o ativa e passiva.<\/p>\n<p>De acordo com a den\u00fancia, os crimes teriam sido praticados durante a execu\u00e7\u00e3o do Termo de Compromisso n\u00ba 038\/2014, no valor de R$ 4.707.280,80, firmado pela prefeitura da cidade com o Minist\u00e9rio da Integra\u00e7\u00e3o Nacional, para a realiza\u00e7\u00e3o de obras supostamente emergenciais em virtude de situa\u00e7\u00e3o calamitosa devido \u00e0s fortes chuvas ocorridas em dezembro de 2013. <\/p>\n<p>Para a execu\u00e7\u00e3o de tais obras, a administra\u00e7\u00e3o p\u00fablica municipal realizou uma s\u00e9rie de processos de dispensa de licita\u00e7\u00e3o. Essa quarta den\u00fancia do MPF tratou das irregularidades praticadas em seis procedimentos, os de n\u00ba 12, 13, 14, 20, 24 e 27, todos de 2014. <\/p>\n<p>&#8220;As referidas contrata\u00e7\u00f5es inserem-se dentro de um quadro de verdadeiro descaso com a coisa p\u00fablica, onde empres\u00e1rios, para serem agraciados em contratos com o Poder P\u00fablico, efetuam de forma habitual e reiterada pagamentos de vantagens indevidas a agentes p\u00fablicos. E, como \u00e9 intuitivo, o dinheiro usado para o pagamento da &#8216;propina&#8217; &#8211; ou &#8216;custo pol\u00edtico&#8217; para utilizar express\u00e3o adotada pelos pr\u00f3prios denunciados &#8211; adv\u00e9m do superfaturamento de obras e servi\u00e7os, prejudicando toda uma popula\u00e7\u00e3o carente por servi\u00e7os p\u00fablicos de qualidade&#8221;, relata a den\u00fancia.<\/p>\n<p>Entre as irregularidades cometidas pelos agentes p\u00fablicos municipais, est\u00e3o desde a inobserv\u00e2ncia de diversos dispositivos legais, entre eles, restri\u00e7\u00e3o ao car\u00e1ter competitivo da licita\u00e7\u00e3o e fraude na pesquisa de pre\u00e7os de mercado, at\u00e9 o pr\u00f3prio fato de terem sido indevidas as dispensas de licita\u00e7\u00e3o, porque n\u00e3o atenderam as exig\u00eancias postas pela Lei 8.666\/93 para esse tipo de procedimento.<\/p>\n<p>A Dispensa n\u00ba 027\/2014, por exemplo, da qual resultou a contrata\u00e7\u00e3o da Construtora Prefisan Ltda, de propriedade do acusado Lu\u00eds Eduardo Guatimosim, foi realizada quando j\u00e1 n\u00e3o vigorava a situa\u00e7\u00e3o emergencial exigida pelo artigo 24, IV, da Lei 8.666\/93. Al\u00e9m disso, n\u00e3o foi apresentado o projeto b\u00e1sico, a planilha or\u00e7ament\u00e1ria n\u00e3o continha objeto devidamente dimensionado e especificado, e os or\u00e7amentos apresentaram diversas inconsist\u00eancias. <\/p>\n<p>Por sinal, ao dar parecer sobre o procedimento, o acusado Schinyder Cardoso, ent\u00e3o procurador municipal, registrou que &#8220;da an\u00e1lise de toda documenta\u00e7\u00e3o carreada aos autos verifica-se que N\u00c3O RESTOU COMPROVADA A SITUA\u00c7\u00c3O EMERGENCIAL OU CALAMITOSA, ora requisito indispens\u00e1vel para autoriza\u00e7\u00e3o da contrata\u00e7\u00e3o direta&#8221;. <\/p>\n<p>Mesmo assim, ele opinou pela possibilidade de prosseguimento do feito, o que, para o MPF, explicitou um &#8220;jogo de cena&#8221; para dar &#8220;apar\u00eancia de legalidade a algo completa e absolutamente ilegal&#8221;, conduta que, por sinal, se repetiu nos demais procedimentos.<\/p>\n<p>O simulacro de atendimento \u00e0 Lei 8.666\/93 repetiu-se no procedimento de Dispensa n\u00ba 012\/2014, que resultou em contrato assinado com a Construtora Diretriz, representada pelos acusados Otto Carlos Neto Oberosler e Luiz Alberto Jardim. Neste caso, a den\u00fancia chama aten\u00e7\u00e3o para um fato: a Requisi\u00e7\u00e3o de Contrata\u00e7\u00e3o de Servi\u00e7o, assinada em 10 de janeiro de 2014, faz refer\u00eancia a um decreto que somente seria publicado no m\u00eas seguinte, em fevereiro, quase trinta dias depois. E tamb\u00e9m neste caso, a vig\u00eancia do contrato extrapolou a data limite do estado de calamidade.<\/p>\n<p>As irregularidades, de mesma natureza e forma, repetiram-se nas Dispensas 013\/2014 (contratada: Construtora XPEC), e nas dispensas 014, 020 e 024, das quais resultaram tr\u00eas contratos assinados com a MRT Engenharia e Constru\u00e7\u00f5es Ltda., empresa que, nos \u00faltimos anos, celebrou contratos com o Munic\u00edpio de Governador Valadares que, somados, ultrapassaram R$ 8,6 milh\u00f5es de reais.<\/p>\n<p>Uma particularidade destacada pelo MPF \u00e9 o de que em todos os casos tratados na den\u00fancia n\u00e3o havia fato motivador que justificasse a urg\u00eancia na contrata\u00e7\u00e3o. Por isso, os procedimentos n\u00e3o poderiam ter ocorrido por dispensa de licita\u00e7\u00e3o, modalidade que, por sua natureza mais simplificada, acaba favorecendo o direcionamento a empresas participantes.<\/p>\n<p>Em todos os casos tamb\u00e9m foi verificada a ocorr\u00eancia de sobrepre\u00e7o nos or\u00e7amentos e posterior superfaturamento, com a apropria\u00e7\u00e3o, pelos envolvidos, dos correspondentes valores. <\/p>\n<p>Durante as investiga\u00e7\u00f5es, foi descoberto e apreendido um caderno, em poder do acusado Vilmar Rios Dias J\u00fanior, onde era registrada parte das propinas pagas e recebidas pelo esquema criminoso, com o nome de cada participante e respectivos valores destinados a cada um. <\/p>\n<p>Confira abaixo a rela\u00e7\u00e3o dos denunciados e os crimes de que foram acusados:<\/p>\n<p>1. Omir Quintino Soares &#8211; diretor-geral do Servi\u00e7o Aut\u00f4nomo de \u00c1gua e Esgoto (SAAE)<br \/>\nDispensa indevida de licita\u00e7\u00e3o (artigo 89 da Lei 8.666\/93) por 6 vezes<br \/>\nPeculato-desvio (artigo 312, do C\u00f3digo Penal), por 6 vezes<br \/>\nCorrup\u00e7\u00e3o passiva (artigo 317, do CP), por 20 vezes<\/p>\n<p>2. Schinyder Exupery Cardozo &#8211; ex-procurador geral municipal<br \/>\nDispensa indevida de licita\u00e7\u00e3o (artigo 89 da Lei 8.666\/93) por 6 vezes<br \/>\nPeculato-desvio (artigo 312, do C\u00f3digo Penal), por 6 vezes<br \/>\nCorrup\u00e7\u00e3o passiva (artigo 317, do CP), por 33 vezes<\/p>\n<p>3. Orfeu Brand\u00e3o Perim &#8211; engenheiro da Prefeitura<br \/>\nDispensa indevida de licita\u00e7\u00e3o (artigo 89 da Lei 8.666\/93) por 5 vezes<br \/>\nPeculato-desvio (artigo 312, do C\u00f3digo Penal), por 5 vezes<br \/>\nCorrup\u00e7\u00e3o passiva (artigo 317, do CP)<\/p>\n<p>4. Seleme Hilel Neto &#8211; empres\u00e1rio e ex-secret\u00e1rio de Servi\u00e7os Urbanos<br \/>\nDispensa indevida de licita\u00e7\u00e3o (artigo 89 da Lei 8.666\/93)<br \/>\nPeculato-desvio (artigo 312, do C\u00f3digo Penal)<\/p>\n<p>5. Ranger Belis\u00e1rio Duarte Viana &#8211; ex-secret\u00e1rio municipal de Administra\u00e7\u00e3o<br \/>\nDispensa indevida de licita\u00e7\u00e3o (artigo 89 da Lei 8.666\/93) por 6 vezes<br \/>\nPeculato-desvio (artigo 312, do C\u00f3digo Penal), por 6 vezes<\/p>\n<p>6. Jaider Batista da Silva &#8211; ex-secret\u00e1rio municipal de Educa\u00e7\u00e3o<br \/>\nCorrup\u00e7\u00e3o passiva (artigo 317, do CP)<\/p>\n<p>7. Edmilson Soares dos Santos &#8211; ex-secret\u00e1rio municipal de Obras<br \/>\nDispensa indevida de licita\u00e7\u00e3o (artigo 89 da Lei 8.666\/93) por 5 vezes<br \/>\nPeculato-desvio (artigo 312, do C\u00f3digo Penal), por 5 vezes<\/p>\n<p>8. Juliana Alves de Oliveira Melo &#8211; ex-diretora do Departamento de Limpeza Urbana<br \/>\nDispensa indevida de licita\u00e7\u00e3o (artigo 89 da Lei 8.666\/93)<br \/>\nPeculato-desvio (artigo 312, do C\u00f3digo Penal)<\/p>\n<p>9. Eduardo Luiz Magalh\u00e3es Guatimosim &#8211; empres\u00e1rio (Construtora Prefisan)<br \/>\nDispensa indevida de licita\u00e7\u00e3o (artigo 89 da Lei 8.666\/93)<br \/>\nPeculato-desvio (artigo 312, do C\u00f3digo Penal)<br \/>\nCorrup\u00e7\u00e3o ativa (artigo 333, do CP)<\/p>\n<p>10. Maur\u00edlio Reis Bretas &#8211; empres\u00e1rio (Construtora Prefisan)<br \/>\nDispensa indevida de licita\u00e7\u00e3o (artigo 89 da Lei 8.666\/93)<br \/>\nPeculato-desvio (artigo 312, do C\u00f3digo Penal)<br \/>\nCorrup\u00e7\u00e3o ativa (artigo 333, do CP)<\/p>\n<p>11. Eduardo Luiz Cabral Byrro &#8211; empres\u00e1rio (Construtora Prefisan)<br \/>\nDispensa indevida de licita\u00e7\u00e3o (artigo 89 da Lei 8.666\/93)<br \/>\nPeculato-desvio (artigo 312, do C\u00f3digo Penal)<\/p>\n<p>12. Paulo Guimar\u00e3es Rodrigues- empres\u00e1rio (Construtora XPEC)<br \/>\nDispensa indevida de licita\u00e7\u00e3o (artigo 89 da Lei 8.666\/93), por 6 vezes<br \/>\nPeculato-desvio (artigo 312, do C\u00f3digo Penal), por 4 vezes<br \/>\nCorrup\u00e7\u00e3o ativa (artigo 333, do CP), por 4 vezes<\/p>\n<p>13.Otto Carlos Neto Oberosler- empres\u00e1rio (Construtora Diretriz)<br \/>\nDispensa indevida de licita\u00e7\u00e3o (artigo 89 da Lei 8.666\/93), por 4vezes<br \/>\nPeculato-desvio (artigo 312, do C\u00f3digo Penal), por 2 vezes<br \/>\nCorrup\u00e7\u00e3o ativa (artigo 333, do CP), por 2 vezes<\/p>\n<p>14. Jos\u00e9 M\u00e1rcio Manoel empres\u00e1rio (MRT Engenharia e Constru\u00e7\u00f5es Ltda)<br \/>\nDispensa indevida de licita\u00e7\u00e3o (artigo 89 da Lei 8.666\/93), por 3 vezes<br \/>\nPeculato-desvio (artigo 312, do C\u00f3digo Penal), por 3 vezes<br \/>\nCorrup\u00e7\u00e3o ativa (artigo 333, do CP), por 3 vezes<\/p>\n<p>15. Altair de Magalh\u00e3es Menezes<br \/>\nDispensa indevida de licita\u00e7\u00e3o (artigo 89 da Lei 8.666\/93), por 8 vezes<br \/>\nCorrup\u00e7\u00e3o ativa (artigo 333, do CP), por 8 vezes<\/p>\n<p>16. Edmilson Ferreira S\u00e1 &#8211; empres\u00e1rio<br \/>\nCorrup\u00e7\u00e3o ativa (artigo 333, do CP), por 2 vezes<\/p>\n<p>17. Denis Rodrigo Celestino Silva<br \/>\nDispensa indevida de licita\u00e7\u00e3o (artigo 89 da Lei 8.666\/93)<\/p>\n<p>18. Luiz Alberto Jardim &#8211; empres\u00e1rio (Construtora Diretriz)<br \/>\nDispensa indevida de licita\u00e7\u00e3o (artigo 89 da Lei 8.666\/93)<\/p>\n<p>19. Djalma Flor\u00eancio Diniz &#8211; empres\u00e1rio<br \/>\nDispensa indevida de licita\u00e7\u00e3o (artigo 89 da Lei 8.666\/93) <\/p>\n<p>20. Djalma Flor\u00eancio Diniz J\u00fanior &#8211; empres\u00e1rio<br \/>\nDispensa indevida de licita\u00e7\u00e3o (artigo 89 da Lei 8.666\/93)<\/p>\n<p>21. Diolindo Manoel Peixoto de Freitas<br \/>\nDispensa indevida de licita\u00e7\u00e3o (artigo 89 da Lei 8.666\/93)<\/p>\n<p>22. Vilmar Rios Dias Junior &#8211; ex-diretor adjunto do SAAE<br \/>\nCorrup\u00e7\u00e3o passiva (artigo 317, do CP), por 19 vezes<\/p>\n<p><em>(Fonte: MPF)<\/em><\/p>\n","protected":false},"excerpt":{"rendered":"<p>O Minist\u00e9rio P\u00fablico Federal (MPF) ofereceu a quarta den\u00fancia decorrente das apura\u00e7\u00f5es que desvendaram gigantesco esquema de desvio de recursos p\u00fablicos federais na cidade de Governador Valadares, leste de Minas Gerais. As investiga\u00e7\u00f5es, conduzidas pelo MPF, Pol\u00edcia Federal e a ent\u00e3o Controladoria-Geral da Uni\u00e3o (CGU), resultaram na Opera\u00e7\u00e3o Mar de Lama, realizada em oito etapas [&hellip;]<\/p>\n","protected":false},"author":1,"featured_media":87210,"comment_status":"open","ping_status":"closed","sticky":false,"template":"","format":"standard","meta":{"amp_status":"","footnotes":""},"categories":[121],"tags":[100183,95481,116328,88052,27930,88528,88412,88221,88090,27927,98819,95486,88047,88511,88077,95458,109685,88410,100979,4376,113745,116330,1018,88078,88076,98821,29486,116332,95475,95470,95474,65870,88098,88081,100978,88094,88096,88101,88103,116329,46212,109705,116324,116322,100191,1886,66364,88092,88072,37874,100190,69630,88099,116034,95293,95457,95303,113486,88053,95484,88057,27921,98280,247,38105,95456,67701,95483,100193,95469,100195,95478,116327,96031,88080,96028,116321,95477,96030,88088,88071,99429,99430,96102,74250,74249,95480,116331,95471,95473,88062,116323,88446,100184,27928,88066,697,19674,5667,18887,19675,109683,109682,88070,88082,88046,88045,88074,116319,98825,116326,95479,100980,116325,88100,88102,113492,20966,88079,772,18980,88512,35082,88264,100321,113544,113545,100192,88075,19707,95505,95510,88050,88051,88091,88065,88095,88097,113490,95294,88054,88055,88056,88089,88059,95295,88058,88060,88068,88067,88083,88042,96840,88087,88064,95289,88043,88085,88061,95498,95490,95494,95496,113543,113489,95455,88093,95292,95508,95507,95489,95502,95501,95504,95491,95493,95495,95503,95506,95512,95499,95492,95511,113488,95509,95500,95497,80943,96839,96838,758,98826,98823,98824,116320,95482,95488,95476,96029,98822,98820,49318,80641,95472,88073,88086,88063,95487,100180,100182,100181,88350,100925,95485,5035,88044,95288,88040,100308,100309,100310,62430,88084,27929],"class_list":["post-97472","post","type-post","status-publish","format-standard","has-post-thumbnail","hentry","category-leste","tag-3a-vara-criminal-da-comarca-de-governador-valadares","tag-aldair-santos-doliveira","tag-altair-de-magalhaes-menezes","tag-anania-paula-da-silva","tag-ananias-camelo","tag-anexo-da-camara-municipal-de-governador-valadares-e-alvo-de-vandalismo","tag-bispo-da-diocese-de-governador-valadares","tag-camara-municipal-de-governador-valadares","tag-carlos-helder-lazaro","tag-cezinha-alvarenga","tag-claudineia-araujo","tag-construtora-vieira-prado","tag-corrupcao-governador-valadares","tag-corrupcao-pt","tag-corrupcao-saae-de-governador-valadares","tag-corrupcao-valadarense","tag-crimes-contra-a-administracao-publica-no-municipio-de-governador-valadares","tag-darly-alves-de-souza","tag-delacao-premiada-do-ex-diretor-do-saae-jefferson-santos-lima","tag-democrata","tag-democrata-de-governador-valadares-foi-uma-especie-de-agiota-da-pavotec","tag-denis-rodrigo-celestino-silva","tag-destaque","tag-desvio-de-dinheiro-governador-valadares","tag-desvio-de-dinheiro-saae-de-governador-valadares","tag-desvio-de-recursos-publicos-governador-valadares","tag-diocese-de-governador-valadares","tag-diolindo-manoel-peixoto-de-freitas","tag-diretor-adjunto-do-saae","tag-diretor-de-gestao-de-rh-do-saae","tag-diretor-do-departamento-de-servicos-funerarios-e-cemiterios","tag-diretor-do-saae","tag-diretor-geral-do-saae-de-governador-valadares","tag-diretor-geral-do-saae-de-governador-valadares-e-outras-sete-pessoas-sao-presos-em-operacao-da-pf","tag-dividas-de-campanha-da-prefeita-elisa-costa","tag-djalma-florencio-diniz","tag-djalma-florencio-diniz-junior","tag-dpark","tag-dpark-servicos-de-estacionamento","tag-edmilson-ferreira-sa","tag-edmilson-soares","tag-edmilson-soares-dos-santos","tag-eduardo-luiz-cabral-byrro","tag-eduardo-luiz-magalhaes-guatimosim","tag-edvaldo-soares","tag-elisa-costa","tag-em-governador-valadares","tag-emilio-claudio-alvarenga-rios","tag-emilio-frois","tag-empresarios","tag-esporte-clube-democrata","tag-evandro-ventura","tag-fejoli-florestal","tag-felipe-siman","tag-fraude-empresa-valadarense","tag-fraude-valadarense","tag-gaeco-de-governador-valadares","tag-gaego","tag-geovanne-honorio-da-silva","tag-gerente-do-posto-tabajara","tag-gledston-gomes-de-araujo","tag-gledston-guetao","tag-gledston-guetao-reassume-cadeira-na-camara-de-governador-valadares","tag-governador-valadares","tag-grupo-de-atuacao-especial-de-combate-ao-crime-organizado","tag-investigacao-valadarense","tag-jaider-batista-da-silva","tag-jean-carlos-soares","tag-jefferson-lima","tag-jefferson-santos-lima","tag-jorge-ferreira-lopes","tag-jose-estanislau-de-brito","tag-jose-marcio-manoel","tag-juiz-converte-10-prisoes-temporarias-em-preventivas-e-libera-4-investigados-da-cadeia","tag-juiz-federal-determina-o-afastamento-de-oito-vereadores-de-governador-valadares","tag-juiz-libera-4-investigados-e-converte-10-prisoes-temporarias-em-preventivas","tag-juliana-alves-de-oliveira-melo","tag-juliana-campos-carvalho","tag-juliana-campos-carvalho-schettino","tag-juliana-de-oliveira-alves-melo","tag-juninho-tabajara","tag-justica-aceita-denuncia-e-torna-reus-36-politicos-e-servidores-publicos-de-governador-valadares","tag-justica-aceita-integralmente-denuncia-do-mpmg-contra-politicos-e-servidores-publicos-de-governador-valadares","tag-justica-recebe-denuncias-do-mpf-por-desvios-de-verbas-federais-em-governador-valadares","tag-levi-presidente","tag-levi-vieira-da-silva","tag-lucas-estanislau-de-brito","tag-luiz-alberto-jardim","tag-marco-rodrigo-rios-bertolacini","tag-marcos-antonio-voria","tag-marinaldo-carlos-de-amorim","tag-maurilio-reis-bretas","tag-memes-governador-valadares","tag-michel-cristian-de-freitas","tag-milvinho","tag-milvio-jose-da-silva","tag-minas","tag-ministerio-publico-de-minas-gerais","tag-ministerio-publico-federal","tag-mpf","tag-mpmg","tag-obras-sem-licitacao-beneficiaram-empresarios-e-agentes-publicos-em-governador-valadares","tag-obras-sem-licitacao-beneficiaram-empresarios-e-agentes-publicos-em-minas-gerais","tag-omir-do-saae","tag-omir-quintino-soares","tag-operacao-da-pf-governador-valadares","tag-operacao-da-policia-federal-governador-valadares","tag-operacao-saae-de-governador-valadares","tag-orfeu-brandao-perim","tag-organizacao-criminosa-prefeitura-de-governador-valadares","tag-otto-carlos-neto-oberosler","tag-padaria-pao-express","tag-pao-superfaturado-pagou-divida-de-campanha-do-pt-em-governador-valadares","tag-paulo-guimaraes-rodrigues","tag-pavotec","tag-pavotec-pavimentacao-e-terraplanagem","tag-pavotec-celebrou-com-o-esporte-clube-democrata-um-contrato-de-cessao-de-credito","tag-pf","tag-pf-deflagra-operacao-contra-fraudes-em-contratos-em-prefeitura-de-governador-valadares","tag-policia-federal","tag-policia-militar-de-minas-gerais","tag-prefeita-de-governador-valadares-nega-desvio-bilionario-e-pede-retratacao-da-pf","tag-prefeitura-de-governador-valadares","tag-prefeitura-de-governador-valadares-refuta-informacao-sobre-desvio-bilionario","tag-presidente-de-sindicato-em-governador-valadares-recebeu-r-400-mil-em-propinas","tag-presidente-do-democrata","tag-presidente-do-democrata-e-preso","tag-presidente-do-esporte-clube-democrata","tag-presos-saae-de-governador-valadares","tag-prisao","tag-prisao-aldair-santos-doliveira","tag-prisao-construtora-vieira-prado","tag-prisao-de-anania-paula-da-silva","tag-prisao-de-ananias-camelo","tag-prisao-de-carlos-helder-lazaro","tag-prisao-de-cezinha-alvarenga","tag-prisao-de-djalma-florencio-diniz","tag-prisao-de-djalma-florencio-diniz-junior","tag-prisao-de-edvaldo-soares","tag-prisao-de-geovane-honorio","tag-prisao-de-geovanne-honorio-da-silva","tag-prisao-de-gledston-gomes-de-araujo","tag-prisao-de-gledston-guetao","tag-prisao-de-juliana-de-oliveira-alves-melo","tag-prisao-de-levi-presidente","tag-prisao-de-levi-vieira","tag-prisao-de-levi-vieira-da-silva","tag-prisao-de-marinaldo-carlos-de-amorim","tag-prisao-de-milvinho","tag-prisao-de-milvio-jose-da-silva","tag-prisao-de-omir-quintino-soares","tag-prisao-de-politicos-governador-valadares","tag-prisao-de-proprietarios-da-empresa-valadarense","tag-prisao-de-seleme-hilel-neto","tag-prisao-de-sezary-de-oliveira-alvarenga","tag-prisao-de-vereadores-em-governador-valadares","tag-prisao-de-vereadores-governador-valadares","tag-prisao-de-vilmar-rios-dias-junior","tag-prisao-de-zangado","tag-prisao-diretor-adjunto-do-saae","tag-prisao-diretor-de-gestao-de-rh-do-saae","tag-prisao-diretor-do-departamento-de-servicos-funerarios-e-cemiterios","tag-prisao-diretor-do-saae","tag-prisao-do-presidente-do-democrata","tag-prisao-do-presidente-do-esporte-clube-democrata","tag-prisao-donos-da-valadarense","tag-prisao-emilio-claudio-alvarenga-rios","tag-prisao-empresa-valadarense","tag-prisao-gerente-do-posto-tabajara","tag-prisao-jean-carlos-soares","tag-prisao-jefferson-santos-lima","tag-prisao-jose-estanislau-de-brito","tag-prisao-juliana-campos-carvalho","tag-prisao-lucas-estanislau-de-brito","tag-prisao-marco-rodrigo-rios-bertolacini","tag-prisao-marcos-antonio-voria","tag-prisao-omir-quintino-soares","tag-prisao-padaria-pao-express","tag-prisao-restaurante-sabor-da-praca","tag-prisao-rh-assessoria","tag-prisao-roberto-jose-carvalho","tag-prisao-secretario-municipal-de-servicos-urbanos","tag-prisao-silvana-santos-alves","tag-prisao-temporaria-do-presidente-do-esporte-clube-democrata","tag-prisao-thiago-vieira-prado","tag-prisao-valadarense","tag-prisao-vilmar-rios-dias-junior","tag-procurador-da-republica","tag-proprietarios-da-empresa-valadarense","tag-proprietarios-da-empresa-valadarense-se-entregam-a-policia-federal","tag-pt","tag-quadrilha-desviou-quase-toda-verba-para-recuperacao-de-estragos-da-chuva-em-governador-valadares","tag-quadrilha-governador-valadares","tag-quadrilha-prefeitura-de-governador-valadares","tag-ranger-belisario-duarte-viana","tag-restaurante-sabor-da-praca","tag-rh-assessoria","tag-roberto-jose-carvalho","tag-roberto-jose-de-carvalho","tag-roubo-na-prefeitura-de-governador-valadares","tag-rua-da-passagem","tag-saae-de-governador-valadares","tag-schinyder-exupery-cardozo","tag-secretario-municipal-de-servicos-urbanos","tag-seleme-hilel","tag-seleme-hilel-neto","tag-sezary-de-oliveira-alvarenga","tag-silvana-santos-alves","tag-sindicato-dos-trabalhadores-de-transportes-rodoviarios-de-governador-valadares","tag-sinttro-gv","tag-sinttrogv","tag-tarsis-augusto-de-santana-lima","tag-thiago-vieira-do-prado","tag-thiago-vieira-prado","tag-valadarense","tag-vereadores-alvos-de-operacao-em-governador-valadares","tag-vereadores-presos-em-governado","tag-vereadores-presos-em-governador-valadares","tag-video-mostra-presidente-de-sindicato-recebendo-grande-quantia-de-dinheiro-do-proprietario-da-empresa-valadarense","tag-video-mostra-presidente-de-sindicato-recebendo-suposta-propina-de-empresa-de-onibus-em-governador-valadares","tag-video-mostra-presidente-de-sindicato-recebendo-suposta-propina-de-empresa-de-onibus-em-valadares","tag-vilmar-rios","tag-vilmar-rios-dias-junior","tag-zangado"],"_links":{"self":[{"href":"https:\/\/aconteceunovale.com.br\/portal\/index.php?rest_route=\/wp\/v2\/posts\/97472","targetHints":{"allow":["GET"]}}],"collection":[{"href":"https:\/\/aconteceunovale.com.br\/portal\/index.php?rest_route=\/wp\/v2\/posts"}],"about":[{"href":"https:\/\/aconteceunovale.com.br\/portal\/index.php?rest_route=\/wp\/v2\/types\/post"}],"author":[{"embeddable":true,"href":"https:\/\/aconteceunovale.com.br\/portal\/index.php?rest_route=\/wp\/v2\/users\/1"}],"replies":[{"embeddable":true,"href":"https:\/\/aconteceunovale.com.br\/portal\/index.php?rest_route=%2Fwp%2Fv2%2Fcomments&post=97472"}],"version-history":[{"count":0,"href":"https:\/\/aconteceunovale.com.br\/portal\/index.php?rest_route=\/wp\/v2\/posts\/97472\/revisions"}],"wp:featuredmedia":[{"embeddable":true,"href":"https:\/\/aconteceunovale.com.br\/portal\/index.php?rest_route=\/wp\/v2\/media\/87210"}],"wp:attachment":[{"href":"https:\/\/aconteceunovale.com.br\/portal\/index.php?rest_route=%2Fwp%2Fv2%2Fmedia&parent=97472"}],"wp:term":[{"taxonomy":"category","embeddable":true,"href":"https:\/\/aconteceunovale.com.br\/portal\/index.php?rest_route=%2Fwp%2Fv2%2Fcategories&post=97472"},{"taxonomy":"post_tag","embeddable":true,"href":"https:\/\/aconteceunovale.com.br\/portal\/index.php?rest_route=%2Fwp%2Fv2%2Ftags&post=97472"}],"curies":[{"name":"wp","href":"https:\/\/api.w.org\/{rel}","templated":true}]}}