{"id":97470,"date":"2016-09-21T17:08:25","date_gmt":"2016-09-21T20:08:25","guid":{"rendered":"http:\/\/aconteceunovale.com.br\/portal\/?p=97470"},"modified":"2016-09-21T17:08:25","modified_gmt":"2016-09-21T20:08:25","slug":"comite-aprova-aplicacao-de-r-50-milhoes-em-acoes-de-saneamento-e-residuos-solidos-na-regiao-do-rio-doce","status":"publish","type":"post","link":"https:\/\/aconteceunovale.com.br\/portal\/?p=97470","title":{"rendered":"Comit\u00ea aprova aplica\u00e7\u00e3o de R$ 50 milh\u00f5es em a\u00e7\u00f5es de saneamento e res\u00edduos s\u00f3lidos na regi\u00e3o do Rio Doce"},"content":{"rendered":"<p>O Comit\u00ea Interfederativo (CIF), criado para fiscalizar e validar as a\u00e7\u00f5es de repara\u00e7\u00e3o dos danos decorrentes do rompimento da barragem de Fund\u00e3o, em Mariana, aprovou, em sua 6\u00aa reuni\u00e3o, realizada esta semana em Bras\u00edlia, uma s\u00e9rie de delibera\u00e7\u00f5es para que a Funda\u00e7\u00e3o Renova (funda\u00e7\u00e3o independente criada pela Samarco e suas controladoras, Vale e BHP) preste informa\u00e7\u00f5es e esclarecimentos sobre as a\u00e7\u00f5es realizadas at\u00e9 o momento.<\/p>\n<p>Um grande avan\u00e7o foi a aprova\u00e7\u00e3o dos crit\u00e9rios para aplica\u00e7\u00e3o, ainda este ano, de R$ 50 milh\u00f5es dos R$ 500 milh\u00f5es previstos no acordo, para a\u00e7\u00f5es de saneamento e res\u00edduos s\u00f3lidos nos munic\u00edpios atingidos. O CIF aprovou Delibera\u00e7\u00e3o proposta pela C\u00e2mara T\u00e9cnica de Seguran\u00e7a H\u00eddrica e Qualidade da \u00c1gua que estabelece estes par\u00e2metros e autoriza o in\u00edcio dos investimentos.<\/p>\n<p>Al\u00e9m disso, a Funda\u00e7\u00e3o Renova entregou ao Comit\u00ea um \u201cPlano de A\u00e7\u00f5es para o Per\u00edodo Chuvoso 2016\/2017\u201d, em cumprimento \u00e0 delibera\u00e7\u00e3o da reuni\u00e3o anterior do CIF, que cobrava a elabora\u00e7\u00e3o deste documento. O Plano estabelece medidas de contingenciamento de emerg\u00eancia para o abastecimento de \u00e1gua, diante de um cen\u00e1rio pessimista de carreamento de rejeitos decorrente das chuvas, fundamental frente ao per\u00edodo que se aproxima.<\/p>\n<p>A C\u00e2mara T\u00e9cnica de Constru\u00e7\u00e3o e Recupera\u00e7\u00e3o de Infraestrutura, coordenada pela Secretaria de Cidades e de Integra\u00e7\u00e3o Regional (Secir), tamb\u00e9m solicitou que a Funda\u00e7\u00e3o encaminhe todas as pe\u00e7as t\u00e9cnicas (plantas, projetos, matrizes, etc.) referentes \u00e0s interven\u00e7\u00f5es feitas em infraestruturas at\u00e9 o momento na regi\u00e3o, e ainda, os Termos de Aceite dos propriet\u00e1rios e\/ou do poder p\u00fablico destas interven\u00e7\u00f5es, procedimento este, que a partir de agora dever\u00e1 ser mensal.<\/p>\n<p>Uma delibera\u00e7\u00e3o anterior do CIF previa que a Funda\u00e7\u00e3o entregasse um Planejamento para a execu\u00e7\u00e3o dos 39 programas estabelecidos no Acordo, com or\u00e7amento e cronograma para os pr\u00f3ximos tr\u00eas anos. O documento foi entregue ao Comit\u00ea e agora ser\u00e1 analisado no \u00e2mbito das metas previstas. <\/p>\n<p>\u201cS\u00f3 assim vamos poder mensurar se os prazos e etapas est\u00e3o sendo cumpridas, e para isso faremos um estudo minucioso do plano para avaliar e validar ou n\u00e3o, as medidas, a\u00e7\u00f5es e projetos descritos\u201d, afirmou a secret\u00e1ria adjunta da Secir Izabel Chiodi.<\/p>\n<p>Segundo o relat\u00f3rio entregue ao Comit\u00ea Interfederativo pela a Funda\u00e7\u00e3o Renova, at\u00e9 o momento, foi conclu\u00eddo o processo de escolha das \u00e1reas de assentamento das comunidades de Bento Rodrigues e Paracatu de Baixo, juntamente com a popula\u00e7\u00e3o atingida, e resta agora dar in\u00edcio ao processo de licenciamento ambiental e, posteriormente aquisi\u00e7\u00e3o das terras. O prazo pactuado para esta a\u00e7\u00e3o \u00e9 de 36 meses.<\/p>\n<p>Outra meta pactuada \u00e9 a recupera\u00e7\u00e3o total, num prazo de 30 meses das vias, pontes e unidades prediais destru\u00eddas pela lama. Estas a\u00e7\u00f5es est\u00e3o sendo implementadas desde o acidente, principalmente na sede do munic\u00edpio de Barra Longa, o que tem atendido \u00e0s demandas da popula\u00e7\u00e3o e permitindo a retomada da vida na cidade. (Ag\u00eancia Minas)<\/p>\n","protected":false},"excerpt":{"rendered":"<p>O Comit\u00ea Interfederativo (CIF), criado para fiscalizar e validar as a\u00e7\u00f5es de repara\u00e7\u00e3o dos danos decorrentes do rompimento da barragem de Fund\u00e3o, em Mariana, aprovou, em sua 6\u00aa reuni\u00e3o, realizada esta semana em Bras\u00edlia, uma s\u00e9rie de delibera\u00e7\u00f5es para que a Funda\u00e7\u00e3o Renova (funda\u00e7\u00e3o independente criada pela Samarco e suas controladoras, Vale e BHP) preste [&hellip;]<\/p>\n","protected":false},"author":1,"featured_media":16156,"comment_status":"open","ping_status":"closed","sticky":false,"template":"","format":"standard","meta":{"amp_status":"","footnotes":""},"categories":[123],"tags":[116315,116316,116314,4606,116318,116313,116317,7363,66993],"class_list":["post-97470","post","type-post","status-publish","format-standard","has-post-thumbnail","hentry","category-gerais","tag-aplicacao-de-r-50-milhoes-em-acoes-de-residuos-solidos-na-regiao-do-rio-doce","tag-aplicacao-de-r-50-milhoes-em-acoes-de-saneamento-e-residuos-solidos-na-regiao-do-rio-doce","tag-aplicacao-de-r-50-milhoes-em-acoes-de-saneamento-na-regiao-do-rio-doce","tag-brasilia","tag-cif","tag-comite-aprova-aplicacao-de-r-50-milhoes-em-acoes-de-saneamento-e-residuos-solidos-na-regiao-do-rio-doce","tag-comite-interfederativo","tag-mariana","tag-rompimento-da-barragem-de-fundao"],"_links":{"self":[{"href":"https:\/\/aconteceunovale.com.br\/portal\/index.php?rest_route=\/wp\/v2\/posts\/97470","targetHints":{"allow":["GET"]}}],"collection":[{"href":"https:\/\/aconteceunovale.com.br\/portal\/index.php?rest_route=\/wp\/v2\/posts"}],"about":[{"href":"https:\/\/aconteceunovale.com.br\/portal\/index.php?rest_route=\/wp\/v2\/types\/post"}],"author":[{"embeddable":true,"href":"https:\/\/aconteceunovale.com.br\/portal\/index.php?rest_route=\/wp\/v2\/users\/1"}],"replies":[{"embeddable":true,"href":"https:\/\/aconteceunovale.com.br\/portal\/index.php?rest_route=%2Fwp%2Fv2%2Fcomments&post=97470"}],"version-history":[{"count":0,"href":"https:\/\/aconteceunovale.com.br\/portal\/index.php?rest_route=\/wp\/v2\/posts\/97470\/revisions"}],"wp:featuredmedia":[{"embeddable":true,"href":"https:\/\/aconteceunovale.com.br\/portal\/index.php?rest_route=\/wp\/v2\/media\/16156"}],"wp:attachment":[{"href":"https:\/\/aconteceunovale.com.br\/portal\/index.php?rest_route=%2Fwp%2Fv2%2Fmedia&parent=97470"}],"wp:term":[{"taxonomy":"category","embeddable":true,"href":"https:\/\/aconteceunovale.com.br\/portal\/index.php?rest_route=%2Fwp%2Fv2%2Fcategories&post=97470"},{"taxonomy":"post_tag","embeddable":true,"href":"https:\/\/aconteceunovale.com.br\/portal\/index.php?rest_route=%2Fwp%2Fv2%2Ftags&post=97470"}],"curies":[{"name":"wp","href":"https:\/\/api.w.org\/{rel}","templated":true}]}}