{"id":97459,"date":"2016-09-21T11:22:10","date_gmt":"2016-09-21T14:22:10","guid":{"rendered":"http:\/\/aconteceunovale.com.br\/portal\/?p=97459"},"modified":"2016-09-21T11:22:10","modified_gmt":"2016-09-21T14:22:10","slug":"motorista-fica-preso-as-ferragens-apos-caminhao-carregado-de-ureia-tombar-na-br-251-no-norte-de-minas","status":"publish","type":"post","link":"https:\/\/aconteceunovale.com.br\/portal\/?p=97459","title":{"rendered":"Motorista fica preso \u00e0s ferragens ap\u00f3s caminh\u00e3o carregado de ureia tombar na BR-251, no Norte de Minas"},"content":{"rendered":"<p>Um motorista de 42 anos ficou ferido depois que o caminh\u00e3o conduzido por ele tombou na BR-251, perto de Salinas (regi\u00e3o Norte de Minas), na noite dessa ter\u00e7a-feira (20\/09\/2016). Segundo informa\u00e7\u00f5es do Corpo de Bombeiros, o condutor ficou preso \u00e0s ferragens e teve traumatismo craniano. As outras duas pessoas que estavam no ve\u00edculo estavam conscientes e n\u00e3o apresentavam ferimentos graves. As v\u00edtimas foram socorridas pelos militares e pelo Samu.<\/p>\n<p>Ainda de acordo com a corpora\u00e7\u00e3o, a carga do caminh\u00e3o, de ureia, ficou espalhada pela pista. O produto, que estava na forma s\u00f3lida, \u00e9 considerado perigoso, mas o recolhimento \u00e9 simples e ficou sob responsabilidade de uma empresa.<\/p>\n<p>A Pol\u00edcia Rodovi\u00e1ria Federal (PRF) informou que o tr\u00e2nsito n\u00e3o precisou ser interditado e que o fluxo de ve\u00edculos no local segue normalmente.<\/p>\n<p><img decoding=\"async\" src=\"http:\/\/aconteceunovale.com.br\/portal\/wp-content\/uploads\/2016\/09\/acidente_251_salinas.jpeg\" alt=\"\" \/><em>Caminh\u00e3o tombou na BR-251, munic\u00edpio de Salinas (Foto: Corpo de Bombeiros\/Divulga\u00e7\u00e3o)<\/em><br \/>\n<\/br><\/p>\n<p><em>(Via G1 Grande Minas)<\/em><\/p>\n","protected":false},"excerpt":{"rendered":"<p>Um motorista de 42 anos ficou ferido depois que o caminh\u00e3o conduzido por ele tombou na BR-251, perto de Salinas (regi\u00e3o Norte de Minas), na noite dessa ter\u00e7a-feira (20\/09\/2016). Segundo informa\u00e7\u00f5es do Corpo de Bombeiros, o condutor ficou preso \u00e0s ferragens e teve traumatismo craniano. As outras duas pessoas que estavam no ve\u00edculo estavam conscientes [&hellip;]<\/p>\n","protected":false},"author":1,"featured_media":97460,"comment_status":"open","ping_status":"closed","sticky":false,"template":"","format":"standard","meta":{"amp_status":"","footnotes":""},"categories":[1236],"tags":[97212,116286,116287,116288,13619,921,116285,190],"class_list":["post-97459","post","type-post","status-publish","format-standard","has-post-thumbnail","hentry","category-norte_de_minas","tag-acidente-br-251","tag-acidente-br-251-em-salinas","tag-acidente-caminhao-de-ureia-na-br-251","tag-acidente-com-caminhao-carregado-de-ureia-na-br-251","tag-acidente-em-salinas","tag-br-251","tag-motorista-fica-preso-as-ferragens-apos-caminhao-carregado-de-ureia-tombar-na-br-251","tag-salinas"],"_links":{"self":[{"href":"https:\/\/aconteceunovale.com.br\/portal\/index.php?rest_route=\/wp\/v2\/posts\/97459","targetHints":{"allow":["GET"]}}],"collection":[{"href":"https:\/\/aconteceunovale.com.br\/portal\/index.php?rest_route=\/wp\/v2\/posts"}],"about":[{"href":"https:\/\/aconteceunovale.com.br\/portal\/index.php?rest_route=\/wp\/v2\/types\/post"}],"author":[{"embeddable":true,"href":"https:\/\/aconteceunovale.com.br\/portal\/index.php?rest_route=\/wp\/v2\/users\/1"}],"replies":[{"embeddable":true,"href":"https:\/\/aconteceunovale.com.br\/portal\/index.php?rest_route=%2Fwp%2Fv2%2Fcomments&post=97459"}],"version-history":[{"count":0,"href":"https:\/\/aconteceunovale.com.br\/portal\/index.php?rest_route=\/wp\/v2\/posts\/97459\/revisions"}],"wp:featuredmedia":[{"embeddable":true,"href":"https:\/\/aconteceunovale.com.br\/portal\/index.php?rest_route=\/wp\/v2\/media\/97460"}],"wp:attachment":[{"href":"https:\/\/aconteceunovale.com.br\/portal\/index.php?rest_route=%2Fwp%2Fv2%2Fmedia&parent=97459"}],"wp:term":[{"taxonomy":"category","embeddable":true,"href":"https:\/\/aconteceunovale.com.br\/portal\/index.php?rest_route=%2Fwp%2Fv2%2Fcategories&post=97459"},{"taxonomy":"post_tag","embeddable":true,"href":"https:\/\/aconteceunovale.com.br\/portal\/index.php?rest_route=%2Fwp%2Fv2%2Ftags&post=97459"}],"curies":[{"name":"wp","href":"https:\/\/api.w.org\/{rel}","templated":true}]}}