{"id":97450,"date":"2016-09-21T10:53:34","date_gmt":"2016-09-21T13:53:34","guid":{"rendered":"http:\/\/aconteceunovale.com.br\/portal\/?p=97450"},"modified":"2016-09-21T10:53:34","modified_gmt":"2016-09-21T13:53:34","slug":"lula-diz-que-esta-triste","status":"publish","type":"post","link":"https:\/\/aconteceunovale.com.br\/portal\/?p=97450","title":{"rendered":"Lula diz que est\u00e1 triste"},"content":{"rendered":"<p>O ex-presidente Luiz In\u00e1cio Lula da Silva disse que est\u00e1 \u201ctriste\u201d com a aceita\u00e7\u00e3o pelo juiz S\u00e9rgio Moro da\u00a0den\u00fancia contra ele\u00a0apresentada pela for\u00e7a-tarefa da Opera\u00e7\u00e3o Lava Jato, mas disse que confia na Justi\u00e7a e vai \u201ccontinuar lutando\u201d para que o Brasil \u201cconquiste a democracia\u201d.<\/p>\n<p>Com a decis\u00e3o desta ter\u00e7a-feira (20), Lula, a mulher dele, Marisa Let\u00edcia, e mais seis pessoas se tornaram r\u00e9us nas investiga\u00e7\u00f5es, que o apontam como o \u201ccomandante m\u00e1ximo do esquema de corrup\u00e7\u00e3o identificado na [Opera\u00e7\u00e3o] Lava Jato\u201d e o acusam de corrup\u00e7\u00e3o passiva e lavagem de dinheiro.<\/p>\n<p>Por meio de uma transmiss\u00e3o ao vivo na internet, o ex-presidente voltou a criticar a den\u00fancia apresentada na semana passada pelo Minist\u00e9rio P\u00fablico Federal. \u201cObviamente que eu estou triste porque fiquei sabendo agora que o juiz Moro aceitou a den\u00fancia contra mim, mesmo a den\u00fancia sendo uma farsa, uma grande mentira contada, um grande<em>show\u00a0<\/em>de pirotecnia nesse pa\u00eds\u201d, disse o ex-presidente.<\/p>\n<p>\u201cDe qualquer forma, como eu acredito na Justi\u00e7a, tenho bons advogados, vamos brigar para ver o que d\u00e1. A verdade \u00e9 essa. Vamos continuar lutando para que o Brasil conquiste a democracia e que o povo brasileiro volte a ter orgulho de ser brasileiro porque n\u00f3s somos brasileiros e n\u00e3o desistimos nunca\u201d, complementou.<\/p>\n<p>Segundo Lula, \u201cpara algu\u00e9m ser julgado de verdade e ser condenado ou absolvido precisa ter certeza\u201d. O ex-presidente comentou a not\u00edcia h\u00e1 pouco, ao participar, por teleconfer\u00eancia, do lan\u00e7amento mundial de uma campanha de apoio a ele chamada \u201cEstamos com Lula\u201d. O evento ocorreu em Nova York e teve o apoio da Confedera\u00e7\u00e3o Sindical Internacional, que representa, segundo a assessoria de imprensa do ex-presidente, 180 milh\u00f5es de trabalhadores sindicalizados de 162 pa\u00edses.<\/p>\n<p>Os advogados do ex-presidente divulgaram uma nota em que\u00a0criticam S\u00e9rgio Moro\u00a0e afirmam que o juiz \u201cperdeu sua imparcialidade para julgar Lula, ap\u00f3s ter praticado diversos atos que violaram as garantias fundamentais do ex-presidente\u201d.<\/p>\n<p><strong>Paulo Okamoto<\/strong><\/p>\n<p>Tamb\u00e9m por meio de nota, o advogado do presidente do Instituto Lula, Paulo Okamoto, alegou que n\u00e3o h\u00e1 lavagem de dinheiro porque Lula, Okamoto e o \u00f3rg\u00e3o n\u00e3o se beneficiaram. O advogado Fernando Augusto Fernandes diz que vai recorrer da decis\u00e3o e que a den\u00fancia \u201csem provas\u201d e \u201csem justa causa\u201d n\u00e3o poderia ter sido aceita.<\/p>\n<p>\u201cN\u00e3o h\u00e1 corrup\u00e7\u00e3o ou vantagem il\u00edcita no pagamento para conserva\u00e7\u00e3o de um acervo de ex-presidente porque \u00e9 considerado como \u2018patrim\u00f4nio cultural brasileiro de interesse p\u00fablico\u2019\u201d, escreveu a defesa do instituto. (Ag\u00eancia Brasil)<\/p>\n","protected":false},"excerpt":{"rendered":"<p>O ex-presidente Luiz In\u00e1cio Lula da Silva disse que est\u00e1 \u201ctriste\u201d com a aceita\u00e7\u00e3o pelo juiz S\u00e9rgio Moro da\u00a0den\u00fancia contra ele\u00a0apresentada pela for\u00e7a-tarefa da Opera\u00e7\u00e3o Lava Jato, mas disse que confia na Justi\u00e7a e vai \u201ccontinuar lutando\u201d para que o Brasil \u201cconquiste a democracia\u201d. Com a decis\u00e3o desta ter\u00e7a-feira (20), Lula, a mulher dele, Marisa [&hellip;]<\/p>\n","protected":false},"author":1,"featured_media":97451,"comment_status":"open","ping_status":"closed","sticky":false,"template":"","format":"standard","meta":{"amp_status":"","footnotes":""},"categories":[6,40240],"tags":[82545,22876,115441,83291,21883,116162,81834,116275,82552,116165,44728,82255,115325,116170,75877,84489,83635,116166,98960,112718,14124,7147,116164,22875,18095,80867,112719,116163,82550,116167,115439,116168,116169,115326,35052,116171,116161],"class_list":["post-97450","post","type-post","status-publish","format-standard","has-post-thumbnail","hentry","category-br","category-politica-2","tag-13a-vara-federal-de-curitiba","tag-agenor-franklin-magalhaes-medeiros","tag-comandante-maximo-do-esquema-de-corrupcao-identificado-na-lava-jato","tag-deltan-dallagnol","tag-denuncia","tag-denuncia-apresentada-pela-forca-tarefa-da-operacao-lava-jato-contra-o-ex-presidente-luiz-inacio-lula-da-silva","tag-denuncia-contra-lula","tag-denuncia-contra-moro","tag-denuncia-ex-presidente-lula","tag-denuncia-lula-operacao-lava-jato","tag-ex-presidente-luiz-inacio-lula-da-silva","tag-ex-presidente-lula","tag-fabio-hori-yonamine","tag-forca-tarefa","tag-instituto-lula","tag-investigacao-ex-presidente-luiz-inacio-lula-da-silva","tag-investigacao-ex-presidente-lula","tag-investigacao-lula-operacao-lava-jato","tag-juiz-da-13a-vara-federal-de-curitiba","tag-leo-pinheiro","tag-luiz-inacio-lula-da-silva","tag-lula","tag-marisa-leticia-da-silva","tag-oas","tag-operacao-lava-jato","tag-paulo-okamotto","tag-paulo-roberto-valente-gordilho","tag-processo-ex-presidente-luiz-inacio-lula-da-silva","tag-processo-ex-presidente-lula","tag-processo-lula-operacao-lava-jato","tag-procurador-da-republica-deltan-dallagnol","tag-propinocracia","tag-propinocracia-brasileira","tag-roberto-moreira-ferreira","tag-sergio-moro","tag-sergio-moro-aceita-denuncia-e-ex-presidente-lula-vira-reu-na-operacao-lava-jato","tag-vara-federal-de-curitiba"],"_links":{"self":[{"href":"https:\/\/aconteceunovale.com.br\/portal\/index.php?rest_route=\/wp\/v2\/posts\/97450","targetHints":{"allow":["GET"]}}],"collection":[{"href":"https:\/\/aconteceunovale.com.br\/portal\/index.php?rest_route=\/wp\/v2\/posts"}],"about":[{"href":"https:\/\/aconteceunovale.com.br\/portal\/index.php?rest_route=\/wp\/v2\/types\/post"}],"author":[{"embeddable":true,"href":"https:\/\/aconteceunovale.com.br\/portal\/index.php?rest_route=\/wp\/v2\/users\/1"}],"replies":[{"embeddable":true,"href":"https:\/\/aconteceunovale.com.br\/portal\/index.php?rest_route=%2Fwp%2Fv2%2Fcomments&post=97450"}],"version-history":[{"count":0,"href":"https:\/\/aconteceunovale.com.br\/portal\/index.php?rest_route=\/wp\/v2\/posts\/97450\/revisions"}],"wp:featuredmedia":[{"embeddable":true,"href":"https:\/\/aconteceunovale.com.br\/portal\/index.php?rest_route=\/wp\/v2\/media\/97451"}],"wp:attachment":[{"href":"https:\/\/aconteceunovale.com.br\/portal\/index.php?rest_route=%2Fwp%2Fv2%2Fmedia&parent=97450"}],"wp:term":[{"taxonomy":"category","embeddable":true,"href":"https:\/\/aconteceunovale.com.br\/portal\/index.php?rest_route=%2Fwp%2Fv2%2Fcategories&post=97450"},{"taxonomy":"post_tag","embeddable":true,"href":"https:\/\/aconteceunovale.com.br\/portal\/index.php?rest_route=%2Fwp%2Fv2%2Ftags&post=97450"}],"curies":[{"name":"wp","href":"https:\/\/api.w.org\/{rel}","templated":true}]}}