{"id":97447,"date":"2016-09-21T10:29:22","date_gmt":"2016-09-21T13:29:22","guid":{"rendered":"http:\/\/aconteceunovale.com.br\/portal\/?p=97447"},"modified":"2016-09-21T10:29:22","modified_gmt":"2016-09-21T13:29:22","slug":"eleicao-para-prefeitura-de-belo-horizonte-tem-candidatos-mais-jovens-e-recorde-de-inscritos","status":"publish","type":"post","link":"https:\/\/aconteceunovale.com.br\/portal\/?p=97447","title":{"rendered":"Elei\u00e7\u00e3o para prefeitura de Belo Horizonte tem candidatos mais jovens e recorde de inscritos"},"content":{"rendered":"<p>A disputa pela prefeitura de Belo Horizonte tem, neste ano, recorde de chapas considerando as elei\u00e7\u00f5es municipais desde 1988. S\u00e3o 11 candidatos: Alexandre Kalil (PHS), D\u00e9lio Malheiros (PSD), Eros Biondini (PROS), Jo\u00e3o Leite (PSDB), Lu\u00eds Tib\u00e9 (PTdoB), Marcelo \u00c1lvaro Ant\u00f4nio (PR), Maria da Consola\u00e7\u00e3o (PSOL), Reginaldo Lopes (PT), Rodrigo Pacheco (PMDB), Sargento Rodrigues (PDT) e Vanessa Portugal (PSTU). At\u00e9 ent\u00e3o, a elei\u00e7\u00e3o de 2000 registrava o maior n\u00famero de concorrentes, quando dez nomes foram apresentados para disputar o poder executivo da capital mineira.<\/p>\n<p>A quantidade de candidatos ao cargo de vereador tamb\u00e9m cresceu. Saltou de 1.287 em 2012 para 1.444 neste pleito. Eles disputam 41 vagas.<\/p>\n<p>A elei\u00e7\u00e3o de 2016 marca ainda um rejuvenescimento na faixa et\u00e1ria dos candidatos. Cinco dos 11 candidatos tem entre 35 e 45 anos. Em 2012, esta faixa et\u00e1ria tinha apenas candidata \u2013 Vanessa Portugal, que tamb\u00e9m concorreu ao cargo naquele ano. Al\u00e9m disso, na \u00faltima elei\u00e7\u00e3o municipal, tr\u00eas dos sete nomes que entraram na disputa tinham 60 anos ou mais, enquanto nesta edi\u00e7\u00e3o Jo\u00e3o Leite \u00e9 o \u00fanico sexagen\u00e1rio.<\/p>\n<p><strong>Eleitores<\/strong><\/p>\n<p>Belo Horizonte tem 1,92 milh\u00e3o de eleitores, sendo 54,17% dos sexo feminino, o que contrasta com o perfil dos candidatos j\u00e1 que h\u00e1 apenas duas mulheres entre os 11 nomes que disputam a prefeitura.<\/p>\n<p>Entre os candidatos a vereador, 68,6% s\u00e3o do sexo masculino. Em compara\u00e7\u00e3o com 2012, o eleitorado caiu em todas as faixas et\u00e1rias abaixo de 34 anos e cresceu nas acima de 35 anos. A faixa et\u00e1ria que mais concentra eleitores (25,26%) tem entre 45 e 59 anos.<\/p>\n<p>Segundo dados informados \u00e0 \u00e9poca do cadastro eleitoral, 37,98% da popula\u00e7\u00e3o apta a votar t\u00eam ensino fundamental completo; 45,5% dos eleitores t\u00eam ensino m\u00e9dio incompleto ou completo; 11,29% dos eleitores t\u00eam ensino superior completo e 5,17% est\u00e3o cursando ou abandonaram o ensino superior.<\/p>\n<p><strong>Candidatos<\/strong><\/p>\n<p>O candidato que representa o atual mandato \u00e9 o vice-prefeito D\u00e9lio Malheiros (PV). Embora o PSB do prefeito M\u00e1rcio Lacerda tenha ensaiado uma candidatura pr\u00f3pria, n\u00e3o conseguiu articular alian\u00e7as e, de \u00faltima hora, a legenda aprovou o apoio a D\u00e9lio e a indica\u00e7\u00e3o do vice na chapa.<\/p>\n<p>Duas candidaturas s\u00e3o de pessoas que foram projetados para a pol\u00edtica por meio do futebol e que t\u00eam sua trajet\u00f3ria ligada ao Atl\u00e9tico Mineiro. Jo\u00e3o Leite (PSDB) foi goleiro na d\u00e9cada de 1980 e Alexandre Kalil (PHS) foi presidente do clube entre 2008 e 2014, per\u00edodo em que o time conquistou a Copa Libertadores (2013), considerado o maior t\u00edtulo do clube. Enquanto Kalil participa de sua primeira elei\u00e7\u00e3o e tenta se apresentar como bom gestor, Jo\u00e3o Leite apresenta seu vasto curr\u00edculo pol\u00edtico com mandatos de vereador em Belo Horizonte e de deputado estadual em Minas Gerais. Ele tamb\u00e9m j\u00e1 disputou a prefeitura em 2000 e 2004, terminando na segunda coloca\u00e7\u00e3o em ambas as vezes.<\/p>\n<p>Maria da Consola\u00e7\u00e3o (PSOL) e Reginaldo Lopes (PT) s\u00e3o os mais enf\u00e1ticos ao se posicionarem sobre o atual quadro da pol\u00edtica nacional. Tanto nos materiais gr\u00e1ficos, como nos programas radiof\u00f4nicos e televisivos, eles classificam de golpe o processo que levou ao\u00a0<em>impeachment<\/em>\u00a0de Dilma Rousseff.<\/p>\n<p>Por sua vez, o atual deputado federal Luis Tib\u00e9 (PTdoB) se coloca como o representante da coliga\u00e7\u00e3o mais ampla, com oito partidos: PTdoB, PRP, PSL, PTC, PEN, PPL, SD, PMB. J\u00e1 Eros Biondini (PROS), deputado federal e l\u00edder da Renova\u00e7\u00e3o Carism\u00e1tica Cat\u00f3lica, e Vanessa Portugal (PSTU), que encara a disputa pela quarta vez consecutiva, s\u00e3o candidatos em chapas chamadas puro-sangue, isto \u00e9, seus vices pertencem ao mesmo partido. O atual deputado federal Rodrigo Pacheco (PMDB) tamb\u00e9m tem um vice correligion\u00e1rio, embora sua coliga\u00e7\u00e3o conte ainda com o PSC e PTN.<\/p>\n<p>Marcelo \u00c1lvaro (PR) optou por uma campanha virtual e alega fazer pol\u00edtica sem milit\u00e2ncia paga e carro de som nas ruas. J\u00e1 Sargento Rodrigues (PDT), que conseguiu viabilizar a candidatura ap\u00f3s conflitos internos no partido, tem dado peso \u00e0s propostas para a \u00e1rea de seguran\u00e7a urbana.<\/p>\n<p>(Ag\u00eancia Brasil)<\/p>\n","protected":false},"excerpt":{"rendered":"<p>A disputa pela prefeitura de Belo Horizonte tem, neste ano, recorde de chapas considerando as elei\u00e7\u00f5es municipais desde 1988. S\u00e3o 11 candidatos: Alexandre Kalil (PHS), D\u00e9lio Malheiros (PSD), Eros Biondini (PROS), Jo\u00e3o Leite (PSDB), Lu\u00eds Tib\u00e9 (PTdoB), Marcelo \u00c1lvaro Ant\u00f4nio (PR), Maria da Consola\u00e7\u00e3o (PSOL), Reginaldo Lopes (PT), Rodrigo Pacheco (PMDB), Sargento Rodrigues (PDT) e [&hellip;]<\/p>\n","protected":false},"author":1,"featured_media":71176,"comment_status":"open","ping_status":"closed","sticky":false,"template":"","format":"standard","meta":{"amp_status":"","footnotes":""},"categories":[79927,123,40240],"tags":[25087,109048,194,111101,111102,107337,107300,107336,107342,107338,107339,107335,107341,107340,107334,107316,107325,107321,107331,111103,109046,107322,107332,107347,116271,111104,116270,107343,107315,107323,109047,116274,59515,111105,107324,78864,107333,111106,107330,227,107344,107345,107346,28996,107320,107329,107318,107327,116272,41226,107303,131,17351,107319,107328,107317,107326,41221,17367,116273],"class_list":["post-97447","post","type-post","status-publish","format-standard","has-post-thumbnail","hentry","category-eleicoes-2016-2","category-gerais","category-politica-2","tag-alexandre-kalil","tag-aplicativo-candidaturas-2016","tag-belo-horizonte","tag-candidato-a-prefeito-de-belo-horizonte","tag-candidato-a-prefeito-eleicoes-2016-belo-horizonte","tag-candidatos-a-prefeito-de","tag-candidatos-a-prefeito-de-belo-horizonte","tag-candidatos-a-prefeito-eleicoes-2016","tag-candidatos-a-prefeito-eleicoes-municipais-2016","tag-candidatos-a-prefeito-em","tag-candidatos-a-vereador-de","tag-candidatos-a-vereador-eleicoes-2016","tag-candidatos-a-vereador-eleicoes-municipais-2016","tag-candidatos-a-vereador-em","tag-candidatos-a-vereador-em-2016","tag-candidatos-eleicoes-2016","tag-candidatos-eleicoes-2016-minas-gerais","tag-candidatos-eleicoes-municipais-2016","tag-candidatos-eleicoes-municipais-2016-minas-gerais","tag-candidatos-em-belo-horizonte","tag-candidaturas-2016","tag-candidaturas-eleicoes-municipais-2016","tag-candidaturas-eleicoes-municipais-2016-minas-gerais","tag-consultas-sobre-candidatos-2016","tag-delio-malheiros","tag-disputa-eleitoral-belo-horizonte","tag-disputa-pela-prefeitura-de-belo-horizonte","tag-divulgacao-de-candidaturas-2016","tag-divulgacao-de-candidaturas-eleicoes-2016","tag-divulgacao-de-candidaturas-eleicoes-2016-minas-gerais","tag-download-aplicativo-candidaturas-2016","tag-eleicao-para-prefeitura-de-belo-horizonte-tem-candidatos-mais-jovens-e-recorde-de-inscritos","tag-eleicoes-2016","tag-eleicoes-2016-belo-horizonte","tag-eleicoes-2016-minas-gerais","tag-eleicoes-municipais-2016","tag-eleicoes-municipais-2016-divulgacao-de-candidaturas","tag-eleicoes-municipais-2016-em-belo-horizonte","tag-eleicoes-municipais-2016-minas-gerais","tag-eros-biondini","tag-informacoes-detalhadas-sobre-todos-os-candidatos-de-2016","tag-informacoes-sobre-todos-os-candidatos","tag-informacoes-sobre-todos-os-candidatos-de-2016","tag-joao-leite","tag-lista-candidaturas-eleicoes-2016","tag-lista-candidaturas-eleicoes-2016-minas-gerais","tag-lista-de-todos-os-candidatos-eleicoes-2016","tag-lista-de-todos-os-candidatos-eleicoes-2016-minas-gerais","tag-luis-tibe","tag-marcelo-alvaro-antonio","tag-maria-da-consolacao","tag-minas-gerais","tag-reginaldo-lopes","tag-relacao-candidaturas-eleicoes-2016","tag-relacao-candidaturas-eleicoes-2016-minas-gerais","tag-relacao-de-todos-os-candidatos-eleicoes-2016","tag-relacao-de-todos-os-candidatos-eleicoes-2016-minas-gerais","tag-rodrigo-pacheco","tag-sargento-rodrigues","tag-vanessa-portugal"],"_links":{"self":[{"href":"https:\/\/aconteceunovale.com.br\/portal\/index.php?rest_route=\/wp\/v2\/posts\/97447","targetHints":{"allow":["GET"]}}],"collection":[{"href":"https:\/\/aconteceunovale.com.br\/portal\/index.php?rest_route=\/wp\/v2\/posts"}],"about":[{"href":"https:\/\/aconteceunovale.com.br\/portal\/index.php?rest_route=\/wp\/v2\/types\/post"}],"author":[{"embeddable":true,"href":"https:\/\/aconteceunovale.com.br\/portal\/index.php?rest_route=\/wp\/v2\/users\/1"}],"replies":[{"embeddable":true,"href":"https:\/\/aconteceunovale.com.br\/portal\/index.php?rest_route=%2Fwp%2Fv2%2Fcomments&post=97447"}],"version-history":[{"count":0,"href":"https:\/\/aconteceunovale.com.br\/portal\/index.php?rest_route=\/wp\/v2\/posts\/97447\/revisions"}],"wp:featuredmedia":[{"embeddable":true,"href":"https:\/\/aconteceunovale.com.br\/portal\/index.php?rest_route=\/wp\/v2\/media\/71176"}],"wp:attachment":[{"href":"https:\/\/aconteceunovale.com.br\/portal\/index.php?rest_route=%2Fwp%2Fv2%2Fmedia&parent=97447"}],"wp:term":[{"taxonomy":"category","embeddable":true,"href":"https:\/\/aconteceunovale.com.br\/portal\/index.php?rest_route=%2Fwp%2Fv2%2Fcategories&post=97447"},{"taxonomy":"post_tag","embeddable":true,"href":"https:\/\/aconteceunovale.com.br\/portal\/index.php?rest_route=%2Fwp%2Fv2%2Ftags&post=97447"}],"curies":[{"name":"wp","href":"https:\/\/api.w.org\/{rel}","templated":true}]}}