{"id":97439,"date":"2016-09-21T10:03:33","date_gmt":"2016-09-21T13:03:33","guid":{"rendered":"http:\/\/aconteceunovale.com.br\/portal\/?p=97439"},"modified":"2016-09-21T10:03:33","modified_gmt":"2016-09-21T13:03:33","slug":"tse-confirma-cassacao-do-prefeito-de-nova-lima","status":"publish","type":"post","link":"https:\/\/aconteceunovale.com.br\/portal\/?p=97439","title":{"rendered":"TSE confirma cassa\u00e7\u00e3o do prefeito de Nova Lima"},"content":{"rendered":"<p>Decis\u00e3o do Plen\u00e1rio do Tribunal Superior Eleitoral (TSE) confirmou por maioria de votos, na sess\u00e3o desta ter\u00e7a-feira (20\/09\/2016), as cassa\u00e7\u00f5es do prefeito de Nova Lima (MG), C\u00e1ssio Magnani J\u00fanior (PMDB), e de sua vice Maria de F\u00e1tima Monteiro de Aguiar (PT), por terem se beneficiado eleitoralmente da outorga de dois terrenos \u00e0 Igreja do Evangelho Quadrangular nas elei\u00e7\u00f5es de 2012. No entanto, os ministros afastaram, tamb\u00e9m por maioria de votos, a inelegibilidade de oito anos imposta a C\u00e1ssio e Maria de F\u00e1tima por entender que n\u00e3o participaram diretamente do ato de outorga, mas apenas foram benefici\u00e1rios. O Plen\u00e1rio determinou que os segundos colocados no pleito assumam a prefeitura.<\/p>\n<p>O Tribunal Regional Eleitoral de Minas Gerais (TRE-MG) cassou C\u00e1ssio e Maria de F\u00e1tima por se beneficiarem na elei\u00e7\u00e3o dos decretos de outorga. O TRE mineiro tamb\u00e9m os havia declarado ineleg\u00edveis por oito anos. Na sess\u00e3o desta noite, al\u00e9m da cassa\u00e7\u00e3o do prefeito e sua vice, o TSE manteve apenas a inelegibilidade do ex-prefeito Carlos Roberto, autor dos decretos de outorga dos terrenos p\u00fablicos municipais, a t\u00edtulo prec\u00e1rio, \u00e0 citada igreja.<\/p>\n<p>Em voto-vista apresentado na sess\u00e3o, o ministro Herman Benjamin votou por reverter a inelegibilidade de C\u00e1ssio e Maria de F\u00e1tima, no que foi acompanhado pela maioria do Plen\u00e1rio. At\u00e9 o pedido de vista de Herman Benjamin, a Corte Eleitoral j\u00e1 havia votado, em sess\u00f5es anteriores, por confirmar a cassa\u00e7\u00e3o do prefeito, de sua vice e a inelegibilidade de Carlos Roberto.<\/p>\n<p>Relator do processo, o ministro Herman Benjamin havia solicitado vista dos autos somente para analisar se a inelegibilidade de oito anos deveria atingir tamb\u00e9m C\u00e1ssio Magnani e sua vice, na condi\u00e7\u00e3o de benefici\u00e1rios eleitorais das doa\u00e7\u00f5es dos terrenos.<\/p>\n<p><img decoding=\"async\" src=\"http:\/\/aconteceunovale.com.br\/portal\/wp-content\/uploads\/2016\/09\/prefeito_nova_lima.jpg\" alt=\"\" \/><em>C\u00e1ssio Magnani J\u00fanior (Foto: Fernando Fot\u00f3grafo\/Reprodu\u00e7\u00e3o O Tempo)<\/em><br \/>\n<\/br><\/p>\n<p><strong>Voto do relator<\/strong><\/p>\n<p>Em sess\u00e3o h\u00e1 duas semanas, o ministro Herman Benjamin considerou que houve abuso de poder econ\u00f4mico e pol\u00edtico na assinatura de dois decretos de outorga de terrenos p\u00fablicos \u00e0 Igreja do Evangelho Quadrangular, pelo ent\u00e3o prefeito Carlos Roberto.<\/p>\n<p>Segundo o ministro, o objetivo dos decretos foi beneficiar as candidaturas de C\u00e1ssio e Maria de F\u00e1tima nas elei\u00e7\u00f5es de 2012. Herman Benjamin afirmou que, de acordo com os autos do processo, dias antes da elei\u00e7\u00e3o um pastor da igreja declarou a um jornal regional apoio pol\u00edtico \u00e0 candidatura de Magnani. Ap\u00f3s pedido de vista apresentado naquela sess\u00e3o pelo ministro Teori Zavascki, votaram com relator os ministros Henrique Neves, Edson Fachin, Rosa Weber e o pr\u00f3prio ministro Teori.<\/p>\n<p><em>(Fonte: TSE)<\/em><\/p>\n","protected":false},"excerpt":{"rendered":"<p>Decis\u00e3o do Plen\u00e1rio do Tribunal Superior Eleitoral (TSE) confirmou por maioria de votos, na sess\u00e3o desta ter\u00e7a-feira (20\/09\/2016), as cassa\u00e7\u00f5es do prefeito de Nova Lima (MG), C\u00e1ssio Magnani J\u00fanior (PMDB), e de sua vice Maria de F\u00e1tima Monteiro de Aguiar (PT), por terem se beneficiado eleitoralmente da outorga de dois terrenos \u00e0 Igreja do Evangelho [&hellip;]<\/p>\n","protected":false},"author":1,"featured_media":97440,"comment_status":"open","ping_status":"closed","sticky":false,"template":"","format":"standard","meta":{"amp_status":"","footnotes":""},"categories":[123,40240],"tags":[116252,116253,71083,116254,42593,1496,116251,94060,267,116255],"class_list":["post-97439","post","type-post","status-publish","format-standard","has-post-thumbnail","hentry","category-gerais","category-politica-2","tag-cassacao-do-prefeito-de-nova-lima","tag-cassio-magnani-junior","tag-igreja-do-evangelho-quadrangular","tag-inelegibilidade-de-oito-anos-imposta-a-cassio-e-maria-de-fatima","tag-maria-de-fatima","tag-nova-lima","tag-prefeito-de-nova-lima","tag-tribunal-superior-eleitoral","tag-tse","tag-tse-confirma-cassacao-do-prefeito-de-nova-lima"],"_links":{"self":[{"href":"https:\/\/aconteceunovale.com.br\/portal\/index.php?rest_route=\/wp\/v2\/posts\/97439","targetHints":{"allow":["GET"]}}],"collection":[{"href":"https:\/\/aconteceunovale.com.br\/portal\/index.php?rest_route=\/wp\/v2\/posts"}],"about":[{"href":"https:\/\/aconteceunovale.com.br\/portal\/index.php?rest_route=\/wp\/v2\/types\/post"}],"author":[{"embeddable":true,"href":"https:\/\/aconteceunovale.com.br\/portal\/index.php?rest_route=\/wp\/v2\/users\/1"}],"replies":[{"embeddable":true,"href":"https:\/\/aconteceunovale.com.br\/portal\/index.php?rest_route=%2Fwp%2Fv2%2Fcomments&post=97439"}],"version-history":[{"count":0,"href":"https:\/\/aconteceunovale.com.br\/portal\/index.php?rest_route=\/wp\/v2\/posts\/97439\/revisions"}],"wp:featuredmedia":[{"embeddable":true,"href":"https:\/\/aconteceunovale.com.br\/portal\/index.php?rest_route=\/wp\/v2\/media\/97440"}],"wp:attachment":[{"href":"https:\/\/aconteceunovale.com.br\/portal\/index.php?rest_route=%2Fwp%2Fv2%2Fmedia&parent=97439"}],"wp:term":[{"taxonomy":"category","embeddable":true,"href":"https:\/\/aconteceunovale.com.br\/portal\/index.php?rest_route=%2Fwp%2Fv2%2Fcategories&post=97439"},{"taxonomy":"post_tag","embeddable":true,"href":"https:\/\/aconteceunovale.com.br\/portal\/index.php?rest_route=%2Fwp%2Fv2%2Ftags&post=97439"}],"curies":[{"name":"wp","href":"https:\/\/api.w.org\/{rel}","templated":true}]}}