{"id":97384,"date":"2016-09-20T12:51:42","date_gmt":"2016-09-20T15:51:42","guid":{"rendered":"http:\/\/aconteceunovale.com.br\/portal\/?p=97384"},"modified":"2016-09-20T12:55:05","modified_gmt":"2016-09-20T15:55:05","slug":"usuario-tem-ate-o-dia-25-de-setembro-para-decidir-se-compartilha-dados-dos-whatsapp","status":"publish","type":"post","link":"https:\/\/aconteceunovale.com.br\/portal\/?p=97384","title":{"rendered":"Usu\u00e1rio tem at\u00e9 o dia 25 de setembro para decidir se compartilha dados dos WhatsApp"},"content":{"rendered":"<p>Com a \u00faltima atualiza\u00e7\u00e3o dos termos de privacidade do WhatsApp veio uma novidade. Desde de agosto, os usu\u00e1rios t\u00eam que escolher se aceitam ou n\u00e3o que o servi\u00e7o compartilhe seus dados com o Facebook.<\/p>\n<p>Na descri\u00e7\u00e3o dos novos termos, o WhatsApp avisa o usu\u00e1rio que os n\u00fameros do telefone e o conte\u00fado das conversas &#8220;n\u00e3o ser\u00e3o&#8221; repassados \u00e0 rede social. Mas o Facebook j\u00e1 planeja usar as informa\u00e7\u00f5es compartilhadas para sugerir sugest\u00f5es de amizade &#8220;mais relevantes&#8221; e tamb\u00e9m an\u00fancios publicit\u00e1rios para quem troca mensagens.<\/p>\n<p>Quem ainda n\u00e3o alterou suas configura\u00e7\u00f5es tem at\u00e9 o dia 25 de setembro para rejeitar os novos termos de privacidade. Os novos usu\u00e1rios, contudo, n\u00e3o ter\u00e3o essa op\u00e7\u00e3o.<\/p>\n<p>Ao anunciar que mudaria a forma como lida com os dados de seus usu\u00e1rios, em 25 de agosto, o servi\u00e7o de mensagens informou que as pessoas teriam &#8220;at\u00e9 30 dias para decidir se gostariam de concordar e continuar utilizando o WhatsApp&#8221;.<\/p>\n<p>O WhatsApp esclareceu que n\u00e3o ser\u00e1 mais poss\u00edvel rejeitar o compartilhamento depois dos 30 dias. Essa \u00e9 a primeira vez que os termos de uso de dados do WhatsApp s\u00e3o mudados em quatro anos. A mudan\u00e7a est\u00e1 ligada com a venda do servi\u00e7o para o Facebook.<\/p>\n<p>Como posso mudar minhas configura\u00e7\u00f5es?<\/p>\n<p>Existem duas op\u00e7\u00f5es. A primeira \u00e9 para quem ainda n\u00e3o leu o aviso de atualiza\u00e7\u00e3o dos termos. Ao ver exibido o aviso, \u00e9 preciso clicar na op\u00e7\u00e3o &#8220;leia&#8221; e, caso n\u00e3o queira compartilhar seus dados, e desmarcar a op\u00e7\u00e3o e continuar a atualiza\u00e7\u00e3o do sistema.<\/p>\n<p>Quem j\u00e1 aceitou a atualiza\u00e7\u00e3o e desistiu depois tem at\u00e9 o dia 25 para mudar.  Para isso, \u00e9 preciso entrar no aplicativo, ir para &#8220;Configura\u00e7\u00f5es ou Ajustes&#8221;, em seguida escolher a op\u00e7\u00e3o &#8220;Conta&#8221; e, finalmente, optar por marcar ou desmarcar &#8220;compartilhar os dados da conta&#8221;. <\/p>\n<p><em>(Fonte: O Tempo)<\/em><\/p>\n","protected":false},"excerpt":{"rendered":"<p>Com a \u00faltima atualiza\u00e7\u00e3o dos termos de privacidade do WhatsApp veio uma novidade. Desde de agosto, os usu\u00e1rios t\u00eam que escolher se aceitam ou n\u00e3o que o servi\u00e7o compartilhe seus dados com o Facebook. Na descri\u00e7\u00e3o dos novos termos, o WhatsApp avisa o usu\u00e1rio que os n\u00fameros do telefone e o conte\u00fado das conversas &#8220;n\u00e3o [&hellip;]<\/p>\n","protected":false},"author":1,"featured_media":74804,"comment_status":"open","ping_status":"closed","sticky":false,"template":"","format":"standard","meta":{"amp_status":"","footnotes":""},"categories":[40247],"tags":[116130,116123,116122,116129,116125,116127,116128,116124,116126,116131,4625],"class_list":["post-97384","post","type-post","status-publish","format-standard","has-post-thumbnail","hentry","category-tecnologia-2","tag-atualizacao-dos-termos-de-privacidade-do-whatsapp","tag-compartilhamento-de-dados-whatsapp","tag-dados-whatsapp","tag-mudancas-regras-whatsapp","tag-mudancas-whatsapp","tag-novas-regras-whatsapp","tag-novos-termos-whatsapp","tag-privacidade-whatsapp","tag-regras-whatsapp","tag-usuario-tem-ate-o-dia-25-de-setembro-para-decidir-se-compartilha-dados-dos-whatsapp","tag-whatsapp"],"_links":{"self":[{"href":"https:\/\/aconteceunovale.com.br\/portal\/index.php?rest_route=\/wp\/v2\/posts\/97384","targetHints":{"allow":["GET"]}}],"collection":[{"href":"https:\/\/aconteceunovale.com.br\/portal\/index.php?rest_route=\/wp\/v2\/posts"}],"about":[{"href":"https:\/\/aconteceunovale.com.br\/portal\/index.php?rest_route=\/wp\/v2\/types\/post"}],"author":[{"embeddable":true,"href":"https:\/\/aconteceunovale.com.br\/portal\/index.php?rest_route=\/wp\/v2\/users\/1"}],"replies":[{"embeddable":true,"href":"https:\/\/aconteceunovale.com.br\/portal\/index.php?rest_route=%2Fwp%2Fv2%2Fcomments&post=97384"}],"version-history":[{"count":0,"href":"https:\/\/aconteceunovale.com.br\/portal\/index.php?rest_route=\/wp\/v2\/posts\/97384\/revisions"}],"wp:featuredmedia":[{"embeddable":true,"href":"https:\/\/aconteceunovale.com.br\/portal\/index.php?rest_route=\/wp\/v2\/media\/74804"}],"wp:attachment":[{"href":"https:\/\/aconteceunovale.com.br\/portal\/index.php?rest_route=%2Fwp%2Fv2%2Fmedia&parent=97384"}],"wp:term":[{"taxonomy":"category","embeddable":true,"href":"https:\/\/aconteceunovale.com.br\/portal\/index.php?rest_route=%2Fwp%2Fv2%2Fcategories&post=97384"},{"taxonomy":"post_tag","embeddable":true,"href":"https:\/\/aconteceunovale.com.br\/portal\/index.php?rest_route=%2Fwp%2Fv2%2Ftags&post=97384"}],"curies":[{"name":"wp","href":"https:\/\/api.w.org\/{rel}","templated":true}]}}