{"id":97379,"date":"2016-09-20T12:33:50","date_gmt":"2016-09-20T15:33:50","guid":{"rendered":"http:\/\/aconteceunovale.com.br\/portal\/?p=97379"},"modified":"2016-09-20T12:33:50","modified_gmt":"2016-09-20T15:33:50","slug":"nao-existe-um-deus-da-guerra-diz-o-papa-francisco","status":"publish","type":"post","link":"https:\/\/aconteceunovale.com.br\/portal\/?p=97379","title":{"rendered":"&#8220;N\u00e3o existe um deus da guerra&#8221;, diz o papa Francisco"},"content":{"rendered":"<p>O papa Francisco participa nesta ter\u00e7a-feira (20\/09\/2016), na cidade italiana de Assis, em Perugia, do Encontro Inter-religioso pela Paz com mais de 500 l\u00edderes de nove diferentes religi\u00f5es. Al\u00e9m do compromisso com os religiosos, Francisco encontrar\u00e1 com um grupo de 25 refugiados que moram na regi\u00e3o e s\u00e3o assistidos tanto pela Comunidade de Santo Eg\u00eddio, que organiza o evento, bem como por entidades religiosas locais.<\/p>\n<p>Antes de partir para o encontro, o pont\u00edfice rezou a tradicional missa de Santa Marta e afirmou que o momento vivido em Assis &#8220;n\u00e3o \u00e9 um espet\u00e1culo&#8221;, mas simplesmente um ato &#8220;para rezar pela paz. &#8220;Hoje, o mundo ter\u00e1 seu centro em Assis, para um dia de ora\u00e7\u00f5es, penit\u00eancia e pedidos, porque o mundo est\u00e1 em guerra. Deus, pai de todos, crist\u00e3os ou n\u00e3o, quer a paz. N\u00e3o existe um deus de guerra, quem faz isso \u00e9 o diabo. Rezemos para o Senhor a fim de que nos d\u00ea um cora\u00e7\u00e3o de paz, al\u00e9m das divis\u00f5es religiosas, porque todos somos filhos de Deus&#8221;, disse o l\u00edder cat\u00f3lico.<\/p>\n<p>Francisco classificou as guerras de &#8220;vergonha&#8221; e disse que iria a Assis &#8220;sem fechar os ouvidos&#8221; para o grito de dor de quem est\u00e1 sofrendo. Ele fez ainda um pedido a &#8220;todos os bispos do mundo&#8221;, convidando os &#8220;cat\u00f3licos, crist\u00e3os, crentes e todos os homens e mulheres de boa vontade, de qualquer religi\u00e3o, para rezar pela paz&#8221;, porque &#8220;o mundo est\u00e1 em guerra e sofre&#8221;.<\/p>\n<p>O encontro Sede de Paz: Religi\u00f5es e Culturas em Di\u00e1logo marca ainda os 30 anos da primeira vez que um l\u00edder da Igreja Cat\u00f3lica reuniu-se com representantes de v\u00e1rias religi\u00f5es \u2013 inclusive as consideradas &#8220;pag\u00e3s&#8221;\u2013- em Assis. Na \u00e9poca, o para era Jo\u00e3o Paulo II e foi muito criticado pela abertura por alas mais conservadoras da Igreja.<\/p>\n<p>Al\u00e9m dos religiosos, o encontro contar\u00e1 com a presen\u00e7a de seis vencedores do Pr\u00eamio Nobel da Paz: a ativista norte-irlandesa Mairead Maguire; o presidente em\u00e9rito da Pol\u00f4nia, Lech Walesa; a ativista norte-americana pelos direitos humanos Jody Williams; a l\u00edder da Primavera \u00c1rabe no I\u00eamen, Tawakel Karman; e dois membros do Quarteto de Di\u00e1logo Nacional da Tun\u00edsia, Amer Meherzi e Hassine Abassi. (Ansa Brasil)<\/p>\n","protected":false},"excerpt":{"rendered":"<p>O papa Francisco participa nesta ter\u00e7a-feira (20\/09\/2016), na cidade italiana de Assis, em Perugia, do Encontro Inter-religioso pela Paz com mais de 500 l\u00edderes de nove diferentes religi\u00f5es. Al\u00e9m do compromisso com os religiosos, Francisco encontrar\u00e1 com um grupo de 25 refugiados que moram na regi\u00e3o e s\u00e3o assistidos tanto pela Comunidade de Santo Eg\u00eddio, [&hellip;]<\/p>\n","protected":false},"author":1,"featured_media":79513,"comment_status":"open","ping_status":"closed","sticky":false,"template":"","format":"standard","meta":{"amp_status":"","footnotes":""},"categories":[28848],"tags":[116119,116109,116112,116106,116111,66896,116120,18920,116116,116115,116117,116113,116105,63088,946,116108,116107,829,116110,116114,58181,116121,116118],"class_list":["post-97379","post","type-post","status-publish","format-standard","has-post-thumbnail","hentry","category-mundo","tag-amer-meherzi","tag-assis","tag-comunidade-de-santo-egidio","tag-deus-da-guerra","tag-encontro-interreligioso-pela-paz","tag-guerra","tag-hassine-abassi","tag-italia","tag-jody-williams","tag-lech-walesa","tag-lider-da-primavera-arabe-no-iemen","tag-mairead-maguire","tag-nao-existe-um-deus-da-guerra","tag-papa","tag-papa-francisco","tag-papa-francisco-fala-sobre-conflitos-no-mundo","tag-papa-francisco-fala-sobre-guerra","tag-paz","tag-perugia","tag-presidente-emerito-da-polonia","tag-refugiados","tag-religiao","tag-tawakel-karman"],"_links":{"self":[{"href":"https:\/\/aconteceunovale.com.br\/portal\/index.php?rest_route=\/wp\/v2\/posts\/97379","targetHints":{"allow":["GET"]}}],"collection":[{"href":"https:\/\/aconteceunovale.com.br\/portal\/index.php?rest_route=\/wp\/v2\/posts"}],"about":[{"href":"https:\/\/aconteceunovale.com.br\/portal\/index.php?rest_route=\/wp\/v2\/types\/post"}],"author":[{"embeddable":true,"href":"https:\/\/aconteceunovale.com.br\/portal\/index.php?rest_route=\/wp\/v2\/users\/1"}],"replies":[{"embeddable":true,"href":"https:\/\/aconteceunovale.com.br\/portal\/index.php?rest_route=%2Fwp%2Fv2%2Fcomments&post=97379"}],"version-history":[{"count":0,"href":"https:\/\/aconteceunovale.com.br\/portal\/index.php?rest_route=\/wp\/v2\/posts\/97379\/revisions"}],"wp:featuredmedia":[{"embeddable":true,"href":"https:\/\/aconteceunovale.com.br\/portal\/index.php?rest_route=\/wp\/v2\/media\/79513"}],"wp:attachment":[{"href":"https:\/\/aconteceunovale.com.br\/portal\/index.php?rest_route=%2Fwp%2Fv2%2Fmedia&parent=97379"}],"wp:term":[{"taxonomy":"category","embeddable":true,"href":"https:\/\/aconteceunovale.com.br\/portal\/index.php?rest_route=%2Fwp%2Fv2%2Fcategories&post=97379"},{"taxonomy":"post_tag","embeddable":true,"href":"https:\/\/aconteceunovale.com.br\/portal\/index.php?rest_route=%2Fwp%2Fv2%2Ftags&post=97379"}],"curies":[{"name":"wp","href":"https:\/\/api.w.org\/{rel}","templated":true}]}}