{"id":97360,"date":"2016-09-19T22:43:59","date_gmt":"2016-09-20T01:43:59","guid":{"rendered":"http:\/\/aconteceunovale.com.br\/portal\/?p=97360"},"modified":"2016-09-19T22:43:59","modified_gmt":"2016-09-20T01:43:59","slug":"situacao-de-emergencia-em-bocaiuva-e-reconhecida-pelo-governo-federal","status":"publish","type":"post","link":"https:\/\/aconteceunovale.com.br\/portal\/?p=97360","title":{"rendered":"Situa\u00e7\u00e3o de emerg\u00eancia em Bocaiuva \u00e9 reconhecida pelo Governo Federal"},"content":{"rendered":"<p>Bocaiuva, no Norte de Minas Gerais, foi um dos munic\u00edpios que teve a situa\u00e7\u00e3o de emerg\u00eancia decretada pelo Governo Federal. Ap\u00f3s a medida, \u00e9 poss\u00edvel pedir apoio em a\u00e7\u00f5es de socorro, assist\u00eancia e o restabelecimento de servi\u00e7os essenciais. Al\u00e9m de ter acesso a outros benef\u00edcios, como renegocia\u00e7\u00e3o de d\u00edvidas e compra de cestas b\u00e1sicas. Claro dos Po\u00e7\u00f5es e Lassance tamb\u00e9m foram inclu\u00eddos no decreto publicado no Di\u00e1rio Oficial nesta segunda-feira (19\/09\/2016).<\/p>\n<p>Na zona urbana, 12 mil domic\u00edlios de Bocaiuva s\u00e3o abastecidos pelo Servi\u00e7o Aut\u00f4nomo de \u00c1gua e Esgoto (Saae). A \u00c1gua vem de uma barragem constru\u00edda h\u00e1 cerca de 40 anos. Segundo o Saae, pela primeira vez na hist\u00f3ria, o Rio do On\u00e7a, que leva \u00e1gua at\u00e9 a represa secou. As \u00faltimas chuvas significativas na regi\u00e3o foram em mar\u00e7o.<\/p>\n<p>\u201cA \u00e1gua que est\u00e1 na barragem \u00e9 suficiente para os pr\u00f3ximos 15 dias no m\u00e1ximo. Nunca o munic\u00edpio passou por uma situa\u00e7\u00e3o t\u00e3o cr\u00edtica\u201d, fala Juscelino Oliveira, diretor geral do Saae.<\/p>\n<p>Por causa do n\u00edvel da represa do Rio do On\u00e7a, um sistema de capta\u00e7\u00e3o do volume morto ser\u00e1 instalado na tarde desta segunda. \u201cContratamos 10 caminh\u00f5es-pipa, que trabalham 24 horas por dia. Temos uma escala de revezamento para abastecer os domic\u00edlios, quando a \u00e1gua n\u00e3o chega at\u00e9 esses locais, mandamos os caminh\u00f5es at\u00e9 os que t\u00eam prioridade, como escolas por exemplo\u201d, explica Juscelino Oliveira.<\/p>\n<p>O abastecimento da zona urbana conta ainda com 25 po\u00e7os artesianos, mas com a demanda, a vaz\u00e3o deles reduziu pela metade, por isso est\u00e1 sendo necess\u00e1rio buscar \u00e1gua em po\u00e7os particulares.<\/p>\n<p>\u201cO decreto \u00e9 a ferramenta institucional para facilitar a\u00e7\u00f5es de munic\u00edpios no enfrentamento da crise, principalmente quest\u00f5es relacionadas \u00e0s compras, equipamentos e contratos. Estamos vivendo um per\u00edodo de exce\u00e7\u00e3o e que exige decis\u00f5es r\u00e1pidas, afinal estamos lidando com o abastecimento de \u00e1gua destinado \u00e0 popula\u00e7\u00e3o. A Administra\u00e7\u00e3o tem a possibilidade de agir mais rapidamente, j\u00e1 que o processo normal \u00e9 demorado\u201d, finaliza Juscelino Oliveira.<\/p>\n<p>J\u00e1 na zona rural, cerca de 30 comunidades rurais est\u00e3o sendo abastecidas pela Prefeitura. \u201cEstamos com dois caminh\u00f5es-pipa trabalhando todos os dias com a exce\u00e7\u00e3o do domingo, \u00e9 uma demanda que s\u00f3 cresce, porque muitos c\u00f3rregos secaram e os po\u00e7os est\u00e3o com a vaz\u00e3o bastante reduzida. Al\u00e9m disso, abastecemos tamb\u00e9m parte das 700 fam\u00edlias de um assentamento em Engenheiro Dolabela\u201d, diz Jos\u00e9 Nedir Pereiria, secret\u00e1rio de Desenvolvimento Rural.<\/p>\n<p>Em rela\u00e7\u00e3o aos c\u00f3rregos, Pereira diz que 20 deles que nunca haviam ficado sem \u00e1gua est\u00e3o completamente secos. Com a estiagem, que segundo o secret\u00e1rio j\u00e1 dura cinco anos, muitos produtores perderam toda a lavoura e tiveram que vender os animais. \u201cVemos filhos que deixam a ro\u00e7a para buscarem emprego na cidade, porque acreditam que n\u00e3o t\u00eam mais como viver no campo\u201d, destaca.<\/p>\n<p><img decoding=\"async\" src=\"http:\/\/aconteceunovale.com.br\/portal\/wp-content\/uploads\/2016\/09\/seca_bocaiuva.jpeg\" alt=\"\" \/><em>Foto tirada do Rio do On\u00e7a h\u00e1 10 dias (Foto: Saae\/Arquivo Pessoal)<\/em><br \/>\n<\/br><\/p>\n<p><em>(Fonte: G1 Grande Minas \/ Reportagem: Michelly Oda)<\/em><\/p>\n","protected":false},"excerpt":{"rendered":"<p>Bocaiuva, no Norte de Minas Gerais, foi um dos munic\u00edpios que teve a situa\u00e7\u00e3o de emerg\u00eancia decretada pelo Governo Federal. Ap\u00f3s a medida, \u00e9 poss\u00edvel pedir apoio em a\u00e7\u00f5es de socorro, assist\u00eancia e o restabelecimento de servi\u00e7os essenciais. Al\u00e9m de ter acesso a outros benef\u00edcios, como renegocia\u00e7\u00e3o de d\u00edvidas e compra de cestas b\u00e1sicas. Claro [&hellip;]<\/p>\n","protected":false},"author":1,"featured_media":97361,"comment_status":"open","ping_status":"closed","sticky":false,"template":"","format":"standard","meta":{"amp_status":"","footnotes":""},"categories":[1236],"tags":[2379,115979,115980,645,116062,10073,115981,47755,11469,115989,2801,15164,115992,116058,116060,115987,115982,115986,34252,2941,115984,1648,131,20026,115985,115988,21383,1519,116061,115990,116057,6532,115991,1372,116059,116063,115983,1812],"class_list":["post-97360","post","type-post","status-publish","format-standard","has-post-thumbnail","hentry","category-norte_de_minas","tag-bahia","tag-baianopolis","tag-barro-alto","tag-bocaiuva","tag-bocaiuva-tem-situacao-de-emergencia-reconhecida-pelo-governo-federal","tag-bom-jesus-da-lapa","tag-caem","tag-carira","tag-ceara","tag-cidades-mineiras-estao-em-situacao-de-emergencia-devido-a-seca","tag-claro-dos-pocoes","tag-claro-dos-porcoes","tag-defesa-civil-reconhece-situacao-de-emergencia-sete-municipios-de-minas-gerais-por-causa-da-seca","tag-estiagem-em-bocaiuva","tag-falta-de-agua-em-bocaiuva","tag-gracho-cardoso","tag-itatim","tag-jaguaruana","tag-jequitinhonha","tag-lassance","tag-luis-eduardo-magalhaes","tag-medeiros","tag-minas-gerais","tag-ministerio-da-integracao-nacional","tag-muquem-de-sao-francisco","tag-oeiras","tag-piaui","tag-presidente-olegario","tag-rio-do-onca","tag-seca-e-estiagem","tag-seca-em-bocaiuva","tag-sergipe","tag-sete-municipios-de-minas-gerais-tem-situacao-de-emergencia-decretada-por-causa-da-seca","tag-situacao-de-emergencia","tag-situacao-de-emergencia-em-bocaiuva","tag-situacao-de-emergencia-em-bocaiuva-e-reconhecida-pelo-governo-federal","tag-tanhacu","tag-umburatiba"],"_links":{"self":[{"href":"https:\/\/aconteceunovale.com.br\/portal\/index.php?rest_route=\/wp\/v2\/posts\/97360","targetHints":{"allow":["GET"]}}],"collection":[{"href":"https:\/\/aconteceunovale.com.br\/portal\/index.php?rest_route=\/wp\/v2\/posts"}],"about":[{"href":"https:\/\/aconteceunovale.com.br\/portal\/index.php?rest_route=\/wp\/v2\/types\/post"}],"author":[{"embeddable":true,"href":"https:\/\/aconteceunovale.com.br\/portal\/index.php?rest_route=\/wp\/v2\/users\/1"}],"replies":[{"embeddable":true,"href":"https:\/\/aconteceunovale.com.br\/portal\/index.php?rest_route=%2Fwp%2Fv2%2Fcomments&post=97360"}],"version-history":[{"count":0,"href":"https:\/\/aconteceunovale.com.br\/portal\/index.php?rest_route=\/wp\/v2\/posts\/97360\/revisions"}],"wp:featuredmedia":[{"embeddable":true,"href":"https:\/\/aconteceunovale.com.br\/portal\/index.php?rest_route=\/wp\/v2\/media\/97361"}],"wp:attachment":[{"href":"https:\/\/aconteceunovale.com.br\/portal\/index.php?rest_route=%2Fwp%2Fv2%2Fmedia&parent=97360"}],"wp:term":[{"taxonomy":"category","embeddable":true,"href":"https:\/\/aconteceunovale.com.br\/portal\/index.php?rest_route=%2Fwp%2Fv2%2Fcategories&post=97360"},{"taxonomy":"post_tag","embeddable":true,"href":"https:\/\/aconteceunovale.com.br\/portal\/index.php?rest_route=%2Fwp%2Fv2%2Ftags&post=97360"}],"curies":[{"name":"wp","href":"https:\/\/api.w.org\/{rel}","templated":true}]}}