{"id":97350,"date":"2016-09-19T22:07:31","date_gmt":"2016-09-20T01:07:31","guid":{"rendered":"http:\/\/aconteceunovale.com.br\/portal\/?p=97350"},"modified":"2016-09-19T22:07:59","modified_gmt":"2016-09-20T01:07:59","slug":"policia-de-varzea-da-palma-prende-suspeito-de-matar-jovem-a-pedrada-em-itauna","status":"publish","type":"post","link":"https:\/\/aconteceunovale.com.br\/portal\/?p=97350","title":{"rendered":"Pol\u00edcia de V\u00e1rzea da Palma prende suspeito de matar jovem a pedradas em Ita\u00fana"},"content":{"rendered":"<p>Foi preso na tarde desta segunda-feira (19\/09\/2016), em V\u00e1rzea da Palma, na regi\u00e3o Norte de Minas Gerais, um homem de 34 anos, considerado o principal suspeito de ter assassinado um jovem na cidade de Ita\u00fana, no Centro-Oeste do Estado. O crime ocorreu no dia 14 de maio deste ano. Segundo a pol\u00edcia, a v\u00edtima, de 25 anos, foi morta a pedradas. O autor fugiu ap\u00f3s a a\u00e7\u00e3o e desde ent\u00e3o era considerado foragido.<\/p>\n<p>A Pol\u00edcia Civil de V\u00e1rzea da Palma chegou at\u00e9 o suspeito ap\u00f3s troca de informa\u00e7\u00f5es com policiais da cidade de Ita\u00fana. Foram v\u00e1rios dias em dilig\u00eancias, at\u00e9 os policiais chegarem ao poss\u00edvel paradeiro do autor, que foi preso em um s\u00edtio pertencente ao seu tio, em um assentamento pr\u00f3ximo a V\u00e1rzea da Palma.<\/p>\n<p>Na \u00e9poca do crime, o corpo do jovem foi encontrado por moradores do Bairro Santa Edwiges com ferimentos na cabe\u00e7a, possivelmente causados por pedradas. A v\u00edtima n\u00e3o tinha antecedentes criminais.<\/p>\n<p>O suspeito foi preso e levado para a cadeia de V\u00e1rzea da Palma.<\/p>\n<p><img decoding=\"async\" src=\"http:\/\/aconteceunovale.com.br\/portal\/wp-content\/uploads\/2016\/09\/preso_vzp.jpeg\" alt=\"\" \/><em>Suspeito do crime foi encontrado em V\u00e1rzea da Palma (Foto: Pol\u00edcia Civil\/Divulga\u00e7\u00e3o)<\/em><br \/>\n<\/br><\/p>\n<p><em>(Fonte: G1 Grande Minas)<\/em><\/p>\n","protected":false},"excerpt":{"rendered":"<p>Foi preso na tarde desta segunda-feira (19\/09\/2016), em V\u00e1rzea da Palma, na regi\u00e3o Norte de Minas Gerais, um homem de 34 anos, considerado o principal suspeito de ter assassinado um jovem na cidade de Ita\u00fana, no Centro-Oeste do Estado. O crime ocorreu no dia 14 de maio deste ano. Segundo a pol\u00edcia, a v\u00edtima, de [&hellip;]<\/p>\n","protected":false},"author":1,"featured_media":97351,"comment_status":"open","ping_status":"closed","sticky":false,"template":"","format":"standard","meta":{"amp_status":"","footnotes":""},"categories":[1236],"tags":[116044,116045,116043,116041,72854,116042,1512,116040,116046,72855,1340],"class_list":["post-97350","post","type-post","status-publish","format-standard","has-post-thumbnail","hentry","category-norte_de_minas","tag-apedrejada-em-itauna","tag-apedrejamento-em-itauna","tag-assassinato-itauna","tag-foragido-preso-em-varzea-da-palma","tag-homem-preso-em-varzea-da-palma","tag-homicidio-em-itauna","tag-itauna","tag-policia-de-varzea-da-palma-prende-suspeito-de-matar-jovem-a-pedrada-em-itauna","tag-policia-de-varzea-da-palma-prende-suspeito-de-matar-jovem-a-pedradas-em-itauna","tag-preso-em-varzea-da-palma","tag-varzea-da-palma"],"_links":{"self":[{"href":"https:\/\/aconteceunovale.com.br\/portal\/index.php?rest_route=\/wp\/v2\/posts\/97350","targetHints":{"allow":["GET"]}}],"collection":[{"href":"https:\/\/aconteceunovale.com.br\/portal\/index.php?rest_route=\/wp\/v2\/posts"}],"about":[{"href":"https:\/\/aconteceunovale.com.br\/portal\/index.php?rest_route=\/wp\/v2\/types\/post"}],"author":[{"embeddable":true,"href":"https:\/\/aconteceunovale.com.br\/portal\/index.php?rest_route=\/wp\/v2\/users\/1"}],"replies":[{"embeddable":true,"href":"https:\/\/aconteceunovale.com.br\/portal\/index.php?rest_route=%2Fwp%2Fv2%2Fcomments&post=97350"}],"version-history":[{"count":0,"href":"https:\/\/aconteceunovale.com.br\/portal\/index.php?rest_route=\/wp\/v2\/posts\/97350\/revisions"}],"wp:featuredmedia":[{"embeddable":true,"href":"https:\/\/aconteceunovale.com.br\/portal\/index.php?rest_route=\/wp\/v2\/media\/97351"}],"wp:attachment":[{"href":"https:\/\/aconteceunovale.com.br\/portal\/index.php?rest_route=%2Fwp%2Fv2%2Fmedia&parent=97350"}],"wp:term":[{"taxonomy":"category","embeddable":true,"href":"https:\/\/aconteceunovale.com.br\/portal\/index.php?rest_route=%2Fwp%2Fv2%2Fcategories&post=97350"},{"taxonomy":"post_tag","embeddable":true,"href":"https:\/\/aconteceunovale.com.br\/portal\/index.php?rest_route=%2Fwp%2Fv2%2Ftags&post=97350"}],"curies":[{"name":"wp","href":"https:\/\/api.w.org\/{rel}","templated":true}]}}