{"id":97347,"date":"2016-09-19T21:56:37","date_gmt":"2016-09-20T00:56:37","guid":{"rendered":"http:\/\/aconteceunovale.com.br\/portal\/?p=97347"},"modified":"2016-09-19T21:56:37","modified_gmt":"2016-09-20T00:56:37","slug":"policia-investiga-morte-por-apedrejamento-em-montes-claros","status":"publish","type":"post","link":"https:\/\/aconteceunovale.com.br\/portal\/?p=97347","title":{"rendered":"Pol\u00edcia investiga morte por apedrejamento em Montes Claros"},"content":{"rendered":"<p>Um idoso de 60 anos foi encontrado morto na manh\u00e3 desta segunda-feira (19\/09\/2016) com marcas de apedrejamento em Montes Claros, na regi\u00e3o Norte de Minas Gerais. Pr\u00f3ximo ao corpo da v\u00edtima, a pol\u00edcia encontrou v\u00e1rias pedras usadas para cometer o crime.<\/p>\n<p>De acordo com a Pol\u00edcia Militar (PM), vizinhos afirmam que o idoso morava h\u00e1 poucos dias na casa, localizada na Rua Ismael Belarmino, no Bairro Village II, e por isso n\u00e3o tinham contato com ele. Durante a ocorr\u00eancia, um denunciante an\u00f4nimo informou que o autor do crime seria um adolescente de 17 anos, morador do mesmo bairro.<\/p>\n<p>Militares foram at\u00e9 a resid\u00eancia do suspeito, mas ele n\u00e3o foi encontrado. Em conversa com a m\u00e3e do menor, ela contou que o filho afirmou ter cometido um homic\u00eddio com a ajuda de outro adolescente, de 13 anos, que tamb\u00e9m n\u00e3o foi encontrado.<\/p>\n<p>Para a PM, o motivo do crime pode estar relacionado a uma ocorr\u00eancia envolvendo o idoso e o adolescente de 17 anos, no ano de 2010. Na \u00e9poca, o menor, que tinha 11 anos, denunciou o idoso por abusos sexuais. Na \u00e9poca, o adolescente afirmou que era abusado constantemente pelo o idoso, que lhe dava balas para que o crime n\u00e3o fosse denunciado.<\/p>\n<p>No boletim de ocorr\u00eancia da \u00e9poca consta que o idoso negou o crime. O menor foi levado a um hospital, mas n\u00e3o foram diagnosticados sinais de viol\u00eancia.<\/p>\n<p>Na tarde desta segunda-feira, o adolescente se apresentou no Projeto Social de Apoio \u00e0 Crian\u00e7a do bairro onde o crime aconteceu e confessou ter assassinado o idoso. Segundo a PM, o Conselho Tutelar foi acionado para acompanhar o caso.<\/p>\n<p><img decoding=\"async\" src=\"http:\/\/aconteceunovale.com.br\/portal\/wp-content\/uploads\/2016\/09\/apedrejado_moc.jpeg\" alt=\"\" \/><em>Pol\u00edcia investiga motiva\u00e7\u00e3o do crime (Foto: Adeli Mendes\/Reprodu\u00e7\u00e3o G1)<\/em><br \/>\n<\/br><\/p>\n<p><em>(Fonte: G1 Grande Minas)<\/em><\/p>\n","protected":false},"excerpt":{"rendered":"<p>Um idoso de 60 anos foi encontrado morto na manh\u00e3 desta segunda-feira (19\/09\/2016) com marcas de apedrejamento em Montes Claros, na regi\u00e3o Norte de Minas Gerais. Pr\u00f3ximo ao corpo da v\u00edtima, a pol\u00edcia encontrou v\u00e1rias pedras usadas para cometer o crime. De acordo com a Pol\u00edcia Militar (PM), vizinhos afirmam que o idoso morava h\u00e1 [&hellip;]<\/p>\n","protected":false},"author":1,"featured_media":97348,"comment_status":"open","ping_status":"closed","sticky":false,"template":"","format":"standard","meta":{"amp_status":"","footnotes":""},"categories":[1236],"tags":[116037,21968,21967,116036,210,53916,116039,116035,63142,116038],"class_list":["post-97347","post","type-post","status-publish","format-standard","has-post-thumbnail","hentry","category-norte_de_minas","tag-apedrejamento-montes-claros","tag-assassinato-montes-claros","tag-homicidio-montes-claros","tag-idoso-morto-a-pedradas-em-montes-claros","tag-montes-claros","tag-morte-em-montes-claros","tag-morte-por-apedrejamento-em-montes-claros","tag-morto-a-pedradas-em-montes-claros","tag-morto-em-montes-claros","tag-policia-investiga-morte-por-apedrejamento-em-montes-claros"],"_links":{"self":[{"href":"https:\/\/aconteceunovale.com.br\/portal\/index.php?rest_route=\/wp\/v2\/posts\/97347","targetHints":{"allow":["GET"]}}],"collection":[{"href":"https:\/\/aconteceunovale.com.br\/portal\/index.php?rest_route=\/wp\/v2\/posts"}],"about":[{"href":"https:\/\/aconteceunovale.com.br\/portal\/index.php?rest_route=\/wp\/v2\/types\/post"}],"author":[{"embeddable":true,"href":"https:\/\/aconteceunovale.com.br\/portal\/index.php?rest_route=\/wp\/v2\/users\/1"}],"replies":[{"embeddable":true,"href":"https:\/\/aconteceunovale.com.br\/portal\/index.php?rest_route=%2Fwp%2Fv2%2Fcomments&post=97347"}],"version-history":[{"count":0,"href":"https:\/\/aconteceunovale.com.br\/portal\/index.php?rest_route=\/wp\/v2\/posts\/97347\/revisions"}],"wp:featuredmedia":[{"embeddable":true,"href":"https:\/\/aconteceunovale.com.br\/portal\/index.php?rest_route=\/wp\/v2\/media\/97348"}],"wp:attachment":[{"href":"https:\/\/aconteceunovale.com.br\/portal\/index.php?rest_route=%2Fwp%2Fv2%2Fmedia&parent=97347"}],"wp:term":[{"taxonomy":"category","embeddable":true,"href":"https:\/\/aconteceunovale.com.br\/portal\/index.php?rest_route=%2Fwp%2Fv2%2Fcategories&post=97347"},{"taxonomy":"post_tag","embeddable":true,"href":"https:\/\/aconteceunovale.com.br\/portal\/index.php?rest_route=%2Fwp%2Fv2%2Ftags&post=97347"}],"curies":[{"name":"wp","href":"https:\/\/api.w.org\/{rel}","templated":true}]}}