{"id":97299,"date":"2016-09-19T14:15:36","date_gmt":"2016-09-19T17:15:36","guid":{"rendered":"http:\/\/aconteceunovale.com.br\/portal\/?p=97299"},"modified":"2016-09-19T14:15:36","modified_gmt":"2016-09-19T17:15:36","slug":"semana-internacional-do-cafe-comeca-na-quarta-feira-em-belo-horizonte","status":"publish","type":"post","link":"https:\/\/aconteceunovale.com.br\/portal\/?p=97299","title":{"rendered":"Semana Internacional do Caf\u00e9 come\u00e7a na quarta-feira em Belo Horizonte"},"content":{"rendered":"<p>O Governo de Minas Gerais, por meio da Secretaria de Agricultura, Pecu\u00e1ria e Abastecimento (Seapa), o Sistema Faemg, a Caf\u00e9 Editora, e o Sebrae realizam, de quarta-feira (21\/9) at\u00e9 sexta (23\/9), a quarta edi\u00e7\u00e3o da Semana Internacional do Caf\u00e9 (SIC 2016).<\/p>\n<p>O principal encontro da cadeia produtiva no Brasil acontecer\u00e1 no Expominas, em Belo Horizonte. A estimativa \u00e9 de que essa quarta edi\u00e7\u00e3o do evento gere em torno de R$ 27 milh\u00f5es em neg\u00f3cios, valor 8% superior ao registrado no ano passado. S\u00e3o esperados 14 mil visitantes e 165 marcas expositoras.<\/p>\n<p>Durante a SIC, ainda \u00e9 realizada a maior feira do segmento, o 11\u00ba Espa\u00e7o Caf\u00e9 Brasil. Haver\u00e1 ampla programa\u00e7\u00e3o de eventos simult\u00e2neos, encontros, semin\u00e1rios, cursos, concursos, sess\u00f5es de cupping (prova de caf\u00e9s), divididos em tr\u00eas eixos tem\u00e1ticos: Mercado &#038; Consumo, Conhecimento &#038; Inova\u00e7\u00e3o, Neg\u00f3cios &#038; Empreendedorismo.<\/p>\n<p>Realizada desde 2013 na capital do maior estado produtor do pa\u00eds, a SIC tem como foco o desenvolvimento do mercado brasileiro e a divulga\u00e7\u00e3o da qualidade dos caf\u00e9s nacionais para o consumidor interno e pa\u00edses compradores, al\u00e9m de potencializar o resultado econ\u00f4mico e social do setor.<\/p>\n<p>Neste ano, dois temas ganhar\u00e3o destaque: a sustentabilidade, ponto forte entre os produtores nacionais em todos os n\u00edveis (ambiental, econ\u00f4mico e social), e as oportunidades apresentadas no segmento de caf\u00e9s especiais, uma realidade em todo o mundo. Segundo o secret\u00e1rio da Agricultura, Jo\u00e3o Cruz Reis Filho, o caf\u00e9 tem import\u00e2ncia social e econ\u00f4mica enorme, que dispensa coment\u00e1rios.<\/p>\n<p>\u201cMinas Gerais \u00e9 respons\u00e1vel por 49% dos empregos na agricultura e tem impacto em mais de 500 munic\u00edpios. O evento mostrar\u00e1 a produ\u00e7\u00e3o da fazenda at\u00e9 a x\u00edcara, o que \u00e9 muito importante para que nossos cafeicultores saibam o que acontece com o caf\u00e9 no mundo e a cadeia de agrega\u00e7\u00e3o de valor que ocorre. A iniciativa preenche essa lacuna de dar mais autonomia e empoderar o cafeicultor\u201d, afirma o secret\u00e1rio.<\/p>\n<p>Na avalia\u00e7\u00e3o do presidente da Faemg, Roberto Sim\u00f5es, o evento tem uma caracter\u00edstica fundamental, que \u00e9 a agrega\u00e7\u00e3o de toda a cadeia produtiva \u2013 desde a produ\u00e7\u00e3o, passando pelos baristas at\u00e9 o consumidor final, que est\u00e1 cada vez mais exigente. \u201cHoje o caf\u00e9 \u00e9 uma verdadeira grife, e Minas e o Brasil podem produzir mais e com mais valor agregado, primando pela sustentabilidade.\u201d<\/p>\n<p><img decoding=\"async\" src=\"http:\/\/aconteceunovale.com.br\/portal\/wp-content\/uploads\/2016\/09\/sic_2016_1.jpg\" alt=\"\" \/><br \/>\n<\/br><\/p>\n<p><strong>Espa\u00e7o Caf\u00e9 Brasil<\/strong><\/p>\n<p>A Semana Internacional do Caf\u00e9 2016 ainda abriga o Espa\u00e7o Caf\u00e9 Brasil, maior feira brasileira do setor, que chega \u00e0 sua 11\u00aa edi\u00e7\u00e3o, e o concurso Coffee of the Year Brasil, respons\u00e1vel por eleger o melhor caf\u00e9 do pa\u00eds nesta safra.<\/p>\n<p>Al\u00e9m disso, o projeto Caf\u00e9 da Semana, que deu in\u00edcio \u00e0 programa\u00e7\u00e3o da SIC em 23 de agosto, termina na sexta-feira: 16 cafeterias da cidade apresentam aos clientes caf\u00e9s cultivados nas cinco grandes regi\u00f5es produtoras de Minas Gerais (Cerrado Mineiro, Mantiqueira de Minas, Sul de Minas, Matas de Minas e Chapada de Minas) e os diferentes m\u00e9todos de preparo. <\/p>\n<p>\u201cO evento ganhou uma pujan\u00e7a enorme, exatamente por reunir todos os elos da cadeia produtiva do caf\u00e9 brasileiro. Nosso objetivo \u00e9 gerar oportunidades para todos no acesso ao mercado, conhecimento e neg\u00f3cios. S\u00e3o mais de 25 eventos paralelos dentro da programa\u00e7\u00e3o da SIC, bem alinhados ao modelo sustent\u00e1vel desenvolvido no Brasil. Vamos mostrar exemplos e casos de sucesso\u201d, afirma o diretor de Planejamento da Editora Caf\u00e9, Caio Alonso Fontes.<\/p>\n<p>Segundo o superintendente do Sebrae Minas, Afonso Maria Rocha, \u201ca SIC \u00e9 um ambiente para fazer neg\u00f3cios, mas tamb\u00e9m uma grande vitrine para a cadeia produtiva, especialmente a mineira, em fun\u00e7\u00e3o da posi\u00e7\u00e3o que a cafeicultura do estado sustenta no pa\u00eds e no cen\u00e1rio mundial. Esperamos que se repita o sucesso enorme de outros anos\u201d.<\/p>\n<p><strong>Servi\u00e7o<\/strong><\/p>\n<p>Semana Internacional do Caf\u00e9 2016<\/p>\n<p>Data: 21 a 23 de setembro<\/p>\n<p>Hor\u00e1rio: das 11h \u00e0s 20h<\/p>\n<p>Local: Expominas &#8211; BH<\/p>\n<p>Programa\u00e7\u00e3o completa: <a href=\"http:\/\/www.semanainternacionaldocafe.com.br\" target=\"_blank\">www.semanainternacionaldocafe.com.br<\/a><\/p>\n","protected":false},"excerpt":{"rendered":"<p>O Governo de Minas Gerais, por meio da Secretaria de Agricultura, Pecu\u00e1ria e Abastecimento (Seapa), o Sistema Faemg, a Caf\u00e9 Editora, e o Sebrae realizam, de quarta-feira (21\/9) at\u00e9 sexta (23\/9), a quarta edi\u00e7\u00e3o da Semana Internacional do Caf\u00e9 (SIC 2016). O principal encontro da cadeia produtiva no Brasil acontecer\u00e1 no Expominas, em Belo Horizonte. [&hellip;]<\/p>\n","protected":false},"author":1,"featured_media":12422,"comment_status":"open","ping_status":"closed","sticky":false,"template":"","format":"standard","meta":{"amp_status":"","footnotes":""},"categories":[125,123,28848],"tags":[115945,194,115938,115949,115947,48247,51191,115946,115944,115940,91840,27578,176,57532,115939,115948,115950,115941,115942,115943],"class_list":["post-97299","post","type-post","status-publish","format-standard","has-post-thumbnail","hentry","category-noticias","category-gerais","category-mundo","tag-11o-espaco-cafe-brasil","tag-belo-horizonte","tag-cafe-editora","tag-coffee-of-the-year-brasil","tag-espaco-cafe-brasil","tag-faemg","tag-governo-de-minas-gerais","tag-presidente-da-faemg","tag-principal-encontro-da-cadeia-produtiva-no-brasil-acontecera-no-expominas","tag-quarta-semana-internacional-do-cafe","tag-roberto-simoes","tag-seapa","tag-sebrae","tag-semana-internacional-do-cafe","tag-semana-internacional-do-cafe-2016","tag-semana-internacional-do-cafe-2016-ainda-abriga-o-espaco-cafe-brasil","tag-semana-internacional-do-cafe-comeca-na-quarta-feira-em-belo-horizonte","tag-semana-internacional-do-cafe-em-minas-gerais","tag-sic-2016","tag-sic-2016-em-minas-gerais"],"_links":{"self":[{"href":"https:\/\/aconteceunovale.com.br\/portal\/index.php?rest_route=\/wp\/v2\/posts\/97299","targetHints":{"allow":["GET"]}}],"collection":[{"href":"https:\/\/aconteceunovale.com.br\/portal\/index.php?rest_route=\/wp\/v2\/posts"}],"about":[{"href":"https:\/\/aconteceunovale.com.br\/portal\/index.php?rest_route=\/wp\/v2\/types\/post"}],"author":[{"embeddable":true,"href":"https:\/\/aconteceunovale.com.br\/portal\/index.php?rest_route=\/wp\/v2\/users\/1"}],"replies":[{"embeddable":true,"href":"https:\/\/aconteceunovale.com.br\/portal\/index.php?rest_route=%2Fwp%2Fv2%2Fcomments&post=97299"}],"version-history":[{"count":0,"href":"https:\/\/aconteceunovale.com.br\/portal\/index.php?rest_route=\/wp\/v2\/posts\/97299\/revisions"}],"wp:featuredmedia":[{"embeddable":true,"href":"https:\/\/aconteceunovale.com.br\/portal\/index.php?rest_route=\/wp\/v2\/media\/12422"}],"wp:attachment":[{"href":"https:\/\/aconteceunovale.com.br\/portal\/index.php?rest_route=%2Fwp%2Fv2%2Fmedia&parent=97299"}],"wp:term":[{"taxonomy":"category","embeddable":true,"href":"https:\/\/aconteceunovale.com.br\/portal\/index.php?rest_route=%2Fwp%2Fv2%2Fcategories&post=97299"},{"taxonomy":"post_tag","embeddable":true,"href":"https:\/\/aconteceunovale.com.br\/portal\/index.php?rest_route=%2Fwp%2Fv2%2Ftags&post=97299"}],"curies":[{"name":"wp","href":"https:\/\/api.w.org\/{rel}","templated":true}]}}