{"id":97291,"date":"2016-09-19T11:21:07","date_gmt":"2016-09-19T14:21:07","guid":{"rendered":"http:\/\/aconteceunovale.com.br\/portal\/?p=97291"},"modified":"2016-09-19T11:21:07","modified_gmt":"2016-09-19T14:21:07","slug":"idosa-morre-apos-colocar-foguete-para-acender-fogao-a-lenha-no-leste-de-minas","status":"publish","type":"post","link":"https:\/\/aconteceunovale.com.br\/portal\/?p=97291","title":{"rendered":"Idosa morre ap\u00f3s colocar foguete para acender fog\u00e3o \u00e0 lenha no Leste de Minas"},"content":{"rendered":"<p>Uma idosa de 82 anos morreu ap\u00f3s ser atingida por fogos de artif\u00edcio em Caratinga, no Vale do Rio Doce. O acidente ocorreu no C\u00f3rrego dos Ramos, pr\u00f3ximo ao Distrito de S\u00e3o C\u00e2ndido, e o corpo da aposentada Josefina Delfino dos Reis, conhecida como Dequinha, foi enterrado nesse domingo (18\/09).<\/p>\n<p>Segundo familiares, a v\u00edtima estava acendendo um fog\u00e3o \u00e0 lenha e ao pegar a madeira acabou confundindo os foguetes com um peda\u00e7o de papel\u00e3o. Eles informaram que o artefato disparou cerca de 10 vezes e acertou a regi\u00e3o do t\u00f3rax da idosa, que morreu no local.<\/p>\n<p>O foguete seria sobra de uma festa religiosa no distrito. Uma mulher, que tamb\u00e9m estava na im\u00f3vel, tentou ajudar a idosa e teve ferimentos nas m\u00e3os.<\/p>\n<p><img decoding=\"async\" src=\"http:\/\/aconteceunovale.com.br\/portal\/wp-content\/uploads\/2016\/09\/fogao_caratinga.jpg\" alt=\"\" \/><em>Fog\u00e3o \u00e0 lenha instalado na casa da v\u00edtima (Foto: Reprodu\u00e7\u00e3o\/Super Canal)<\/em><br \/>\n<\/br><\/p>\n<p><em>(Com informa\u00e7\u00f5es do G1 e Super Canal)<\/em><\/p>\n","protected":false},"excerpt":{"rendered":"<p>Uma idosa de 82 anos morreu ap\u00f3s ser atingida por fogos de artif\u00edcio em Caratinga, no Vale do Rio Doce. O acidente ocorreu no C\u00f3rrego dos Ramos, pr\u00f3ximo ao Distrito de S\u00e3o C\u00e2ndido, e o corpo da aposentada Josefina Delfino dos Reis, conhecida como Dequinha, foi enterrado nesse domingo (18\/09). Segundo familiares, a v\u00edtima estava [&hellip;]<\/p>\n","protected":false},"author":1,"featured_media":97292,"comment_status":"open","ping_status":"closed","sticky":false,"template":"","format":"standard","meta":{"amp_status":"","footnotes":""},"categories":[121],"tags":[115920,115919,237,115922,115921,115916,115915,115918,115917],"class_list":["post-97291","post","type-post","status-publish","format-standard","has-post-thumbnail","hentry","category-leste","tag-acidente-com-fogos-de-artificio","tag-acidente-com-foguete","tag-caratinga","tag-idosa-morre-apos-colocar-foguete-para-acender-fogao-a-lenha-em-caratinga","tag-idosa-morre-apos-colocar-foguete-para-acender-fogao-a-lenha-no-leste-de-minas","tag-idosa-morta-por-foguete-em-caratinga","tag-josefina-delfino-dos-reis","tag-morte-por-fogos-de-artificio","tag-morte-por-foguete"],"_links":{"self":[{"href":"https:\/\/aconteceunovale.com.br\/portal\/index.php?rest_route=\/wp\/v2\/posts\/97291","targetHints":{"allow":["GET"]}}],"collection":[{"href":"https:\/\/aconteceunovale.com.br\/portal\/index.php?rest_route=\/wp\/v2\/posts"}],"about":[{"href":"https:\/\/aconteceunovale.com.br\/portal\/index.php?rest_route=\/wp\/v2\/types\/post"}],"author":[{"embeddable":true,"href":"https:\/\/aconteceunovale.com.br\/portal\/index.php?rest_route=\/wp\/v2\/users\/1"}],"replies":[{"embeddable":true,"href":"https:\/\/aconteceunovale.com.br\/portal\/index.php?rest_route=%2Fwp%2Fv2%2Fcomments&post=97291"}],"version-history":[{"count":0,"href":"https:\/\/aconteceunovale.com.br\/portal\/index.php?rest_route=\/wp\/v2\/posts\/97291\/revisions"}],"wp:featuredmedia":[{"embeddable":true,"href":"https:\/\/aconteceunovale.com.br\/portal\/index.php?rest_route=\/wp\/v2\/media\/97292"}],"wp:attachment":[{"href":"https:\/\/aconteceunovale.com.br\/portal\/index.php?rest_route=%2Fwp%2Fv2%2Fmedia&parent=97291"}],"wp:term":[{"taxonomy":"category","embeddable":true,"href":"https:\/\/aconteceunovale.com.br\/portal\/index.php?rest_route=%2Fwp%2Fv2%2Fcategories&post=97291"},{"taxonomy":"post_tag","embeddable":true,"href":"https:\/\/aconteceunovale.com.br\/portal\/index.php?rest_route=%2Fwp%2Fv2%2Ftags&post=97291"}],"curies":[{"name":"wp","href":"https:\/\/api.w.org\/{rel}","templated":true}]}}