{"id":97282,"date":"2016-09-19T10:39:54","date_gmt":"2016-09-19T13:39:54","guid":{"rendered":"http:\/\/aconteceunovale.com.br\/portal\/?p=97282"},"modified":"2016-09-19T10:43:07","modified_gmt":"2016-09-19T13:43:07","slug":"rebeliao-no-ceresp-de-ipatinga-deixa-um-morto-e-varios-feridos","status":"publish","type":"post","link":"https:\/\/aconteceunovale.com.br\/portal\/?p=97282","title":{"rendered":"Rebeli\u00e3o no Ceresp de Ipatinga deixa um morto e v\u00e1rios feridos"},"content":{"rendered":"<p>Um detento morreu e oito ficaram feridos durante uma rebeli\u00e3o na madrugada desta segunda-feira, 19 de setembro de 2016, no Centro de Remanejamento do Sistema Prisional (Ceresp) de Ipatinga, na Regi\u00e3o Metropolitana do Vale do A\u00e7o. Os presos conseguiram sair das celas, tomaram o p\u00e1tio da unidade prisional, provocaram quebradeira e colocaram fogo em colch\u00f5es.<\/p>\n<p>Segundo relatos de familiares, os rebelados reivindicam melhorias no tratamento com os visitantes e protestam contra a superlota\u00e7\u00e3o no local. Com o in\u00edcio da rebeli\u00e3o, agentes penitenci\u00e1rios de plant\u00e3o acionaram a Pol\u00edcia Militar (PM) para ajudar no controle da situa\u00e7\u00e3o. O detento Eduardo Henrique de Souza, de 24 anos, foi encontrado morto. <\/p>\n<p>Segundo a Secretaria de Estado de Defesa Social (SEDS), por meio de nota, os presos planejavam uma fuga em massa. \u201cOs detentos iniciaram a rebeli\u00e3o quebrando aleatoriamente as celas na tentativa de efetuar uma fuga em massa. Presos de outras galerias aderiram ao movimento e come\u00e7aram a quebrar as paredes. O detento Eduardo Henrique de Souza foi encontrado morto. A per\u00edcia da Pol\u00edcia Civil j\u00e1 foi realizada para apurar a causa da morte\u201d, diz a nota. <\/p>\n<p>Os presos Jhony Rodrigues de Souza, Juliano Jos\u00e9 de Souza, Kevim Ludmax Malta, Patrick Diniz Lopes, Samuel Santos, S\u00e1vio C\u00e2ndido de Andrade Costa, Vagner Reis Am\u00e2ncio e Warley Pires da Silva foram levados para unidades de sa\u00fade do munic\u00edpio. Al\u00e9m dos agentes penitenci\u00e1rios, homens do Grupamento de Interven\u00e7\u00e3o R\u00e1pida (GIR) e do Comando de Opera\u00e7\u00f5es Espaciais (Cope) atuaram na unidade prisional. At\u00e9 o momento, nenhuma fuga foi registrada.<\/p>\n<p>De acordo com a PM, por volta das 10 horas, o controle da unidade prisional j\u00e1 havia sido retomado. A estrutura f\u00edsica do pres\u00eddio ficou bastante danificada e possivelmente todos os detentos do sexo masculino ser\u00e3o transferidos para outras unidades da regi\u00e3o.<\/p>\n<p><img decoding=\"async\" src=\"http:\/\/aconteceunovale.com.br\/portal\/wp-content\/uploads\/2016\/09\/rebeliao_ceresp_ipatinga_2.jpg\" alt=\"\" \/><em>Eduardo Henrique de Souza foi encontrado morto (Foto: Reprodu\u00e7\u00e3o\/Di\u00e1rio Popular)<\/em><br \/>\n<\/br><\/p>\n<p><img decoding=\"async\" src=\"http:\/\/aconteceunovale.com.br\/portal\/wp-content\/uploads\/2016\/09\/rebeliao_ceresp_ipatinga_1.jpg\" alt=\"\" \/><em>Barreira montada pela pol\u00edcia no acesso ao pres\u00eddio (Foto: Reprodu\u00e7\u00e3o\/Di\u00e1rio Popular)<\/em><br \/>\n<\/br><\/p>\n<p><img decoding=\"async\" src=\"http:\/\/aconteceunovale.com.br\/portal\/wp-content\/uploads\/2016\/09\/rebeliao_ceresp_ipatinga_3.jpg\" alt=\"\" \/><em>Familiares est\u00e3o no local em busca de informa\u00e7\u00f5es (Foto: Reprodu\u00e7\u00e3o\/Di\u00e1rio Popular)<\/em><br \/>\n<\/br><\/p>\n<p><img decoding=\"async\" src=\"http:\/\/aconteceunovale.com.br\/portal\/wp-content\/uploads\/2016\/09\/rebeliao_ceresp_ipatinga_4.jpg\" alt=\"\" \/><em>Familiares est\u00e3o no local em busca de informa\u00e7\u00f5es (Foto: Reprodu\u00e7\u00e3o\/Di\u00e1rio Popular)<\/em><\/p>\n","protected":false},"excerpt":{"rendered":"<p>Um detento morreu e oito ficaram feridos durante uma rebeli\u00e3o na madrugada desta segunda-feira, 19 de setembro de 2016, no Centro de Remanejamento do Sistema Prisional (Ceresp) de Ipatinga, na Regi\u00e3o Metropolitana do Vale do A\u00e7o. Os presos conseguiram sair das celas, tomaram o p\u00e1tio da unidade prisional, provocaram quebradeira e colocaram fogo em colch\u00f5es. [&hellip;]<\/p>\n","protected":false},"author":1,"featured_media":97287,"comment_status":"open","ping_status":"closed","sticky":false,"template":"","format":"standard","meta":{"amp_status":"","footnotes":""},"categories":[121],"tags":[16593,115906,115903,115904,201,115910,115909,115912,115902,115905,115914,115901,115900,115908,115907,115913,115911],"class_list":["post-97282","post","type-post","status-publish","format-standard","has-post-thumbnail","hentry","category-leste","tag-ceresp-de-ipatinga","tag-eduardo-henrique-de-souza","tag-feridos-em-rebeliao-no-ceresp-de-ipatinga","tag-feridos-no-ceresp-de-ipatinga","tag-ipatinga","tag-jhony-rodrigues-de-souza","tag-juliano-jose-de-souza","tag-kevim-ludmax-malta","tag-morto-em-rebeliao-no-ceresp-de-ipatinga","tag-morto-no-ceresp-de-ipatinga","tag-patrick-diniz-lopes","tag-rebeliao-no-ceresp-de-ipatinga","tag-rebeliao-no-ceresp-de-ipatinga-deixa-um-morto-e-varios-feridos","tag-samuel-santos","tag-savio-candido-de-andrade-costa","tag-vagner-reis-amancio","tag-warley-pires-da-silva"],"_links":{"self":[{"href":"https:\/\/aconteceunovale.com.br\/portal\/index.php?rest_route=\/wp\/v2\/posts\/97282","targetHints":{"allow":["GET"]}}],"collection":[{"href":"https:\/\/aconteceunovale.com.br\/portal\/index.php?rest_route=\/wp\/v2\/posts"}],"about":[{"href":"https:\/\/aconteceunovale.com.br\/portal\/index.php?rest_route=\/wp\/v2\/types\/post"}],"author":[{"embeddable":true,"href":"https:\/\/aconteceunovale.com.br\/portal\/index.php?rest_route=\/wp\/v2\/users\/1"}],"replies":[{"embeddable":true,"href":"https:\/\/aconteceunovale.com.br\/portal\/index.php?rest_route=%2Fwp%2Fv2%2Fcomments&post=97282"}],"version-history":[{"count":0,"href":"https:\/\/aconteceunovale.com.br\/portal\/index.php?rest_route=\/wp\/v2\/posts\/97282\/revisions"}],"wp:featuredmedia":[{"embeddable":true,"href":"https:\/\/aconteceunovale.com.br\/portal\/index.php?rest_route=\/wp\/v2\/media\/97287"}],"wp:attachment":[{"href":"https:\/\/aconteceunovale.com.br\/portal\/index.php?rest_route=%2Fwp%2Fv2%2Fmedia&parent=97282"}],"wp:term":[{"taxonomy":"category","embeddable":true,"href":"https:\/\/aconteceunovale.com.br\/portal\/index.php?rest_route=%2Fwp%2Fv2%2Fcategories&post=97282"},{"taxonomy":"post_tag","embeddable":true,"href":"https:\/\/aconteceunovale.com.br\/portal\/index.php?rest_route=%2Fwp%2Fv2%2Ftags&post=97282"}],"curies":[{"name":"wp","href":"https:\/\/api.w.org\/{rel}","templated":true}]}}