{"id":97274,"date":"2016-09-19T09:29:21","date_gmt":"2016-09-19T12:29:21","guid":{"rendered":"http:\/\/aconteceunovale.com.br\/portal\/?p=97274"},"modified":"2016-09-19T09:29:29","modified_gmt":"2016-09-19T12:29:29","slug":"expansao-do-projeto-jaiba-tera-participacao-maior-da-agricultura-familiar","status":"publish","type":"post","link":"https:\/\/aconteceunovale.com.br\/portal\/?p=97274","title":{"rendered":"Expans\u00e3o do Projeto Ja\u00edba ter\u00e1 participa\u00e7\u00e3o maior da agricultura familiar"},"content":{"rendered":"<p>A expans\u00e3o do Projeto Ja\u00edba, considerado o maior projeto de agricultura irrigada da Am\u00e9rica Latina, contar\u00e1 com a participa\u00e7\u00e3o social, sobretudo de movimentos ligados \u00e0 agricultura familiar. A retomada dos trabalhos j\u00e1 come\u00e7ou e a previs\u00e3o \u00e9 que as etapas 3 e 4 do projeto, paralisadas h\u00e1 anos, sejam entregues at\u00e9 o fim de 2018.<\/p>\n<p>\u201cNosso compromisso \u00e9 fazer um projeto que considere as demandas de quem vive na regi\u00e3o. Os trabalhadores rurais s\u00e3o parte da estrat\u00e9gia para impulsionar a produ\u00e7\u00e3o no Ja\u00edba e garantir mais emprego e renda\u201d, diz o\u00a0secret\u00e1rio de Estado de Desenvolvimento Agr\u00e1rio, Professor Neivaldo.<\/p>\n<p>Segundo a\u00a0Ruralminas, o projeto de expans\u00e3o do Ja\u00edba prev\u00ea a implanta\u00e7\u00e3o de infraestrutura em uma \u00e1rea de seis mil hectares e o assentamento de at\u00e9 1.200 fam\u00edlias de agricultores. O canal principal de irriga\u00e7\u00e3o da etapa 3 j\u00e1 est\u00e1 instalado.<\/p>\n<p>\u201cPela primeira vez, os trabalhadores rurais e acampados ser\u00e3o ouvidos porque n\u00e3o achamos leg\u00edtimo fazer o projeto sem o di\u00e1logo. Essa \u00e9 uma tarefa que o governador Pimentel nos demandou\u201d, afirma a chefe de Gabinete da\u00a0Secretaria de Estado de Planejamento e Gest\u00e3o (Seplag), L\u00edgia Pereira.<\/p>\n<p>Ao lado do presidente da Ruralminas, Luiz Afonso Vaz de Oliveira, a miss\u00e3o do Governo de Minas Gerais desembarcou na sexta-feira (16\/9) no Ja\u00edba, no Norte de Minas, para uma agenda de trabalho. No roteiro, reuni\u00e3o com diversas lideran\u00e7as na sede do Sindicato dos Trabalhadores Rurais, apresenta\u00e7\u00e3o de bairros com vulnerabilidade social e visita ao projeto.<\/p>\n<p><img decoding=\"async\" src=\"http:\/\/aconteceunovale.com.br\/portal\/wp-content\/uploads\/2016\/09\/expansao_do_jaiba_2.jpg\" alt=\"\" \/><em>Expans\u00e3o do Ja\u00edba ter\u00e1 participa\u00e7\u00e3o maior da agricultura familiar (Divulga\u00e7\u00e3o\/Seda)<\/em><br \/>\n<\/br><\/p>\n<p><strong>Demandas sociais<\/strong><\/p>\n<p>O presidente do STR, Adelmar Ramos Novais, afirmou que \u00e9 preciso uma s\u00e9rie de a\u00e7\u00f5es de cunho social para garantir a inclus\u00e3o dos trabalhadores rurais no projeto, que h\u00e1 d\u00e9cadas se desenvolve de maneira desordenada. \u201cT\u00eam fam\u00edlias que est\u00e3o acampadas h\u00e1 mais de dez anos no Ja\u00edba e n\u00e3o t\u00eam suas terras regularizadas\u201d, diz Adelmar.<\/p>\n<p>Outras necessidades apontadas s\u00e3o o acesso \u00e0 \u00e1gua e energia el\u00e9trica, refor\u00e7o da assist\u00eancia t\u00e9cnica, fortalecimento da comercializa\u00e7\u00e3o dos produtos e implanta\u00e7\u00e3o de escolas agr\u00edcolas, qualifica\u00e7\u00e3o profissional para os jovens e de programas sociais, sobretudo no combate ao consumo de drogas.<\/p>\n<p>\u201cEspero que a esperan\u00e7a seja renovada com essa nova etapa do projeto\u201d, afirma o representante dos acampados no Conselho Municipal de Desenvolvimento Rural Sustent\u00e1vel (CMRDS), Edvaldo Pires de Souza.<\/p>\n<p>Hoje a\u00a0Empresa de Assist\u00eancia T\u00e9cnica e Extens\u00e3o Rural de Minas Gerais (Emater-MG)\u00a0presta assist\u00eancia a 2 mil propriedades da agricultura familiar e a 300 produtores da \u00e1rea empresarial das fases 1 e 2 do projeto.\u00a0A produ\u00e7\u00e3o di\u00e1ria chega a cerca de 1.200 toneladas, com destaque para a banana, mandioca, manga, lim\u00e3o, ab\u00f3bora, entre outras culturas.<\/p>\n<p>A ideia do Governo de Minas Gerais \u00e9 fazer uma gest\u00e3o integrada \u00e0s primeiras etapas do projeto, hoje sobre coordena\u00e7\u00e3o do Distrito de Irriga\u00e7\u00e3o do Ja\u00edba (DIJ). Com a aprova\u00e7\u00e3o do projeto de lei do Poder Executivo que extingue a Ruralminas, as a\u00e7\u00f5es de responsabilidade da funda\u00e7\u00e3o no Ja\u00edba ser\u00e3o executadas por outros \u00f3rg\u00e3os estaduais.<\/p>\n<p><img decoding=\"async\" src=\"http:\/\/aconteceunovale.com.br\/portal\/wp-content\/uploads\/2016\/09\/expansao_do_jaiba_4.jpg\" alt=\"\" \/><em>Expans\u00e3o do Ja\u00edba ter\u00e1 participa\u00e7\u00e3o maior da agricultura familiar (Divulga\u00e7\u00e3o\/Seda)<\/em><br \/>\n<\/br><\/p>\n<p><img decoding=\"async\" src=\"http:\/\/aconteceunovale.com.br\/portal\/wp-content\/uploads\/2016\/09\/expansao_do_jaiba_3.jpg\" alt=\"\" \/><em>Expans\u00e3o do Ja\u00edba ter\u00e1 participa\u00e7\u00e3o maior da agricultura familiar (Divulga\u00e7\u00e3o\/Seda)<\/em><br \/>\n<\/br><\/p>\n<p><img decoding=\"async\" src=\"http:\/\/aconteceunovale.com.br\/portal\/wp-content\/uploads\/2016\/09\/expansao_do_jaiba_2.jpg\" alt=\"\" \/><em>Expans\u00e3o do Ja\u00edba ter\u00e1 participa\u00e7\u00e3o maior da agricultura familiar (Divulga\u00e7\u00e3o\/Seda)<\/em><br \/>\n<\/br><\/p>\n<p><img decoding=\"async\" src=\"http:\/\/aconteceunovale.com.br\/portal\/wp-content\/uploads\/2016\/09\/expansao_do_jaiba_5.jpg\" alt=\"\" \/><em>Expans\u00e3o do Ja\u00edba ter\u00e1 participa\u00e7\u00e3o maior da agricultura familiar (Divulga\u00e7\u00e3o\/Seda)<\/em><br \/>\n<\/br><\/p>\n<p>(Ag\u00eancia Minas)<\/p>\n","protected":false},"excerpt":{"rendered":"<p>A expans\u00e3o do Projeto Ja\u00edba, considerado o maior projeto de agricultura irrigada da Am\u00e9rica Latina, contar\u00e1 com a participa\u00e7\u00e3o social, sobretudo de movimentos ligados \u00e0 agricultura familiar. A retomada dos trabalhos j\u00e1 come\u00e7ou e a previs\u00e3o \u00e9 que as etapas 3 e 4 do projeto, paralisadas h\u00e1 anos, sejam entregues at\u00e9 o fim de 2018. [&hellip;]<\/p>\n","protected":false},"author":1,"featured_media":97276,"comment_status":"open","ping_status":"closed","sticky":false,"template":"","format":"standard","meta":{"amp_status":"","footnotes":""},"categories":[28848,1236],"tags":[115899,115895,1018,115896,115894,70116,115893,70115,93855,115897,3106,18687,57149,115898],"class_list":["post-97274","post","type-post","status-publish","format-standard","has-post-thumbnail","hentry","category-mundo","category-norte_de_minas","tag-adelmar-ramos-novais","tag-agricultura-familiar-no-projeto-jaiba","tag-destaque","tag-expansao-do-projeto-jaiba","tag-expansao-do-projeto-jaiba-tera-participacao-maior-da-agricultura-familiar","tag-luiz-afonso-vaz-de-oliveira","tag-maior-projeto-de-irrigacao-da-america-latina","tag-presidente-da-ruralminas","tag-professor-neivaldo","tag-projeto-de-expansao-do-jaiba","tag-projeto-jaiba","tag-ruralminas","tag-secretario-de-estado-de-desenvolvimento-agrario","tag-str"],"_links":{"self":[{"href":"https:\/\/aconteceunovale.com.br\/portal\/index.php?rest_route=\/wp\/v2\/posts\/97274","targetHints":{"allow":["GET"]}}],"collection":[{"href":"https:\/\/aconteceunovale.com.br\/portal\/index.php?rest_route=\/wp\/v2\/posts"}],"about":[{"href":"https:\/\/aconteceunovale.com.br\/portal\/index.php?rest_route=\/wp\/v2\/types\/post"}],"author":[{"embeddable":true,"href":"https:\/\/aconteceunovale.com.br\/portal\/index.php?rest_route=\/wp\/v2\/users\/1"}],"replies":[{"embeddable":true,"href":"https:\/\/aconteceunovale.com.br\/portal\/index.php?rest_route=%2Fwp%2Fv2%2Fcomments&post=97274"}],"version-history":[{"count":0,"href":"https:\/\/aconteceunovale.com.br\/portal\/index.php?rest_route=\/wp\/v2\/posts\/97274\/revisions"}],"wp:featuredmedia":[{"embeddable":true,"href":"https:\/\/aconteceunovale.com.br\/portal\/index.php?rest_route=\/wp\/v2\/media\/97276"}],"wp:attachment":[{"href":"https:\/\/aconteceunovale.com.br\/portal\/index.php?rest_route=%2Fwp%2Fv2%2Fmedia&parent=97274"}],"wp:term":[{"taxonomy":"category","embeddable":true,"href":"https:\/\/aconteceunovale.com.br\/portal\/index.php?rest_route=%2Fwp%2Fv2%2Fcategories&post=97274"},{"taxonomy":"post_tag","embeddable":true,"href":"https:\/\/aconteceunovale.com.br\/portal\/index.php?rest_route=%2Fwp%2Fv2%2Ftags&post=97274"}],"curies":[{"name":"wp","href":"https:\/\/api.w.org\/{rel}","templated":true}]}}