{"id":97268,"date":"2016-09-19T09:03:45","date_gmt":"2016-09-19T12:03:45","guid":{"rendered":"http:\/\/aconteceunovale.com.br\/portal\/?p=97268"},"modified":"2016-09-19T09:03:45","modified_gmt":"2016-09-19T12:03:45","slug":"comeca-hoje-campanha-para-atualizar-caderneta-de-vacinacao-de-criancas-e-adolescentes","status":"publish","type":"post","link":"https:\/\/aconteceunovale.com.br\/portal\/?p=97268","title":{"rendered":"Come\u00e7a hoje campanha para atualizar caderneta de vacina\u00e7\u00e3o de crian\u00e7as e adolescentes"},"content":{"rendered":"<p>Come\u00e7a nesta segunda-feira (19\/09\/2016) a Campanha Nacional de Multivacina\u00e7\u00e3o em todo o pa\u00eds, para atualizar a caderneta de vacina\u00e7\u00e3o de crian\u00e7as e adolescentes. O p\u00fablico-alvo da mobiliza\u00e7\u00e3o s\u00e3o crian\u00e7as menores de 5 anos e crian\u00e7as e adolescentes de 9 anos a 15 anos.<\/p>\n<p>O Dia D de mobiliza\u00e7\u00e3o nacional est\u00e1 marcado para o pr\u00f3ximo s\u00e1bado (24), quando os postos estar\u00e3o abertos para atender aos que tiverem dificuldades de comparecer em hor\u00e1rio comercial. A campanha segue at\u00e9 30 de setembro em cerca de 36 mil postos fixos em todo o Brasil. Ao todo, 350 mil profissionais participam da a\u00e7\u00e3o.<\/p>\n<p>De acordo com o Minist\u00e9rio da Sa\u00fade, foram enviadas a todas as unidades da Federa\u00e7\u00e3o 26,8 milh\u00f5es de doses &#8211; incluindo 7,6 milh\u00f5es para a vacina\u00e7\u00e3o de rotina de setembro e 19,2 milh\u00f5es de doses extras para a campanha.<\/p>\n<p><strong>Atualiza\u00e7\u00e3o da caderneta<\/strong><\/p>\n<p>O objetivo da a\u00e7\u00e3o \u00e9 combater a ocorr\u00eancia de doen\u00e7as imunopreven\u00edveis no pa\u00eds e reduzir os \u00edndices de abandono \u00e0 vacina\u00e7\u00e3o \u2013 principalmente entre adolescentes.<\/p>\n<p><strong>Mudan\u00e7as no calend\u00e1rio de vacina\u00e7\u00e3o<\/strong><\/p>\n<p>Em janeiro deste ano, o Minist\u00e9rio da Sa\u00fade alterou o esquema vacinal de quatro vacinas: poliomielite, HPV, meningoc\u00f3cica C (conjugada) e pneumoc\u00f3cica 10 valente.<\/p>\n<p>O esquema vacinal contra a poliomielite passou a ser de tr\u00eas doses da vacina injet\u00e1vel (2, 4 e 6 meses) e mais duas doses de refor\u00e7o com a vacina oral. At\u00e9 2015, o esquema era de duas doses injet\u00e1veis e tr\u00eas orais.<\/p>\n<p>J\u00e1 a vacina\u00e7\u00e3o contra o HPV passou de tr\u00eas para duas doses, com intervalo de seis meses entre elas para meninas saud\u00e1veis de 9 a 14 anos. Meninas de 9 a 26 anos que vivem com HIV devem continuar recebendo o esquema de tr\u00eas doses.<\/p>\n<p>No caso da meningoc\u00f3cica C, o refor\u00e7o, que era administrado aos 15 meses, passou a ser feito preferencialmente aos 12 meses, podendo ser feito at\u00e9 os 4 anos. As primeiras duas doses continuam sendo realizadas aos 3 e 5 meses.<\/p>\n<p>A pneumoc\u00f3cica sofreu redu\u00e7\u00e3o de uma dose e passou a ser administrada em duas (2 e 4 meses), com um refor\u00e7o preferencialmente aos 12 meses, mas que pode ser recebido at\u00e9 os 4 anos. (Ag\u00eancia Brasil)<\/p>\n","protected":false},"excerpt":{"rendered":"<p>Come\u00e7a nesta segunda-feira (19\/09\/2016) a Campanha Nacional de Multivacina\u00e7\u00e3o em todo o pa\u00eds, para atualizar a caderneta de vacina\u00e7\u00e3o de crian\u00e7as e adolescentes. O p\u00fablico-alvo da mobiliza\u00e7\u00e3o s\u00e3o crian\u00e7as menores de 5 anos e crian\u00e7as e adolescentes de 9 anos a 15 anos. O Dia D de mobiliza\u00e7\u00e3o nacional est\u00e1 marcado para o pr\u00f3ximo s\u00e1bado [&hellip;]<\/p>\n","protected":false},"author":1,"featured_media":97269,"comment_status":"open","ping_status":"closed","sticky":false,"template":"","format":"standard","meta":{"amp_status":"","footnotes":""},"categories":[6,40242],"tags":[115875,21164,115294,115870,115876,115874,19326,21730,115873,115872,115871],"class_list":["post-97268","post","type-post","status-publish","format-standard","has-post-thumbnail","hentry","category-br","category-saude-2","tag-calendario-vacinal","tag-campanha-de-vacinacao","tag-campanha-nacional-de-multivacinacao","tag-campanha-nacional-de-multivacinacao-2016","tag-comeca-hoje-campanha-para-atualizar-caderneta-de-vacinacao-de-criancas-e-adolescentes","tag-dia-d-de-mobilizacao-nacional","tag-ministerio-da-saude","tag-vacina","tag-vacinacao-de-adolescentes","tag-vacinacao-de-criancas","tag-vacinacao-de-criancas-e-adolescentes"],"_links":{"self":[{"href":"https:\/\/aconteceunovale.com.br\/portal\/index.php?rest_route=\/wp\/v2\/posts\/97268","targetHints":{"allow":["GET"]}}],"collection":[{"href":"https:\/\/aconteceunovale.com.br\/portal\/index.php?rest_route=\/wp\/v2\/posts"}],"about":[{"href":"https:\/\/aconteceunovale.com.br\/portal\/index.php?rest_route=\/wp\/v2\/types\/post"}],"author":[{"embeddable":true,"href":"https:\/\/aconteceunovale.com.br\/portal\/index.php?rest_route=\/wp\/v2\/users\/1"}],"replies":[{"embeddable":true,"href":"https:\/\/aconteceunovale.com.br\/portal\/index.php?rest_route=%2Fwp%2Fv2%2Fcomments&post=97268"}],"version-history":[{"count":0,"href":"https:\/\/aconteceunovale.com.br\/portal\/index.php?rest_route=\/wp\/v2\/posts\/97268\/revisions"}],"wp:featuredmedia":[{"embeddable":true,"href":"https:\/\/aconteceunovale.com.br\/portal\/index.php?rest_route=\/wp\/v2\/media\/97269"}],"wp:attachment":[{"href":"https:\/\/aconteceunovale.com.br\/portal\/index.php?rest_route=%2Fwp%2Fv2%2Fmedia&parent=97268"}],"wp:term":[{"taxonomy":"category","embeddable":true,"href":"https:\/\/aconteceunovale.com.br\/portal\/index.php?rest_route=%2Fwp%2Fv2%2Fcategories&post=97268"},{"taxonomy":"post_tag","embeddable":true,"href":"https:\/\/aconteceunovale.com.br\/portal\/index.php?rest_route=%2Fwp%2Fv2%2Ftags&post=97268"}],"curies":[{"name":"wp","href":"https:\/\/api.w.org\/{rel}","templated":true}]}}