{"id":97264,"date":"2016-09-18T23:08:17","date_gmt":"2016-09-19T02:08:17","guid":{"rendered":"http:\/\/aconteceunovale.com.br\/portal\/?p=97264"},"modified":"2016-09-18T23:08:17","modified_gmt":"2016-09-19T02:08:17","slug":"ladrao-invade-casa-de-vereador-em-almenara-e-rouba-dinheiro-que-estava-guardado-debaixo-de-colchao","status":"publish","type":"post","link":"https:\/\/aconteceunovale.com.br\/portal\/?p=97264","title":{"rendered":"Ladr\u00e3o invade casa de vereador em Almenara e rouba dinheiro que estava guardado debaixo de colch\u00e3o"},"content":{"rendered":"<p>Um vereador de Almenara, no Vale do Jequitinhonha, acionou a Pol\u00edcia Militar (PM) na noite de sexta-feira, 16 de setembro de 2016, para registro de ocorr\u00eancia de furto. Dilson Ferreira da Silva, de 38 anos, informou aos militares que por volta das 23h00, ao chegar a sua resid\u00eancia, localizada no bairro Panor\u00e2mico, notou um buraco no telhado de um quarto.<\/p>\n<p>Ainda segundo a PM, o solicitante afirmou que ao fazer uma vistoria, percebeu que o criminoso havia subtra\u00eddo a quantia de R$ 2.000,00 em dinheiro, que estava guardado debaixo do colch\u00e3o da sua cama de casal.<\/p>\n<p>A Pol\u00edcia Militar realizou rastreamentos nas imedia\u00e7\u00f5es, mas nenhum suspeito do crime foi localizado. Os militares confeccionaram um Registro de Eventos de Defesa Social (REDS), que foi encaminhado para a Pol\u00edcia Civil. O caso ser\u00e1 investigado.<\/p>\n","protected":false},"excerpt":{"rendered":"<p>Um vereador de Almenara, no Vale do Jequitinhonha, acionou a Pol\u00edcia Militar (PM) na noite de sexta-feira, 16 de setembro de 2016, para registro de ocorr\u00eancia de furto. Dilson Ferreira da Silva, de 38 anos, informou aos militares que por volta das 23h00, ao chegar a sua resid\u00eancia, localizada no bairro Panor\u00e2mico, notou um buraco [&hellip;]<\/p>\n","protected":false},"author":1,"featured_media":80303,"comment_status":"open","ping_status":"closed","sticky":false,"template":"","format":"standard","meta":{"amp_status":"","footnotes":""},"categories":[120],"tags":[77249,115862,44935,115863,115861,115858,77250,115860,115859],"class_list":["post-97264","post","type-post","status-publish","format-standard","has-post-thumbnail","hentry","category-jequi","tag-assalto-almenara","tag-assalto-casa-de-vereador-de-almenara","tag-dilson-ferreira-da-silva","tag-furto-almenara","tag-furto-casa-de-vereador-de-almenara","tag-ladrao-invade-casa-de-vereador-em-almenara-e-rouba-dinheiro-que-estava-guardado-debaixo-de-colchao","tag-roubo-almenara","tag-roubo-casa-de-vereador-de-almenara","tag-vereador-de-almenara"],"_links":{"self":[{"href":"https:\/\/aconteceunovale.com.br\/portal\/index.php?rest_route=\/wp\/v2\/posts\/97264","targetHints":{"allow":["GET"]}}],"collection":[{"href":"https:\/\/aconteceunovale.com.br\/portal\/index.php?rest_route=\/wp\/v2\/posts"}],"about":[{"href":"https:\/\/aconteceunovale.com.br\/portal\/index.php?rest_route=\/wp\/v2\/types\/post"}],"author":[{"embeddable":true,"href":"https:\/\/aconteceunovale.com.br\/portal\/index.php?rest_route=\/wp\/v2\/users\/1"}],"replies":[{"embeddable":true,"href":"https:\/\/aconteceunovale.com.br\/portal\/index.php?rest_route=%2Fwp%2Fv2%2Fcomments&post=97264"}],"version-history":[{"count":0,"href":"https:\/\/aconteceunovale.com.br\/portal\/index.php?rest_route=\/wp\/v2\/posts\/97264\/revisions"}],"wp:featuredmedia":[{"embeddable":true,"href":"https:\/\/aconteceunovale.com.br\/portal\/index.php?rest_route=\/wp\/v2\/media\/80303"}],"wp:attachment":[{"href":"https:\/\/aconteceunovale.com.br\/portal\/index.php?rest_route=%2Fwp%2Fv2%2Fmedia&parent=97264"}],"wp:term":[{"taxonomy":"category","embeddable":true,"href":"https:\/\/aconteceunovale.com.br\/portal\/index.php?rest_route=%2Fwp%2Fv2%2Fcategories&post=97264"},{"taxonomy":"post_tag","embeddable":true,"href":"https:\/\/aconteceunovale.com.br\/portal\/index.php?rest_route=%2Fwp%2Fv2%2Ftags&post=97264"}],"curies":[{"name":"wp","href":"https:\/\/api.w.org\/{rel}","templated":true}]}}