{"id":97261,"date":"2016-09-18T22:35:23","date_gmt":"2016-09-19T01:35:23","guid":{"rendered":"http:\/\/aconteceunovale.com.br\/portal\/?p=97261"},"modified":"2016-09-18T22:35:23","modified_gmt":"2016-09-19T01:35:23","slug":"policia-registra-oito-homicidios-em-municipios-do-leste-e-nordeste-de-minas","status":"publish","type":"post","link":"https:\/\/aconteceunovale.com.br\/portal\/?p=97261","title":{"rendered":"Pol\u00edcia registra oito homic\u00eddios em munic\u00edpios do Leste e Nordeste de Minas"},"content":{"rendered":"<p>Pelo menos oito pessoas foram assassinadas no fim de semana em munic\u00edpios das regi\u00f5es Leste e Nordeste de Minas Gerais. As ocorr\u00eancias foram registradas pelas Pol\u00edcias Militar de Itaobim, Mutum, Tim\u00f3teo, Joa\u00edma, Te\u00f3filo Otoni, Caratinga, Jequitinhonha e A\u00e7ucena.<\/p>\n<p>Todas as v\u00edtimas s\u00e3o do sexo masculino. Em Mutum, um pedreiro foi morto ap\u00f3s amea\u00e7ar a esposa. Em Te\u00f3filo Otoni, um jovem de 20 anos foi assassinado a facada ao cobrar uma d\u00edvida no valor de R$ 100,00. J\u00e1 em A\u00e7ucena, um rapaz de 21 anos foi preso ap\u00f3s executar um homem de 33 em troca de uma motocicleta.<\/p>\n<p>Confira abaixo as informa\u00e7\u00f5es sobre as ocorr\u00eancias:<\/p>\n<h4><strong>Adolescente assassinado em Itaobim<\/strong><\/h4>\n<p>Um adolescente de 14 anos foi assassinado a tiros na noite de s\u00e1bado, 17 de setembro de 2016, no bairro S\u00e3o Roque, em Itaobim, regi\u00e3o do Vale do Jequitinhonha. Breno Ferreira da Silva foi encontrado morto, por volta das 21h30, na Rua Maria Eva.<\/p>\n<p>Segundo informa\u00e7\u00f5es da Pol\u00edcia Militar (PM), um familiar do menor relatou que ele tinha liga\u00e7\u00f5es com a Gangue do Murinho. A pessoa ouvida pelos militares tamb\u00e9m afirmou que Breno estaria residindo em Ara\u00e7ua\u00ed com a m\u00e3e e que n\u00e3o sabia da sua passagem pela cidade.<\/p>\n<p>A Per\u00edcia T\u00e9cnica da Pol\u00edcia Civil compareceu ao local e constatou que a v\u00edtima apresentava oito perfura\u00e7\u00f5es provocadas por disparos de arma de fogo. Ap\u00f3s os trabalhos de praxe, o corpo foi encaminhado para o Instituto M\u00e9dico Legal (IML) em Pedra Azul.<\/p>\n<p>A autoria do crime ainda \u00e9 desconhecida. Populares relataram que aproximadamente cinco indiv\u00edduos encapuzados perseguiram a v\u00edtima no local. A suspeita \u00e9 que os autores sejam integrantes da referida Gangue do Murinho. O crime ser\u00e1 investigado pela Pol\u00edcia Civil.<\/p>\n<h4><strong>Pedreiro morto a tiros em Mutum<\/strong><\/h4>\n<p>O pedreiro Carlos Roberto de Souza, de 42 anos, foi assassinado na tarde de s\u00e1bado, 17 de setembro de 2016, em Mutum, no Vale do Rio Doce. De acordo com a PM, a v\u00edtima foi alvejada por seis disparos de arma de fogo ao sair de um bar localizado Rua Dom Cavati, na regi\u00e3o central da cidade. <\/p>\n<p>Ainda segundo a PM, um familiar relatou que na mesma data Carlos Roberto teria ido at\u00e9 um s\u00edtio no C\u00f3rrego dos Barcelos, onde reside sua esposa, e ap\u00f3s um desentendimento devido o processo de separa\u00e7\u00e3o, teria feito amea\u00e7as de morte a mulher. Ap\u00f3s voltar para a cidade, o homem foi morto. <\/p>\n<h4><strong>Morto de forma cruel em Tim\u00f3teo<\/strong><\/h4>\n<p>Um jovem de 18 anos foi assassinado na noite de sexta-feira, 16 de setembro de 2016, no C\u00f3rrego Ca\u00e7ador, munic\u00edpio de Tim\u00f3teo. Tiago Oliveira Aguiar foi encontrado ca\u00eddo ao solo e com disparos de arma de fogo, bem como diversas perfura\u00e7\u00f5es de instrumento perfuro cortante, com indica\u00e7\u00e3o de requintes de crueldade.<\/p>\n<p>Populares ouvidos pela PM relataram que no final da noite ouviram disparos de arma de fogo e que a v\u00edtima frequentava constantemente o local para consumo e tr\u00e1fico de drogas. Durante uma vistoria no local foi encontrado, dentro de uma casa desocupada, dois p\u00eas de maconha. A autoria do crime ainda \u00e9 desconhecida e ser\u00e1 investigada pela Pol\u00edcia Civil.<\/p>\n<h4><strong>Jovem assassinado no Centro de Joa\u00edma<\/strong><\/h4>\n<p>Adriano Oliveira da Silva, de 18 anos, foi morto a tiros na noite de sexta-feira, 16 de setembro de 2016, na Avenida Jequitinhonha, regi\u00e3o central de Joa\u00edma, no Vale do Jequitinhonha. Dois integrantes da Gangue BDT s\u00e3o os principais suspeitos do crime e s\u00e3o procurados pela Pol\u00edcia.<\/p>\n<h4><strong>Assassinado ap\u00f3s cobrar d\u00edvida de R$ 100 em Te\u00f3filo Otoni<\/strong><\/h4>\n<p>Um rapaz foi assassinado a facada ap\u00f3s cobrar uma d\u00edvida no valor de R$ 100 em Te\u00f3filo Otoni, no Vale do Mucuri. A ocorr\u00eancia foi registrada no fim da tarde desta sexta-feira, 16 de setembro de 2016, nas proximidades do mercado municipal.<\/p>\n<p>De acordo com a Pol\u00edcia Militar (PM), por volta das 16h20, um denunciante acionou o 190 e informou sobre o homic\u00eddio consumado. Uma testemunha relatou que um indiv\u00edduo de estatura baixa estava discutindo com a v\u00edtima Jovenil Francisco Dias e desferiu um golpe de faca na altura do t\u00f3rax dela. Ap\u00f3s o ocorrido, o autor evadiu para o interior do mercado e n\u00e3o foi mais visto. Outras testemunhas afirmaram que o criminoso trabalha como chapa de caminh\u00e3o. <\/p>\n<p>Ainda segundo a PM, um familiar informou que nesta manh\u00e3 a v\u00edtima teria discutido com dois homens, sendo um moreno baixo e outro de cor clara, ambos chapas de caminh\u00e3o. O desentendimento ocorrera ap\u00f3s a v\u00edtima cobrar uma d\u00edvida dos suspeitos. Ainda segundo o familiar ouvido pela PM, naquele hor\u00e1rio, o homem teria ido ao mercado cobrar o valor devido pelos suspeitos, momento em que ocorreu o assassinato. <\/p>\n<p>Uma equipe do Servi\u00e7o de Atendimento M\u00f3vel de Urg\u00eancia (SAMU) compareceu ao local, mas a v\u00edtima j\u00e1 estava sem sinais vitais. A Per\u00edcia T\u00e9cnica da Pol\u00edcia Civil foi acionada e ap\u00f3s os trabalhos de praxe, o corpo foi removido ao Instituto M\u00e9dico Legal (IML) para exames. <\/p>\n<p>Uma faca suja de sangue foi recolhida pela Pol\u00edcia. A Pol\u00edcia Militar realiza rastreamentos com intuito de localizar e prender o autor do crime.<\/p>\n<h4><strong>Homic\u00eddio consumado em Caratinga<\/strong><\/h4>\n<p>Na tarde de sexta-feira, 16 de setembro de 2016, o jovem Gustavo Vieira Soares, de 18 anos, foi morto a tiros na Rua Jos\u00e9 Belegard, no bairro Nossa Senhora Aparecida. O autor dos disparos seria um adolescente que estava na garupa de uma moto pilotada por um indiv\u00edduo conhecido como Bab\u00e3o. A v\u00edtima ainda foi socorrida com vida, mas n\u00e3o resistiu aos ferimentos e veio a \u00f3bito no Pronto Atendimento Municipal. De acordo com a PM, o local do crime \u00e9 conhecido como ponto de trafic\u00e2ncia.<\/p>\n<h4><strong>Morto em \u00e1rea invadida em Jequitinhonha<\/strong><\/h4>\n<p>Rom\u00e9rio Ferraz da Silva, de 43 anos, foi morto a tiros na madrugada de sexta-feira, 16 de setembro de 2016, no s\u00edtio Itatiaia (\u00e1rea invadida por pessoas intituladas sem teto), localizado na Rua Eug\u00eanio, Bairro Vaticano, em Jequitinhonha (MG). A autoria e motiva\u00e7\u00e3o do crime ainda s\u00e3o desconhecidas.<\/p>\n<h4><strong>Preso em A\u00e7ucena por matar homem em troca de motocicleta<\/strong><\/h4>\n<p>Alisson Ramos de Lima, de 33 anos, foi baleado no in\u00edcio da noite de quinta-feira, 15 de setembro de 2016, no Jardim das Oliveiras, em A\u00e7ucena, no Vale do Rio Doce. A v\u00edtima foi socorrida por uma ambul\u00e2ncia do munic\u00edpio e encaminhada para o Hospital M\u00e1rcio Cunha, em Ipatinga, mas n\u00e3o resistiu aos ferimentos e veio a \u00f3bito. <\/p>\n<p>De acordo com a PM, a v\u00edtima estava sofrendo amea\u00e7as de morte por telefone e que indiv\u00edduos estavam a sua procura devido a um homic\u00eddio consumado ocorrido no Povoado de Coqueiros.<\/p>\n<p>O autor do crime foi encontrado na manh\u00e3 de sexta-feira em um hotel que fica em um posto de combust\u00edveis na entrada da cidade. Segundo a PM, Vanderlei Campos de Pinho, de 21 anos, afirmou que teria executado a v\u00edtima em troca de uma motocicleta. O mandante seria Jaconias Rosa Pereira, conhecido como Jac\u00f3, residente nos Estados Unidos e pai de uma mulher que est\u00e1 gr\u00e1vida de Alisson.<\/p>\n<p>A arma utilizada para executar a v\u00edtima, uma moto e outros materiais foram apreendidos com o autor. Ainda segundo a PM, Vanderlei confessou tamb\u00e9m ser o autor de um homic\u00eddio registrado em Pe\u00e7anha, no dia 21 de mar\u00e7o de 2016.<\/p>\n","protected":false},"excerpt":{"rendered":"<p>Pelo menos oito pessoas foram assassinadas no fim de semana em munic\u00edpios das regi\u00f5es Leste e Nordeste de Minas Gerais. As ocorr\u00eancias foram registradas pelas Pol\u00edcias Militar de Itaobim, Mutum, Tim\u00f3teo, Joa\u00edma, Te\u00f3filo Otoni, Caratinga, Jequitinhonha e A\u00e7ucena. Todas as v\u00edtimas s\u00e3o do sexo masculino. Em Mutum, um pedreiro foi morto ap\u00f3s amea\u00e7ar a esposa. [&hellip;]<\/p>\n","protected":false},"author":1,"featured_media":90576,"comment_status":"open","ping_status":"closed","sticky":false,"template":"","format":"standard","meta":{"amp_status":"","footnotes":""},"categories":[121,120,122],"tags":[971,115838,115848,115853,105774,97519,84716,87305,92865,80833,85571,115737,71407,115840,237,115843,115847,115839,115849,115736,105773,80237,84736,84715,87302,92863,80832,75800,201,391,115856,34252,611,115846,115754,115854,51723,115844,57373,115850,57136,52172,55764,115842,38505,1717,175,306,115841,115857,115852,115851,164,115845,1105,115855,79977],"class_list":["post-97261","post","type-post","status-publish","format-standard","has-post-thumbnail","hentry","category-leste","category-jequi","category-mucuri","tag-acucena","tag-adolescente-assassinado-em-itaobim","tag-adriano-oliveira-da-silva","tag-alisson-ramos-de-lima","tag-assassinato-acucena","tag-assassinato-itaobim","tag-assassinato-jequitinhonha","tag-assassinato-joaima","tag-assassinato-mutum","tag-assassinato-teofilo-otoni","tag-assassinato-timoteo","tag-betinho-de-ataleia","tag-bonde-do-tarcisio-joaima","tag-breno-ferreira-da-silva","tag-caratinga","tag-carlos-roberto-de-souza","tag-gangue-bdt-joaima","tag-gangue-do-murinho-itaobim","tag-gustavo-vieira-soares","tag-homem-e-assassinado-apos-cobrar-divida-de-r-100-em-teofilo-otoni","tag-homicidio-acucena","tag-homicidio-caratinga","tag-homicidio-itaobim","tag-homicidio-jequitinhonha","tag-homicidio-joaima","tag-homicidio-mutum","tag-homicidio-teofilo-otoni","tag-homicidio-timoteo","tag-ipatinga","tag-itaobim","tag-jaconias-rosa-pereira","tag-jequitinhonha","tag-joaima","tag-jovem-assassinado-no-centro-de-joaima","tag-jovenil-francisco-dias","tag-lucimar-rodrigues-pereira","tag-lufa","tag-morto-de-forma-cruel-em-timoteo","tag-morto-em-acucena","tag-morto-em-area-invadida-em-jequitinhonha","tag-morto-em-caratinga","tag-morto-em-itaobim","tag-morto-em-joaima","tag-morto-em-mutum","tag-morto-em-teofilo-otoni","tag-mutum","tag-novo-cruzeiro","tag-pecanha","tag-pedreiro-morto-a-tiros-em-mutum","tag-policia-registra-oito-homicidios-em-municipios-do-leste-e-nordeste-de-minas","tag-preso-em-acucena-por-matar-homem-em-troca-de-motocicleta","tag-romerio-ferraz-da-silva","tag-teofilo-otoni","tag-tiago-oliveira-aguiar","tag-timoteo","tag-vanderlei-campos-de-pinho","tag-violencia-teofilo-otoni"],"_links":{"self":[{"href":"https:\/\/aconteceunovale.com.br\/portal\/index.php?rest_route=\/wp\/v2\/posts\/97261","targetHints":{"allow":["GET"]}}],"collection":[{"href":"https:\/\/aconteceunovale.com.br\/portal\/index.php?rest_route=\/wp\/v2\/posts"}],"about":[{"href":"https:\/\/aconteceunovale.com.br\/portal\/index.php?rest_route=\/wp\/v2\/types\/post"}],"author":[{"embeddable":true,"href":"https:\/\/aconteceunovale.com.br\/portal\/index.php?rest_route=\/wp\/v2\/users\/1"}],"replies":[{"embeddable":true,"href":"https:\/\/aconteceunovale.com.br\/portal\/index.php?rest_route=%2Fwp%2Fv2%2Fcomments&post=97261"}],"version-history":[{"count":0,"href":"https:\/\/aconteceunovale.com.br\/portal\/index.php?rest_route=\/wp\/v2\/posts\/97261\/revisions"}],"wp:featuredmedia":[{"embeddable":true,"href":"https:\/\/aconteceunovale.com.br\/portal\/index.php?rest_route=\/wp\/v2\/media\/90576"}],"wp:attachment":[{"href":"https:\/\/aconteceunovale.com.br\/portal\/index.php?rest_route=%2Fwp%2Fv2%2Fmedia&parent=97261"}],"wp:term":[{"taxonomy":"category","embeddable":true,"href":"https:\/\/aconteceunovale.com.br\/portal\/index.php?rest_route=%2Fwp%2Fv2%2Fcategories&post=97261"},{"taxonomy":"post_tag","embeddable":true,"href":"https:\/\/aconteceunovale.com.br\/portal\/index.php?rest_route=%2Fwp%2Fv2%2Ftags&post=97261"}],"curies":[{"name":"wp","href":"https:\/\/api.w.org\/{rel}","templated":true}]}}