{"id":97258,"date":"2016-09-18T20:45:43","date_gmt":"2016-09-18T23:45:43","guid":{"rendered":"http:\/\/aconteceunovale.com.br\/portal\/?p=97258"},"modified":"2016-09-18T20:45:43","modified_gmt":"2016-09-18T23:45:43","slug":"relatorio-mostra-deficiencias-nas-unidades-prisionais-de-montes-claros","status":"publish","type":"post","link":"https:\/\/aconteceunovale.com.br\/portal\/?p=97258","title":{"rendered":"Relat\u00f3rio mostra defici\u00eancias nas unidades prisionais de Montes Claros"},"content":{"rendered":"<p>O relat\u00f3rio do Conselho da Comunidade na Execu\u00e7\u00e3o Penal da Comarca de Montes Claros \u201cconstatou a falta de recursos estruturais nos dois pres\u00eddios da cidade\u201d. O relat\u00f3rio foi conclu\u00eddo no dia nove deste m\u00eas, e apontou ainda a necessidade de interdi\u00e7\u00e3o do Pres\u00eddio Alvorada, que se encontra em estado de superlota\u00e7\u00e3o.<\/p>\n<p>De acordo com o Conselho, o Pres\u00eddio Alvorada possui capacidade para 220 presos, mas 460 detentos cumprem pena no local. Na ala masculina foi constatada uma superlota\u00e7\u00e3o de 86% acima da capacidade. A ala feminina est\u00e1 com 45% da capacidade de lota\u00e7\u00e3o.<\/p>\n<p>\u201cA situa\u00e7\u00e3o carcer\u00e1ria est\u00e1 muito prec\u00e1ria em todo o pa\u00eds. Aqui, diante da situa\u00e7\u00e3o neste pres\u00eddio, pedimos a interdi\u00e7\u00e3o ainda que parcial\u201d, explica o presidente do Conselho, Dilson Marques.<\/p>\n<p>Mesmo ap\u00f3s a interdi\u00e7\u00e3o total, ocorrida no fim de julho deste ano, a situa\u00e7\u00e3o do Pres\u00eddio Regional ainda se encontra com 78% acima da capacidade de lota\u00e7\u00e3o, com cerca de 1050 detentos. A capacidade total da unidade \u00e9 de 592 presos. De acordo com o relat\u00f3rio, as celas da unidade prisional possuem apenas oito camas, mas foi constatado que em alguma delas at\u00e9 22 detentos est\u00e3o custodiados.<\/p>\n<p>O conselho afirma tamb\u00e9m que a unidade possui uma obra de amplia\u00e7\u00e3o para abrigar 210 presos. Por\u00e9m, ressalta que com a amplia\u00e7\u00e3o, que est\u00e1 em torno de 85% conclu\u00edda, outras medidas devem ser tomadas; como a contrata\u00e7\u00e3o de agentes penitenci\u00e1rios.<\/p>\n<p>Em nota, a Secretaria de Estado de Defesa Social (Seds) afirma que est\u00e1 sendo realizado o concurso para contrata\u00e7\u00e3o de novos agentes de seguran\u00e7a penitenci\u00e1rio. A Seds afirma ainda que o certame est\u00e1 na \u00faltima etapa e prev\u00ea a nomea\u00e7\u00e3o de todos os 6.832 candidatos classificados.<\/p>\n<p><img decoding=\"async\" src=\"http:\/\/aconteceunovale.com.br\/portal\/wp-content\/uploads\/2016\/09\/presidio_moc.jpg\" alt=\"\" \/><em>Pres\u00eddio Regional de Montes Claros (Foto: M\u00e1rcia Vieira\/Prefeitura de Montes Claros)<\/em><br \/>\n<\/br><\/p>\n<p><em>(Fonte: G1 Grande Minas)<\/em><\/p>\n","protected":false},"excerpt":{"rendered":"<p>O relat\u00f3rio do Conselho da Comunidade na Execu\u00e7\u00e3o Penal da Comarca de Montes Claros \u201cconstatou a falta de recursos estruturais nos dois pres\u00eddios da cidade\u201d. O relat\u00f3rio foi conclu\u00eddo no dia nove deste m\u00eas, e apontou ainda a necessidade de interdi\u00e7\u00e3o do Pres\u00eddio Alvorada, que se encontra em estado de superlota\u00e7\u00e3o. De acordo com o [&hellip;]<\/p>\n","protected":false},"author":1,"featured_media":97259,"comment_status":"open","ping_status":"closed","sticky":false,"template":"","format":"standard","meta":{"amp_status":"","footnotes":""},"categories":[1236],"tags":[115827,115834,210,43041,9414,115830,115837,115833,115836,115831,115829,115832,115835,115828],"class_list":["post-97258","post","type-post","status-publish","format-standard","has-post-thumbnail","hentry","category-norte_de_minas","tag-conselho-da-comunidade-na-execucao-penal-da-comarca-de-montes-claros","tag-dilson-marques","tag-montes-claros","tag-presidio-alvorada","tag-presidio-regional-de-montes-claros","tag-presidios-de-montes-claros","tag-relatorio-mostra-deficiencias-nas-unidades-prisionais-de-montes-claros","tag-relatorio-sobre-o-presidio-alvorada","tag-relatorio-sobre-o-presidio-regional-de-montes-claros","tag-relatorio-sobre-presidios-de-montes-claros","tag-situacao-das-cadeias-de-montes-claros","tag-situacao-do-presidio-alvorada","tag-situacao-do-presidio-regional-de-montes-claros","tag-situacao-dos-presidios-de-montes-claros"],"_links":{"self":[{"href":"https:\/\/aconteceunovale.com.br\/portal\/index.php?rest_route=\/wp\/v2\/posts\/97258","targetHints":{"allow":["GET"]}}],"collection":[{"href":"https:\/\/aconteceunovale.com.br\/portal\/index.php?rest_route=\/wp\/v2\/posts"}],"about":[{"href":"https:\/\/aconteceunovale.com.br\/portal\/index.php?rest_route=\/wp\/v2\/types\/post"}],"author":[{"embeddable":true,"href":"https:\/\/aconteceunovale.com.br\/portal\/index.php?rest_route=\/wp\/v2\/users\/1"}],"replies":[{"embeddable":true,"href":"https:\/\/aconteceunovale.com.br\/portal\/index.php?rest_route=%2Fwp%2Fv2%2Fcomments&post=97258"}],"version-history":[{"count":0,"href":"https:\/\/aconteceunovale.com.br\/portal\/index.php?rest_route=\/wp\/v2\/posts\/97258\/revisions"}],"wp:featuredmedia":[{"embeddable":true,"href":"https:\/\/aconteceunovale.com.br\/portal\/index.php?rest_route=\/wp\/v2\/media\/97259"}],"wp:attachment":[{"href":"https:\/\/aconteceunovale.com.br\/portal\/index.php?rest_route=%2Fwp%2Fv2%2Fmedia&parent=97258"}],"wp:term":[{"taxonomy":"category","embeddable":true,"href":"https:\/\/aconteceunovale.com.br\/portal\/index.php?rest_route=%2Fwp%2Fv2%2Fcategories&post=97258"},{"taxonomy":"post_tag","embeddable":true,"href":"https:\/\/aconteceunovale.com.br\/portal\/index.php?rest_route=%2Fwp%2Fv2%2Ftags&post=97258"}],"curies":[{"name":"wp","href":"https:\/\/api.w.org\/{rel}","templated":true}]}}