{"id":97255,"date":"2016-09-18T20:35:40","date_gmt":"2016-09-18T23:35:40","guid":{"rendered":"http:\/\/aconteceunovale.com.br\/portal\/?p=97255"},"modified":"2016-09-18T20:35:40","modified_gmt":"2016-09-18T23:35:40","slug":"homem-e-preso-apos-esfaquear-andarilho-em-salinas","status":"publish","type":"post","link":"https:\/\/aconteceunovale.com.br\/portal\/?p=97255","title":{"rendered":"Homem \u00e9 preso ap\u00f3s esfaquear andarilho em Salinas"},"content":{"rendered":"<p>Um homem de 27 anos foi preso na noite de s\u00e1bado (17\/09\/2016) ap\u00f3s esfaquear um andarilho, de 26 anos, em Salinas, na regi\u00e3o Norte de Minas Gerais. A v\u00edtima foi socorrida ao hospital da cidade, mas n\u00e3o resistiu aos ferimentos e morreu na manh\u00e3 deste domingo (18), segundo a Pol\u00edcia Militar (PM).<\/p>\n<p>Testemunhas relataram aos militares que v\u00edtima e autor estavam na Avenida Sebasti\u00e3o Moreira, no Centro, ingerindo bebidas alco\u00f3licas quando um sacou duas facas e come\u00e7ou a golpear o outro. A v\u00edtima caiu e, segundo as testemunhas, o agressor aplicou outros golpes e fugiu.<\/p>\n<p>Durante patrulhamento, a pol\u00edcia encontrou o autor em um bar pr\u00f3ximo ao Museu da Cacha\u00e7a. Com ele foram apreendidas as duas facas usadas no crime e uma touca ninja. Questionado, o homem alegou que a \u201cv\u00edtima havia interferido no relacionamento com sua esposa, quando todos faziam uso de bebidas alco\u00f3licas\u201d, diz o boletim de ocorr\u00eancia.  Ele foi preso e conduzido \u00e0 delegacia de plant\u00e3o para demais provid\u00eancias.<\/p>\n<p><img decoding=\"async\" src=\"http:\/\/aconteceunovale.com.br\/portal\/wp-content\/uploads\/2016\/09\/facas_salinas.jpg\" alt=\"\" \/><em>Facas foram apreendidas com o autor do crime (Foto: Pol\u00edcia Militar\/Divulga\u00e7\u00e3o)<\/em><br \/>\n<\/br><\/p>\n<p><em>(G1 Grande Minas)<\/em><\/p>\n","protected":false},"excerpt":{"rendered":"<p>Um homem de 27 anos foi preso na noite de s\u00e1bado (17\/09\/2016) ap\u00f3s esfaquear um andarilho, de 26 anos, em Salinas, na regi\u00e3o Norte de Minas Gerais. A v\u00edtima foi socorrida ao hospital da cidade, mas n\u00e3o resistiu aos ferimentos e morreu na manh\u00e3 deste domingo (18), segundo a Pol\u00edcia Militar (PM). Testemunhas relataram aos [&hellip;]<\/p>\n","protected":false},"author":1,"featured_media":97256,"comment_status":"open","ping_status":"closed","sticky":false,"template":"","format":"standard","meta":{"amp_status":"","footnotes":""},"categories":[1236],"tags":[67256,115825,115824,115826,67258,67257,190],"class_list":["post-97255","post","type-post","status-publish","format-standard","has-post-thumbnail","hentry","category-norte_de_minas","tag-assassinado-em-salinas","tag-assassinato-salinas","tag-homem-e-preso-apos-esfaquear-andarilho-em-salinas","tag-homicidio-salinas","tag-morte-em-salinas","tag-morto-em-salinas","tag-salinas"],"_links":{"self":[{"href":"https:\/\/aconteceunovale.com.br\/portal\/index.php?rest_route=\/wp\/v2\/posts\/97255","targetHints":{"allow":["GET"]}}],"collection":[{"href":"https:\/\/aconteceunovale.com.br\/portal\/index.php?rest_route=\/wp\/v2\/posts"}],"about":[{"href":"https:\/\/aconteceunovale.com.br\/portal\/index.php?rest_route=\/wp\/v2\/types\/post"}],"author":[{"embeddable":true,"href":"https:\/\/aconteceunovale.com.br\/portal\/index.php?rest_route=\/wp\/v2\/users\/1"}],"replies":[{"embeddable":true,"href":"https:\/\/aconteceunovale.com.br\/portal\/index.php?rest_route=%2Fwp%2Fv2%2Fcomments&post=97255"}],"version-history":[{"count":0,"href":"https:\/\/aconteceunovale.com.br\/portal\/index.php?rest_route=\/wp\/v2\/posts\/97255\/revisions"}],"wp:featuredmedia":[{"embeddable":true,"href":"https:\/\/aconteceunovale.com.br\/portal\/index.php?rest_route=\/wp\/v2\/media\/97256"}],"wp:attachment":[{"href":"https:\/\/aconteceunovale.com.br\/portal\/index.php?rest_route=%2Fwp%2Fv2%2Fmedia&parent=97255"}],"wp:term":[{"taxonomy":"category","embeddable":true,"href":"https:\/\/aconteceunovale.com.br\/portal\/index.php?rest_route=%2Fwp%2Fv2%2Fcategories&post=97255"},{"taxonomy":"post_tag","embeddable":true,"href":"https:\/\/aconteceunovale.com.br\/portal\/index.php?rest_route=%2Fwp%2Fv2%2Ftags&post=97255"}],"curies":[{"name":"wp","href":"https:\/\/api.w.org\/{rel}","templated":true}]}}