{"id":97227,"date":"2016-09-17T12:48:58","date_gmt":"2016-09-17T15:48:58","guid":{"rendered":"http:\/\/aconteceunovale.com.br\/portal\/?p=97227"},"modified":"2016-09-17T12:48:58","modified_gmt":"2016-09-17T15:48:58","slug":"catedral-de-montes-claros-realiza-campanha-para-arrecadar-brinquedos","status":"publish","type":"post","link":"https:\/\/aconteceunovale.com.br\/portal\/?p=97227","title":{"rendered":"Catedral de Montes Claros realiza campanha para arrecadar brinquedos"},"content":{"rendered":"<p>A Catedral Metropolitana Nossa Senhora Aparecida de Montes Claros realiza no pr\u00f3ximo dia 8 de outubro, a terceira edi\u00e7\u00e3o do &#8220;Vem Brincar na Pra\u00e7a com a Catedral&#8221;, em comemora\u00e7\u00e3o ao Dia das Crian\u00e7as. E para viabilizar o evento, a Catedral est\u00e1 promovendo uma campanha de arrecada\u00e7\u00e3o de brinquedos novos. A meta \u00e9 reunir cerca de seis mil donativos.<\/p>\n<p>O projeto visa atender cerca de seis mil crian\u00e7as e adolescentes carentes, entre seis e 13 anos, de escolas municipais de Montes Claros. &#8220;Pelo menos 30 escolas v\u00e3o ser contempladas com as doa\u00e7\u00f5es. A maioria da zona urbana, mas teremos tamb\u00e9m alunos da zona rural da cidade&#8221;, conta o vig\u00e1rio paroquial e coordenador do evento, Wagner Eduardo Dias.<\/p>\n<p>De acordo com o p\u00e1roco, este \u00e9 o momento de partilhar. &#8220;O sentido da campanha parte do princ\u00edpio da solidariedade, que \u00e9 um valor universal humano, e que traz para cada um de n\u00f3s a alegria de poder colaborar com crian\u00e7as carentes que talvez n\u00e3o teriam a oportunidade de receber presentes. O principal fundamento da campanha \u00e9 a miseric\u00f3rdia, que procura desenvolver nas pessoas o apelo pela caridade como uma forma de olhar para Jesus atrav\u00e9s das crian\u00e7as, promovendo a evangeliza\u00e7\u00e3o e os valores fundamentais&#8221;, lembra o padre.<\/p>\n<p>Os brinquedos podem ser doados na Catedral de Montes Claros, Igreja S\u00e3o Jos\u00e9, Santu\u00e1rio do Bom Jesus e Centro Paroquial Jo\u00e3o Paulo II. As doa\u00e7\u00f5es v\u00e3o ser entregues no dia 8 de outubro, no dia de lazer para as crian\u00e7as que ser\u00e1 realizado na Pra\u00e7a Pra\u00e7a Flamarion Wanderley, das 8h \u00e0s 17h. Mais informa\u00e7\u00f5es pelo telefone (38) 3221-5028.<\/p>\n<p><img decoding=\"async\" src=\"http:\/\/aconteceunovale.com.br\/portal\/wp-content\/uploads\/2016\/09\/brinquedos_catedral_moc.jpg\" alt=\"\" \/><em>III Vem Brincar na Catedral vai ser realizado em Montes Claros (Foto: Divulga\u00e7\u00e3o\/Catedral)<\/em><br \/>\n<\/br><\/p>\n<p>(G1 Grande Minas)<\/p>\n","protected":false},"excerpt":{"rendered":"<p>A Catedral Metropolitana Nossa Senhora Aparecida de Montes Claros realiza no pr\u00f3ximo dia 8 de outubro, a terceira edi\u00e7\u00e3o do &#8220;Vem Brincar na Pra\u00e7a com a Catedral&#8221;, em comemora\u00e7\u00e3o ao Dia das Crian\u00e7as. E para viabilizar o evento, a Catedral est\u00e1 promovendo uma campanha de arrecada\u00e7\u00e3o de brinquedos novos. A meta \u00e9 reunir cerca de [&hellip;]<\/p>\n","protected":false},"author":1,"featured_media":97228,"comment_status":"open","ping_status":"closed","sticky":false,"template":"","format":"standard","meta":{"amp_status":"","footnotes":""},"categories":[125,1236],"tags":[115771,115777,115770,18420,115775,115772,115776,210,115773,115774],"class_list":["post-97227","post","type-post","status-publish","format-standard","has-post-thumbnail","hentry","category-noticias","category-norte_de_minas","tag-arrecadacao-de-brinquedos-montes-claros","tag-catedral-de-montes-claros-realiza-campanha-para-arrecadar-brinquedos","tag-catedral-metropolitana-nossa-senhora-aparecida-de-montes-claros","tag-dia-das-criancas","tag-dia-das-criancas-em-montes-claros","tag-dia-das-criancas-montes-claros","tag-iii-vem-brincar-na-catedral-vai-ser-realizado-em-montes-claros","tag-montes-claros","tag-vem-brincar-na-praca-com-a-catedral","tag-vem-brincar-na-praca-com-a-catedral-em-montes-claros"],"_links":{"self":[{"href":"https:\/\/aconteceunovale.com.br\/portal\/index.php?rest_route=\/wp\/v2\/posts\/97227","targetHints":{"allow":["GET"]}}],"collection":[{"href":"https:\/\/aconteceunovale.com.br\/portal\/index.php?rest_route=\/wp\/v2\/posts"}],"about":[{"href":"https:\/\/aconteceunovale.com.br\/portal\/index.php?rest_route=\/wp\/v2\/types\/post"}],"author":[{"embeddable":true,"href":"https:\/\/aconteceunovale.com.br\/portal\/index.php?rest_route=\/wp\/v2\/users\/1"}],"replies":[{"embeddable":true,"href":"https:\/\/aconteceunovale.com.br\/portal\/index.php?rest_route=%2Fwp%2Fv2%2Fcomments&post=97227"}],"version-history":[{"count":0,"href":"https:\/\/aconteceunovale.com.br\/portal\/index.php?rest_route=\/wp\/v2\/posts\/97227\/revisions"}],"wp:featuredmedia":[{"embeddable":true,"href":"https:\/\/aconteceunovale.com.br\/portal\/index.php?rest_route=\/wp\/v2\/media\/97228"}],"wp:attachment":[{"href":"https:\/\/aconteceunovale.com.br\/portal\/index.php?rest_route=%2Fwp%2Fv2%2Fmedia&parent=97227"}],"wp:term":[{"taxonomy":"category","embeddable":true,"href":"https:\/\/aconteceunovale.com.br\/portal\/index.php?rest_route=%2Fwp%2Fv2%2Fcategories&post=97227"},{"taxonomy":"post_tag","embeddable":true,"href":"https:\/\/aconteceunovale.com.br\/portal\/index.php?rest_route=%2Fwp%2Fv2%2Ftags&post=97227"}],"curies":[{"name":"wp","href":"https:\/\/api.w.org\/{rel}","templated":true}]}}