{"id":97215,"date":"2016-09-17T11:24:38","date_gmt":"2016-09-17T14:24:38","guid":{"rendered":"http:\/\/aconteceunovale.com.br\/portal\/?p=97215"},"modified":"2016-09-17T11:24:38","modified_gmt":"2016-09-17T14:24:38","slug":"a-partir-deste-sabado-candidatos-nao-podem-ser-presos","status":"publish","type":"post","link":"https:\/\/aconteceunovale.com.br\/portal\/?p=97215","title":{"rendered":"A partir deste s\u00e1bado, candidatos n\u00e3o podem ser presos"},"content":{"rendered":"<p>A partir de hoje (17\/09\/2016), nenhum candidato \u00e0s elei\u00e7\u00f5es municipais marcadas para 2 de outubro pode ser detido ou preso, a n\u00e3o ser que seja pego em flagrante cometendo crime. A medida de prote\u00e7\u00e3o \u00e9 garantida pelo C\u00f3digo Eleitoral e serve para que autoridades policiais ou judiciais n\u00e3o possam cometer eventuais abusos na tentativa de interferir nas disputas pelo voto.<\/p>\n<p>Entre os casos que podem permitir a pris\u00e3o em flagrante est\u00e3o inclu\u00eddos os crimes eleitorais, como a compra de votos.<\/p>\n<p>Mesmo se houver pris\u00e3o ou deten\u00e7\u00e3o em flagrante, o candidato deve ser levado imediatamente a um juiz, para que o magistrado avalie no mesmo momento a legalidade do ato.<\/p>\n<p>Apesar da prote\u00e7\u00e3o, n\u00e3o \u00e9 incomum que candidatos sejam presos mesmo durante este per\u00edodo especial de prote\u00e7\u00e3o, que come\u00e7a a vigorar 15 dias antes de as urnas serem abertas.<\/p>\n<p>Nas elei\u00e7\u00f5es de 2014, por exemplo, 80 candidatos foram presos somente no domingo de vota\u00e7\u00e3o, a maior parte pela pr\u00e1tica de boca de urna ou transporte irregular de eleitores at\u00e9 a se\u00e7\u00e3o eleitoral. (Ag\u00eancia Brasil)<\/p>\n","protected":false},"excerpt":{"rendered":"<p>A partir de hoje (17\/09\/2016), nenhum candidato \u00e0s elei\u00e7\u00f5es municipais marcadas para 2 de outubro pode ser detido ou preso, a n\u00e3o ser que seja pego em flagrante cometendo crime. A medida de prote\u00e7\u00e3o \u00e9 garantida pelo C\u00f3digo Eleitoral e serve para que autoridades policiais ou judiciais n\u00e3o possam cometer eventuais abusos na tentativa de [&hellip;]<\/p>\n","protected":false},"author":1,"featured_media":95688,"comment_status":"open","ping_status":"closed","sticky":false,"template":"","format":"standard","meta":{"amp_status":"","footnotes":""},"categories":[6,79927,40240],"tags":[106958,115756,115757,16976,115758,115755,111393,59515,17165,19707],"class_list":["post-97215","post","type-post","status-publish","format-standard","has-post-thumbnail","hentry","category-br","category-eleicoes-2016-2","category-politica-2","tag-a-partir-de-hoje","tag-a-partir-deste-sabado","tag-candidato-so-pode-ser-preso-em-flagrante-delito","tag-candidatos","tag-candidatos-nao-podem-ser-presos","tag-candidatos-nao-podem-ser-presos-ate-as-eleicoes-de-outubro","tag-crimes-eleitorais","tag-eleicoes-2016","tag-justica-eleitoral","tag-prisao"],"_links":{"self":[{"href":"https:\/\/aconteceunovale.com.br\/portal\/index.php?rest_route=\/wp\/v2\/posts\/97215","targetHints":{"allow":["GET"]}}],"collection":[{"href":"https:\/\/aconteceunovale.com.br\/portal\/index.php?rest_route=\/wp\/v2\/posts"}],"about":[{"href":"https:\/\/aconteceunovale.com.br\/portal\/index.php?rest_route=\/wp\/v2\/types\/post"}],"author":[{"embeddable":true,"href":"https:\/\/aconteceunovale.com.br\/portal\/index.php?rest_route=\/wp\/v2\/users\/1"}],"replies":[{"embeddable":true,"href":"https:\/\/aconteceunovale.com.br\/portal\/index.php?rest_route=%2Fwp%2Fv2%2Fcomments&post=97215"}],"version-history":[{"count":0,"href":"https:\/\/aconteceunovale.com.br\/portal\/index.php?rest_route=\/wp\/v2\/posts\/97215\/revisions"}],"wp:featuredmedia":[{"embeddable":true,"href":"https:\/\/aconteceunovale.com.br\/portal\/index.php?rest_route=\/wp\/v2\/media\/95688"}],"wp:attachment":[{"href":"https:\/\/aconteceunovale.com.br\/portal\/index.php?rest_route=%2Fwp%2Fv2%2Fmedia&parent=97215"}],"wp:term":[{"taxonomy":"category","embeddable":true,"href":"https:\/\/aconteceunovale.com.br\/portal\/index.php?rest_route=%2Fwp%2Fv2%2Fcategories&post=97215"},{"taxonomy":"post_tag","embeddable":true,"href":"https:\/\/aconteceunovale.com.br\/portal\/index.php?rest_route=%2Fwp%2Fv2%2Ftags&post=97215"}],"curies":[{"name":"wp","href":"https:\/\/api.w.org\/{rel}","templated":true}]}}