{"id":97212,"date":"2016-09-17T10:56:27","date_gmt":"2016-09-17T13:56:27","guid":{"rendered":"http:\/\/aconteceunovale.com.br\/portal\/?p=97212"},"modified":"2016-09-17T12:32:28","modified_gmt":"2016-09-17T15:32:28","slug":"morre-quinta-vitima-de-acidente-com-micro-onibus-escolar-no-vale-do-jequitinhonha","status":"publish","type":"post","link":"https:\/\/aconteceunovale.com.br\/portal\/?p=97212","title":{"rendered":"Morre quinta v\u00edtima de acidente com micro-\u00f4nibus escolar no Vale do Jequitinhonha"},"content":{"rendered":"<p>Faleceu na noite desta sexta-feira, 16 de setembro de 2016, a quinta v\u00edtima do acidente com um micro-\u00f4nibus escolar registrado na manh\u00e3 do mesmo dia em uma estrada vicinal no C\u00f3rrego da Lagoa, zona rural de Padre Para\u00edso, no Vale do Jequitinhonha. Warley Gomes Lopes, de 15 anos, n\u00e3o resistiu aos graves ferimentos e veio a \u00f3bito no Hospital Santa Ros\u00e1lia, em Te\u00f3filo Otoni. <\/p>\n<p>A informa\u00e7\u00e3o foi confirmada na manh\u00e3 deste s\u00e1bado (17) pelo Instituto M\u00e9dico Legal (IML) de Te\u00f3filo Otoni. A causa da morte foi politraumatismo e corpo da v\u00edtima j\u00e1 foi liberado para os familiares.<\/p>\n<p>Laudos periciais devem apontar as causas da trag\u00e9dia. De acordo com a Pol\u00edcia Civil, por motivo ainda n\u00e3o esclarecido, o condutor perdeu o controle direcional, saiu da estrada e caiu em uma ribanceira de aproximadamente 15 metros de altura. <\/p>\n<p>O capotamento do ve\u00edculo tamb\u00e9m tirou a vida de Josimax Pereira Soares, de 11 anos, Jefferson Pinheiro da Silva, de 15, Maxiliano Pereira Soares, de 16, e Maur\u00edcio Luiz da Concei\u00e7\u00e3o J\u00fanior, de 17. Os jovens eram alunos de escolas do C\u00f3rrego Encachoeirado Um.<\/p>\n<p>Entre os feridos est\u00e1 o motorista do micro-\u00f4nibus, que foi encaminhado para um hospital em Te\u00f3filo Otoni. De acordo com a ocorr\u00eancia registrada pela Pol\u00edcia Militar (PM), nove ocupantes do ve\u00edculo sofreram les\u00f5es leves e al\u00e9m do condutor e da v\u00edtima Warley, outra pessoa foi socorrida em estado grave.<\/p>\n<h4><strong>Leia mais<\/strong><\/h4>\n<p><a href=\"http:\/\/aconteceunovale.com.br\/portal\/?p=97195\" target=\"_blank\"><font color=\"blue\">&#8211; Pol\u00edcia apura causas de acidente que matou quatro estudantes em Padre Para\u00edso<\/font><\/a><br \/>\n<\/br><\/p>\n<p><img decoding=\"async\" src=\"http:\/\/aconteceunovale.com.br\/portal\/wp-content\/uploads\/2016\/09\/pp_acidente_6.jpg\" alt=\"\" \/><em>Acidente aconteceu na zona rural de Padre Para\u00edso (Foto: Reprodu\u00e7\u00e3o)<\/em><br \/>\n<\/br><\/p>\n<p><img decoding=\"async\" src=\"http:\/\/aconteceunovale.com.br\/portal\/wp-content\/uploads\/2016\/09\/pp_acidente_1.jpg\" alt=\"\" \/><em>Acidente aconteceu na zona rural de Padre Para\u00edso (Foto: Reprodu\u00e7\u00e3o)<\/em><\/p>\n","protected":false},"excerpt":{"rendered":"<p>Faleceu na noite desta sexta-feira, 16 de setembro de 2016, a quinta v\u00edtima do acidente com um micro-\u00f4nibus escolar registrado na manh\u00e3 do mesmo dia em uma estrada vicinal no C\u00f3rrego da Lagoa, zona rural de Padre Para\u00edso, no Vale do Jequitinhonha. Warley Gomes Lopes, de 15 anos, n\u00e3o resistiu aos graves ferimentos e veio [&hellip;]<\/p>\n","protected":false},"author":1,"featured_media":97164,"comment_status":"open","ping_status":"closed","sticky":false,"template":"","format":"standard","meta":{"amp_status":"","footnotes":""},"categories":[120],"tags":[115600,115592,115596,115599,115595,115597,115594,53529,115593,115598,1018,115602,115622,115683,115620,115681,115623,115682,115621,115753,115752,572,115732,115624,115601],"class_list":["post-97212","post","type-post","status-publish","format-standard","has-post-thumbnail","hentry","category-jequi","tag-acidente-alunos-da-escola-do-encachoeirado","tag-acidente-com-veiculo-escolar-deixa-pelo-menos-tres-mortos-em-padre-paraiso","tag-acidente-encachoeirado-padre-paraiso","tag-acidente-estudantes-padre-paraiso","tag-acidente-micro-onibus-escolar-padre-paraiso","tag-acidente-municipio-de-padre-paraiso","tag-acidente-onibus-escolar-padre-paraiso","tag-acidente-padre-paraiso","tag-acidente-veiculo-escolar-padre-paraiso","tag-acidente-zona-rural-de-padre-paraiso","tag-destaque","tag-encachoeirado","tag-jeferson-pinheiro-da-silva","tag-jefferson-pinheiro-da-silva","tag-josimar-pereira-soares","tag-josimax-pereira-soares","tag-mauricio-luiz-da-conceicao-junior","tag-maxiliano-pereira-soares","tag-maximiliano-pereira-soares","tag-morre-quinta-vitima-de-acidente-com-micro-onibus-escolar-em-padre-paraiso","tag-morre-quinta-vitima-de-acidente-com-micro-onibus-escolar-no-vale-do-jequitinhonha","tag-padre-paraiso","tag-policia-apura-causas-de-acidente-que-matou-quatro-estudantes-em-padre-paraiso","tag-sobe-para-quatro-o-numero-de-mortos-em-acidente-com-veiculo-escolar-em-padre-paraiso","tag-tragedia-padre-paraiso"],"_links":{"self":[{"href":"https:\/\/aconteceunovale.com.br\/portal\/index.php?rest_route=\/wp\/v2\/posts\/97212","targetHints":{"allow":["GET"]}}],"collection":[{"href":"https:\/\/aconteceunovale.com.br\/portal\/index.php?rest_route=\/wp\/v2\/posts"}],"about":[{"href":"https:\/\/aconteceunovale.com.br\/portal\/index.php?rest_route=\/wp\/v2\/types\/post"}],"author":[{"embeddable":true,"href":"https:\/\/aconteceunovale.com.br\/portal\/index.php?rest_route=\/wp\/v2\/users\/1"}],"replies":[{"embeddable":true,"href":"https:\/\/aconteceunovale.com.br\/portal\/index.php?rest_route=%2Fwp%2Fv2%2Fcomments&post=97212"}],"version-history":[{"count":0,"href":"https:\/\/aconteceunovale.com.br\/portal\/index.php?rest_route=\/wp\/v2\/posts\/97212\/revisions"}],"wp:featuredmedia":[{"embeddable":true,"href":"https:\/\/aconteceunovale.com.br\/portal\/index.php?rest_route=\/wp\/v2\/media\/97164"}],"wp:attachment":[{"href":"https:\/\/aconteceunovale.com.br\/portal\/index.php?rest_route=%2Fwp%2Fv2%2Fmedia&parent=97212"}],"wp:term":[{"taxonomy":"category","embeddable":true,"href":"https:\/\/aconteceunovale.com.br\/portal\/index.php?rest_route=%2Fwp%2Fv2%2Fcategories&post=97212"},{"taxonomy":"post_tag","embeddable":true,"href":"https:\/\/aconteceunovale.com.br\/portal\/index.php?rest_route=%2Fwp%2Fv2%2Ftags&post=97212"}],"curies":[{"name":"wp","href":"https:\/\/api.w.org\/{rel}","templated":true}]}}