{"id":97210,"date":"2016-09-17T10:24:36","date_gmt":"2016-09-17T13:24:36","guid":{"rendered":"http:\/\/aconteceunovale.com.br\/portal\/?p=97210"},"modified":"2016-09-17T10:24:36","modified_gmt":"2016-09-17T13:24:36","slug":"detran-mg-implanta-novo-sistema-para-provas-de-legislacao","status":"publish","type":"post","link":"https:\/\/aconteceunovale.com.br\/portal\/?p=97210","title":{"rendered":"Detran-MG implanta novo sistema para provas de legisla\u00e7\u00e3o"},"content":{"rendered":"<p>A Pol\u00edcia Civil, por meio do Departamento de Tr\u00e2nsito de Minas Gerais (Detran-MG), em parceria com a Secretaria de Estado de Planejamento e Gest\u00e3o (Seplag) inicia, na segunda-feira (19\/09\/2016), a implanta\u00e7\u00e3o do novo sistema de provas de legisla\u00e7\u00e3o na Unidade de Atendimento Integrado (UAI) Barro Preto, em Belo Horizonte.<\/p>\n<p>A nova plataforma via internet, desenvolvida pela Companhia de Tecnologia da Informa\u00e7\u00e3o do Estado de Minas Gerais (Prodemge), vai substituir gradativamente o sistema eletr\u00f4nico atual e as provas escritas para candidatos \u00e0 Carteira Nacional de Habilita\u00e7\u00e3o (CNH). <\/p>\n<p>Neste primeiro momento, na UAI Barro Preto ser\u00e3o disponibilizadas oito cabines com capacidade para atender 64 candidatos por dia. Com o novo sistema, o Detran-MG planeja ampliar o atendimento para as provas de legisla\u00e7\u00e3o nas demais UAIs da capital e do interior do Estado nos pr\u00f3ximos meses.<\/p>\n<p>Para agendar a prova de legisla\u00e7\u00e3o, o candidato pode fazer por meio do <a href=\"https:\/\/www.detran.mg.gov.br\/\" target=\"_blank\">site do Detran-MG (www.detran.mg.gov.br)<\/a>, fazer a marca\u00e7\u00e3o por meio do Centro de Forma\u00e7\u00e3o de Condutores (CFC) ou ainda na sede do Departamento na capital.<\/p>\n<p>O teste ser\u00e1 realizado presencialmente na sede do Departamento, nas delegacias de tr\u00e2nsito no interior e nas Unidades de Atendimento Integrado (UAIs) que disponibilizam o servi\u00e7o.<\/p>\n","protected":false},"excerpt":{"rendered":"<p>A Pol\u00edcia Civil, por meio do Departamento de Tr\u00e2nsito de Minas Gerais (Detran-MG), em parceria com a Secretaria de Estado de Planejamento e Gest\u00e3o (Seplag) inicia, na segunda-feira (19\/09\/2016), a implanta\u00e7\u00e3o do novo sistema de provas de legisla\u00e7\u00e3o na Unidade de Atendimento Integrado (UAI) Barro Preto, em Belo Horizonte. A nova plataforma via internet, desenvolvida [&hellip;]<\/p>\n","protected":false},"author":1,"featured_media":71738,"comment_status":"open","ping_status":"closed","sticky":false,"template":"","format":"standard","meta":{"amp_status":"","footnotes":""},"categories":[123],"tags":[194,1243,115751,115747,115748,115749,111155,115750],"class_list":["post-97210","post","type-post","status-publish","format-standard","has-post-thumbnail","hentry","category-gerais","tag-belo-horizonte","tag-detran-mg","tag-detran-mg-implanta-novo-sistema-para-provas-de-legislacao","tag-novo-sistema-de-provas-de-legislacao","tag-novo-sistema-de-provas-de-legislacao-em-minas-gerais","tag-provas-de-legislacao-na-uai","tag-uai","tag-uai-barro-preto"],"_links":{"self":[{"href":"https:\/\/aconteceunovale.com.br\/portal\/index.php?rest_route=\/wp\/v2\/posts\/97210","targetHints":{"allow":["GET"]}}],"collection":[{"href":"https:\/\/aconteceunovale.com.br\/portal\/index.php?rest_route=\/wp\/v2\/posts"}],"about":[{"href":"https:\/\/aconteceunovale.com.br\/portal\/index.php?rest_route=\/wp\/v2\/types\/post"}],"author":[{"embeddable":true,"href":"https:\/\/aconteceunovale.com.br\/portal\/index.php?rest_route=\/wp\/v2\/users\/1"}],"replies":[{"embeddable":true,"href":"https:\/\/aconteceunovale.com.br\/portal\/index.php?rest_route=%2Fwp%2Fv2%2Fcomments&post=97210"}],"version-history":[{"count":0,"href":"https:\/\/aconteceunovale.com.br\/portal\/index.php?rest_route=\/wp\/v2\/posts\/97210\/revisions"}],"wp:featuredmedia":[{"embeddable":true,"href":"https:\/\/aconteceunovale.com.br\/portal\/index.php?rest_route=\/wp\/v2\/media\/71738"}],"wp:attachment":[{"href":"https:\/\/aconteceunovale.com.br\/portal\/index.php?rest_route=%2Fwp%2Fv2%2Fmedia&parent=97210"}],"wp:term":[{"taxonomy":"category","embeddable":true,"href":"https:\/\/aconteceunovale.com.br\/portal\/index.php?rest_route=%2Fwp%2Fv2%2Fcategories&post=97210"},{"taxonomy":"post_tag","embeddable":true,"href":"https:\/\/aconteceunovale.com.br\/portal\/index.php?rest_route=%2Fwp%2Fv2%2Ftags&post=97210"}],"curies":[{"name":"wp","href":"https:\/\/api.w.org\/{rel}","templated":true}]}}