{"id":97206,"date":"2016-09-16T22:54:33","date_gmt":"2016-09-17T01:54:33","guid":{"rendered":"http:\/\/aconteceunovale.com.br\/portal\/?p=97206"},"modified":"2016-09-17T12:23:08","modified_gmt":"2016-09-17T15:23:08","slug":"queda-de-helicoptero-deixa-dois-feridos-na-grande-bh","status":"publish","type":"post","link":"https:\/\/aconteceunovale.com.br\/portal\/?p=97206","title":{"rendered":"Queda de helic\u00f3ptero deixa dois feridos na Grande BH"},"content":{"rendered":"<p>A queda de um helic\u00f3ptero deixou duas pessoas feridas no come\u00e7o da noite desta sexta-feira (16\/09\/2016), em Contagem, na Regi\u00e3o Metropolitana de Belo Horizonte. A aeronave, modelo Cabri G2, que pertence \u00e0 Efai Escola de Avia\u00e7\u00e3o Civil, apresentou problemas pouco depois da decolagem, \u00e0s 19h20, realizada pelo aluno Pedro Moraes, de 29 anos, que j\u00e1 soma cerca de 90 horas de voo. A instrutora Fernanda Polesca, de 28, ao perceber a pane, assumiu o comando e tentou o pouso de emerg\u00eancia, mas como estava escuro, acabou atingindo duas \u00e1rvores. <\/p>\n<p>Fernanda foi levada para o Hospital de Pronto-Socorro Jo\u00e3o XXIII, com um corte na cabe\u00e7a e luxa\u00e7\u00e3o na m\u00e3o esquerda. Pedro escapou ileso e chegou acompanhar os trabalhos de levantamentos de t\u00e9cnicos da Pol\u00edcia Civil. Ele contou que a decolagem foi normal, at\u00e9 que instrutora percebeu um problema e assumiu o comando. Segundo o aluno, a aeronave come\u00e7ou a girar e perder altitude at\u00e9 bater nas \u00e1rvores, para em seguida cair. Com luxa\u00e7\u00e3o no pesco\u00e7o, ele buscou atendimento num hospital particular.<\/p>\n<p>O coronel-aviador Jo\u00e3o Bosco Ferreira, s\u00f3cio-propriet\u00e1rio da Efai, disse que o helic\u00f3ptero \u00e9 novo, com apenas 60 horas de voo. \u201cN\u00e3o d\u00e1 para falar sobre causas do acidente at\u00e9 que investigadores da Aeron\u00e1utica fa\u00e7am uma avalia\u00e7\u00e3o. \u00c9 um helic\u00f3ptero de origem francesa, o mais moderno na sua categoria, destinado para instru\u00e7\u00e3o\u201d, destacou Ferreira. Para ele, nas condi\u00e7\u00f5es de voo, noturno, a instrutora demonstrou toda capacidade, evitando um desfecho tr\u00e1gico. <\/p>\n<p>O chefe do N\u00facleo de Opera\u00e7\u00f5es A\u00e9rea da Pol\u00edcia Civil, delegado Eduardo Roberto, explicou que sua equipe foi ao local para adotar as primeiras medidas de preserva\u00e7\u00e3o do local visando as investiga\u00e7\u00f5es das causas do acidente. De acordo com ele, t\u00e9cnicos da aeron\u00e1utica v\u00e3o fazer os levantamentos no local, antes da libera\u00e7\u00e3o da aeronave. O policial diz que, al\u00e9m da per\u00edcia no ambiente do pouso, ser\u00e3o checados outros  detalhes, como as caracter\u00edsticas t\u00e9cnicas do fabricante e manuten\u00e7\u00e3o do helic\u00f3ptero. <\/p>\n<p>O estofador David de S\u00e1, de 20 anos, mora num im\u00f3vel no terreno da queda da aeronave. Ele foi o primeiro a chegar no local da queda. \u201cEst\u00e1vamos em casa assistindo televis\u00e3o, quando houve um estrondo. Corremos com uma lanterna at\u00e9 o lugar de onde veio o barulho e quando chegamos as duas pessoas que estavam no helic\u00f3ptero j\u00e1 tinham sa\u00eddo. Foi s\u00f3 um grande susto, pois se ca\u00ed aqui em casa, seria pior\u201d, contou David.<\/p>\n<p><img decoding=\"async\" src=\"http:\/\/aconteceunovale.com.br\/portal\/wp-content\/uploads\/2016\/09\/helicoptero_acidente.jpg\" alt=\"\" \/><em>Helic\u00f3ptero caiu no Bairro S\u00e3o Sebasti\u00e3o (Foto: Reprodu\u00e7\u00e3o\/R\u00e1dio Itatiaia)<\/em><br \/>\n<\/br><\/p>\n<p><em>(Fonte: Estado de Minas)<\/em><\/p>\n","protected":false},"excerpt":{"rendered":"<p>A queda de um helic\u00f3ptero deixou duas pessoas feridas no come\u00e7o da noite desta sexta-feira (16\/09\/2016), em Contagem, na Regi\u00e3o Metropolitana de Belo Horizonte. A aeronave, modelo Cabri G2, que pertence \u00e0 Efai Escola de Avia\u00e7\u00e3o Civil, apresentou problemas pouco depois da decolagem, \u00e0s 19h20, realizada pelo aluno Pedro Moraes, de 29 anos, que j\u00e1 [&hellip;]<\/p>\n","protected":false},"author":1,"featured_media":97207,"comment_status":"open","ping_status":"closed","sticky":false,"template":"","format":"standard","meta":{"amp_status":"","footnotes":""},"categories":[123],"tags":[115743,115744,115745,115746,956,115759,115761,115760,115740,115739,115738,115741,115742],"class_list":["post-97206","post","type-post","status-publish","format-standard","has-post-thumbnail","hentry","category-gerais","tag-acidente-com-helicoptero","tag-acidente-com-helicoptero-em-contagem","tag-acidente-com-helicoptero-na-grande-bh","tag-acidente-com-helicoptero-no-bairro-sao-sebastiao-em-contagem","tag-contagem","tag-efai-escola-de-aviacao-civil","tag-fernanda-polesca","tag-pedro-moraes","tag-queda-de-helicoptero","tag-queda-de-helicoptero-deixa-dois-feridos-em-contagem","tag-queda-de-helicoptero-deixa-dois-feridos-na-grande-bh","tag-queda-de-helicoptero-em-contagem","tag-queda-de-helicoptero-no-bairro-sao-sebastiao-em-contagem"],"_links":{"self":[{"href":"https:\/\/aconteceunovale.com.br\/portal\/index.php?rest_route=\/wp\/v2\/posts\/97206","targetHints":{"allow":["GET"]}}],"collection":[{"href":"https:\/\/aconteceunovale.com.br\/portal\/index.php?rest_route=\/wp\/v2\/posts"}],"about":[{"href":"https:\/\/aconteceunovale.com.br\/portal\/index.php?rest_route=\/wp\/v2\/types\/post"}],"author":[{"embeddable":true,"href":"https:\/\/aconteceunovale.com.br\/portal\/index.php?rest_route=\/wp\/v2\/users\/1"}],"replies":[{"embeddable":true,"href":"https:\/\/aconteceunovale.com.br\/portal\/index.php?rest_route=%2Fwp%2Fv2%2Fcomments&post=97206"}],"version-history":[{"count":0,"href":"https:\/\/aconteceunovale.com.br\/portal\/index.php?rest_route=\/wp\/v2\/posts\/97206\/revisions"}],"wp:featuredmedia":[{"embeddable":true,"href":"https:\/\/aconteceunovale.com.br\/portal\/index.php?rest_route=\/wp\/v2\/media\/97207"}],"wp:attachment":[{"href":"https:\/\/aconteceunovale.com.br\/portal\/index.php?rest_route=%2Fwp%2Fv2%2Fmedia&parent=97206"}],"wp:term":[{"taxonomy":"category","embeddable":true,"href":"https:\/\/aconteceunovale.com.br\/portal\/index.php?rest_route=%2Fwp%2Fv2%2Fcategories&post=97206"},{"taxonomy":"post_tag","embeddable":true,"href":"https:\/\/aconteceunovale.com.br\/portal\/index.php?rest_route=%2Fwp%2Fv2%2Ftags&post=97206"}],"curies":[{"name":"wp","href":"https:\/\/api.w.org\/{rel}","templated":true}]}}