{"id":97198,"date":"2016-09-16T20:55:41","date_gmt":"2016-09-16T23:55:41","guid":{"rendered":"http:\/\/aconteceunovale.com.br\/portal\/?p=97198"},"modified":"2016-09-16T20:55:41","modified_gmt":"2016-09-16T23:55:41","slug":"justica-eleitoral-cancela-chapa-encabecada-por-ruy-muniz","status":"publish","type":"post","link":"https:\/\/aconteceunovale.com.br\/portal\/?p=97198","title":{"rendered":"Justi\u00e7a Eleitoral cancela chapa encabe\u00e7ada por Ruy Muniz"},"content":{"rendered":"<p>O Tribunal Regional Eleitoral de Minas Gerais (TRE-MG) confirmou na tarde desta sexta-feira (16\/09\/2016) o cancelamento da candidatura da chapa encabe\u00e7ada pelo prefeito afastado e foragido da justi\u00e7a, Ruy Muniz (PSB), que disputava vaga ao Executivo em Montes Claros, na regi\u00e3o Norte do Estado. A decis\u00e3o foi tomada ap\u00f3s o pedido de ren\u00fancia feito pelo candidato a vice-prefeito, Danilo Narciso (PMDB).<\/p>\n<p>Muniz, que era candidato \u00e0 reelei\u00e7\u00e3o, foi elogiado pela esposa durante a vota\u00e7\u00e3o do processo de impeachment da presidente Dilma Rousseff (PT). Na ocasi\u00e3o, Raquel Muniz destacou a gest\u00e3o do marido ao proferir o voto. &#8220;Meu voto \u00e9 em homenagem \u00e0s v\u00edtimas da BR-251. \u00c9 para dizer que o Brasil tem jeito, e o prefeito de Montes Claros mostra isso para todos n\u00f3s com sua gest\u00e3o&#8221;.<\/p>\n<p>Na decis\u00e3o desta sexta, que homologou a sa\u00edda de Narciso, o juiz Ant\u00f4nio de Souza Rosa afirma que o pedido de ren\u00fancia foi feito a menos de 20 dias para a elei\u00e7\u00e3o; neste per\u00edodo a lei permite que seja substitu\u00eddo em caso de morte de um dos candidatos.<\/p>\n<p>\u201cA extin\u00e7\u00e3o da candidatura ao cargo de Vice-Prefeito, decorrente da ren\u00fancia, afeta a chapa majorit\u00e1ria, pois, conquanto seja cab\u00edvel a substitui\u00e7\u00e3o de qualquer candidato renunciante ou que, de qualquer forma tenha tido inviabilizada sua candidatura, h\u00e1 um prazo limite para a substitui\u00e7\u00e3o\u201d, afirmou o juiz na decis\u00e3o.<\/p>\n<p>O pedido de ren\u00fancia do candidato Danilo Narciso foi feito na tarde desta sexta-feira. Nele Narciso alegou que os processos judiciais enfrentados por Ruy Muniz foram determinantes na tomada da decis\u00e3o.<\/p>\n<p>\u201cN\u00e3o resta a mim, outra op\u00e7\u00e3o, a n\u00e3o ser agir de acordo com os princ\u00edpios \u00e9ticos e morais que sempre nortearam a minha conduta como cidad\u00e3o, dentre os quais, est\u00e1 a firme e inabal\u00e1vel cren\u00e7a na necessidade de n\u00e3o ignorarmos as decis\u00f5es provenientes das autoridades constitu\u00eddas pelo conjunto de normas e leis que regem o Estado Democr\u00e1tico e de Direito que se encontra em processo de consolida\u00e7\u00e3o em nosso pa\u00eds\u201d, disse Narciso no pedido.<\/p>\n<p>A assessoria jur\u00eddica da coliga\u00e7\u00e3o &#8220;Compet\u00eancia para fazer mais&#8221;, informou que est\u00e1 recorrendo da decis\u00e3o conforme permite a Justi\u00e7a Eleitoral.<\/p>\n<p><img decoding=\"async\" src=\"http:\/\/aconteceunovale.com.br\/portal\/wp-content\/uploads\/2016\/09\/chapa_ruy.jpg\" alt=\"\" \/><em>Ruy Muniz e Danilo Narciso (Foto: Reprodu\u00e7\u00e3o\/Facebook)<\/em><br \/>\n<\/br><\/p>\n<p><strong>Ruy Muniz est\u00e1 foragido<\/strong><\/p>\n<p>O prefeito afastado de Montes Claros, Ruy Muniz, est\u00e1 foragido desde a quarta-feira (14). O Tribunal de Justi\u00e7a de Minas Gerais (TJMG) expediu mandado de pris\u00e3o preventiva contra ele, ap\u00f3s investiga\u00e7\u00f5es da opera\u00e7\u00e3o Toler\u00e2ncia Zero apont\u00e1-lo como o controlador de um esquema montado para desviar recursos da Empresa Municipal de Servi\u00e7os, Obras e Urbaniza\u00e7\u00e3o (Esurb).<\/p>\n<p><strong>Ren\u00fancia do candidato a vice-prefeito<\/strong><\/p>\n<p><img decoding=\"async\" src=\"http:\/\/aconteceunovale.com.br\/portal\/wp-content\/uploads\/2016\/09\/renuncia_moc_1.jpg\" alt=\"\" \/><img decoding=\"async\" src=\"http:\/\/aconteceunovale.com.br\/portal\/wp-content\/uploads\/2016\/09\/renuncia_moc_2.jpg\" alt=\"\" \/><img decoding=\"async\" src=\"http:\/\/aconteceunovale.com.br\/portal\/wp-content\/uploads\/2016\/09\/renuncia_moc_3.jpg\" alt=\"\" \/><br \/>\n<\/br><\/p>\n<p><strong>Decis\u00e3o da Justi\u00e7a Eleitoral<\/strong><\/p>\n<p><em>Publicado em 16\/09\/2016 no Publicado no Mural, nr. 16:59<br \/>\nJUSTI\u00c7A ELEITORAL <\/p>\n<p>JU\u00cdZO DA 317\u00aa ZONA ELEITORAL &#8211; MONTES CLAROS <\/p>\n<p>SENTEN\u00c7A <\/p>\n<p>Processo n\u00ba: 383-69.2016.6.13.0317 &#8211; REGISTRO DE CANDIDATURA <\/p>\n<p>Requerente: DANILO FERNANDO MACEDO NARCISO <\/p>\n<p>Partido\/Coliga\u00e7\u00e3o: Partido do Movimento Democr\u00e1tico Brasileiro-PMDB e Coliga\u00e7\u00e3o Compet\u00eancia para Fazer Mais (PSB \/ PMDB \/ PSD \/ PTC \/ PTB \/ PRB \/ PRTB \/ PHS \/ PMN). <\/p>\n<p>Trata-se REN\u00daNCIA manifestada por DANILO FERNANDO MACEDO NARCISO \u00e0 candidatura ao cargo de Vice-Prefeito, sob o n\u00ba 40, cuja candidatura havia sido deferida por este ju\u00edzo nos presentes autos (f. 45). <\/p>\n<p>O renunciante apresentou as raz\u00f5es da ren\u00fancia, relacionadas com os fatos em que atualmente est\u00e1 implicado o candidato ao cargo de Prefeito, Ruy Adriano Borges Muniz, circunst\u00e2ncia que o renunciante diz contrariar os objetivos de sua candidatura. Concluiu com o requerimento de homologa\u00e7\u00e3o de sua ren\u00fancia. <\/p>\n<p>\u00c9 a s\u00edntese do necess\u00e1rio. Decido. <\/p>\n<p>A ren\u00fancia \u00e9 ato personal\u00edssimo que comporta exclusivamente a an\u00e1lise da livre manifesta\u00e7\u00e3o de vontade, que, no caso, est\u00e1 evidenciada pelo fato de que a ren\u00fancia em an\u00e1lise foi subscrita pelo renunciante, que providenciou o reconhecimento de sua firma (assinatura) pelo servi\u00e7o notarial e pessoalmente protocolizou no cart\u00f3rio desta Zona Eleitoral seu requerimento. <\/p>\n<p>Imp\u00f5e-se, portanto, a homologa\u00e7\u00e3o da ren\u00fancia. <\/p>\n<p>A extin\u00e7\u00e3o da candidatura ao cargo de Vice-Prefeito, decorrente da ren\u00fancia, afeta a chapa majorit\u00e1ria, pois, conquanto seja cab\u00edvel a substitui\u00e7\u00e3o de qualquer candidato renunciante ou que, de qualquer forma tenha tido inviabilizada sua candidatura, h\u00e1 um prazo limite para a substitui\u00e7\u00e3o, por express\u00e3o disposi\u00e7\u00e3o da Lei 9.504, de 1997, in verbis: <\/p>\n<p>\u00a7 3\u00ba Tanto nas elei\u00e7\u00f5es majorit\u00e1rias como nas proporcionais, a substitui\u00e7\u00e3o s\u00f3 se efetivar\u00e1 se o novo pedido for apresentado at\u00e9 20 (vinte) dias antes do pleito, exceto em caso de falecimento de candidato, quando a substitui\u00e7\u00e3o poder\u00e1 ser efetivada ap\u00f3s esse prazo (reda\u00e7\u00e3o dada pela Lei n\u00ba 12.891\/2013). <\/p>\n<p>No presente caso, faltam menos de vinte dias para a elei\u00e7\u00e3o e, a toda evid\u00eancia, o decaimento da candidatura ao cargo de Vice-Prefeito n\u00e3o decorreu da exce\u00e7\u00e3o legal (falecimento), mas sim de ren\u00fancia, raz\u00e3o pela qual n\u00e3o \u00e9 mais cab\u00edvel a substitui\u00e7\u00e3o do renunciante e a chapa fica inviabilizada. <\/p>\n<p>Com esses fundamentos, HOMOLOGO A REN\u00daNIA E DETERMINO O CANCELAMENTO DA CHAPA MAJORIT\u00c1RIA da coliga\u00e7\u00e3o em ep\u00edgrafe. <\/p>\n<p>Intimem-se. <\/p>\n<p>Reabra-se o Sistema CAND e excluam-se dele os candidatos da chapa em quest\u00e3o. <\/p>\n<p>Junte-se c\u00f3pia desta decis\u00e3o aos autos do RCAND do candidato ao cargo de Prefeito. <\/p>\n<p>Comunique-se \u00e0 Comiss\u00e3o de Propaganda Eleitoral, para an\u00e1lise de redistribui\u00e7\u00e3o do tempo da propaganda eleitoral. <\/p>\n<p>Montes Claros, 16 de Setembro de 2016. <\/p>\n<p>ANTONIO DE SOUZA ROSA<br \/>\nJuiz da 317\u00aa Zona Eleitoral <\/em><\/p>\n<p><em>(Fonte: G1 Grande Minas \/ TRE-MG)<\/em><\/p>\n","protected":false},"excerpt":{"rendered":"<p>O Tribunal Regional Eleitoral de Minas Gerais (TRE-MG) confirmou na tarde desta sexta-feira (16\/09\/2016) o cancelamento da candidatura da chapa encabe\u00e7ada pelo prefeito afastado e foragido da justi\u00e7a, Ruy Muniz (PSB), que disputava vaga ao Executivo em Montes Claros, na regi\u00e3o Norte do Estado. A decis\u00e3o foi tomada ap\u00f3s o pedido de ren\u00fancia feito pelo [&hellip;]<\/p>\n","protected":false},"author":1,"featured_media":97199,"comment_status":"open","ping_status":"closed","sticky":false,"template":"","format":"standard","meta":{"amp_status":"","footnotes":""},"categories":[79927,1236,40240],"tags":[79061,194,4606,115454,115457,115710,115705,115708,114565,114564,956,115464,115704,114578,114549,114562,59515,115709,115462,114563,665,114550,114561,115461,115452,114547,114566,79528,114560,114558,31829,115733,115735,115734,98908,207,115465,115466,115453,115455,115451,115703,210,18914,90838,114546,114122,90836,114120,115456,115458,115459,115460,114556,114552,114554,114555,604,20966,114553,114548,44644,66412,95460,115707,115463,115469,114557,91347,115470,89125,17599,114559,31827,27373,114579,114551,4616,115468,115538,69509,115467,115706],"class_list":["post-97198","post","type-post","status-publish","format-standard","has-post-thumbnail","hentry","category-eleicoes-2016-2","category-norte_de_minas","category-politica-2","tag-associacao-educativa-do-brasil","tag-belo-horizonte","tag-brasilia","tag-buscas-na-casa-de-ruy-adriano-borges-muniz","tag-buscas-na-casa-de-ruy-muniz","tag-campanha-nas-barbas-da-policia","tag-candidato-a-vice-prefeito-na-chapa-de-ruy-muniz","tag-candidato-a-vice-prefeito-na-chapa-de-ruy-muniz-protocola-renuncia","tag-colegio-impar","tag-colegio-indyu","tag-contagem","tag-cristiano-junior","tag-danilo-fernando-macedo","tag-deputada","tag-desvio-fies","tag-desvios-instituicoes-da-rede-soebras","tag-eleicoes-2016","tag-eleicoes-2016-em-montes-claros","tag-esurb","tag-fasi","tag-fies","tag-fraudes-fies","tag-fraudes-instituicoes-da-rede-soebras","tag-fraudes-no-setor-de-transporte-da-prefeitura-durante-a-administracao-de-ruy-muniz","tag-fraudes-nos-transportes-em-montes-claros","tag-fraudes-ruy-muniz","tag-fraudes-soebras","tag-funorte","tag-instituicoes-da-rede-soebras","tag-investigacao-operacao-veu-protetor","tag-investigacao-ruy-muniz","tag-justica-eleitoral-cancela-candidatura-da-chapa-liderada-por-ruy-muniz","tag-justica-eleitoral-cancela-chapa-encabecada-por-ruy-muniz","tag-justica-eleitoral-cancela-chapa-liderada-por-ruy-muniz","tag-lages","tag-lavras","tag-leonardo-andrade","tag-mandado-de-prisao-para-ruy-muniz","tag-mandado-de-prisao-ruy-adriano-borges-muniz","tag-mandado-de-prisao-ruy-muniz","tag-mandados-de-busca-e-apreensao-na-casa-do-prefeito-afastado-de-montes-claros","tag-medico-danilo-fernando-macedo","tag-montes-claros","tag-operacao","tag-operacao-da-pf-em-montes-claros","tag-operacao-da-pf-ruy-muniz","tag-operacao-da-policia-civil-em-montes-claros","tag-operacao-da-policia-federal-em-montes-claros","tag-operacao-policial-em-montes-claros","tag-operacao-ruy-muniz","tag-operacao-tolerancia-zero","tag-operacao-tolerancia-zero-em-montes-claros","tag-operacao-tolerancia-zero-ruy-muniz","tag-operacao-veu-protetor","tag-operacao-veu-protetor-combate-organizacao-criminosa-que-desviou-300-milhoes-dos-cofres-publicos","tag-operacao-veu-protetor-investiga-instituicoes-de-ruy-e-raquel-muniz-por-desvio-de-milhoes-dos-cofres-publicos","tag-operacao-veu-protetor-investiga-instituicoes-de-ruy-e-raquel-muniz-por-desvio-de-r-300-milhoes-dos-cofres-publicos","tag-pcmg","tag-pf","tag-pf-combate-organizacao-criminosa-que-desviou-300-milhoes-dos-cofres-publicos","tag-pf-ruy-muniz","tag-policia-civil-de-minas-gerais","tag-prefeito","tag-prefeito-afastado-de-montes-claros","tag-prefeito-afastado-e-candidato-a-reeleicao-em-montes-claros","tag-presidente-da-esubr","tag-presidente-da-esurb","tag-presos-na-operacao-veu-protetor","tag-prisao-de-ruy-muniz","tag-prisao-presidente-da-esurb","tag-prisao-ruy-adriano-borges-muniz","tag-raquel-muniz","tag-resultado-da-operacao-veu-protetor","tag-rui-muniz","tag-ruy-adriano-borges-muniz","tag-ruy-e-raquel-muniz-sao-alvos-da-pf","tag-ruy-e-raquel-muniz-sao-suspeitos-de-desviar-r-300-milhoes","tag-ruy-muniz","tag-ruy-muniz-e-alvo-da-operacao-tolerancia-zero-da-policia-civil","tag-ruy-muniz-e-considerado-foragido-da-operacao-tolerancia-zero","tag-soebras","tag-tolerancia-zero-contra-a-corrupcao","tag-vice-prefeito-na-chapa-de-ruy-muniz"],"_links":{"self":[{"href":"https:\/\/aconteceunovale.com.br\/portal\/index.php?rest_route=\/wp\/v2\/posts\/97198","targetHints":{"allow":["GET"]}}],"collection":[{"href":"https:\/\/aconteceunovale.com.br\/portal\/index.php?rest_route=\/wp\/v2\/posts"}],"about":[{"href":"https:\/\/aconteceunovale.com.br\/portal\/index.php?rest_route=\/wp\/v2\/types\/post"}],"author":[{"embeddable":true,"href":"https:\/\/aconteceunovale.com.br\/portal\/index.php?rest_route=\/wp\/v2\/users\/1"}],"replies":[{"embeddable":true,"href":"https:\/\/aconteceunovale.com.br\/portal\/index.php?rest_route=%2Fwp%2Fv2%2Fcomments&post=97198"}],"version-history":[{"count":0,"href":"https:\/\/aconteceunovale.com.br\/portal\/index.php?rest_route=\/wp\/v2\/posts\/97198\/revisions"}],"wp:featuredmedia":[{"embeddable":true,"href":"https:\/\/aconteceunovale.com.br\/portal\/index.php?rest_route=\/wp\/v2\/media\/97199"}],"wp:attachment":[{"href":"https:\/\/aconteceunovale.com.br\/portal\/index.php?rest_route=%2Fwp%2Fv2%2Fmedia&parent=97198"}],"wp:term":[{"taxonomy":"category","embeddable":true,"href":"https:\/\/aconteceunovale.com.br\/portal\/index.php?rest_route=%2Fwp%2Fv2%2Fcategories&post=97198"},{"taxonomy":"post_tag","embeddable":true,"href":"https:\/\/aconteceunovale.com.br\/portal\/index.php?rest_route=%2Fwp%2Fv2%2Ftags&post=97198"}],"curies":[{"name":"wp","href":"https:\/\/api.w.org\/{rel}","templated":true}]}}