{"id":97195,"date":"2016-09-16T20:26:16","date_gmt":"2016-09-16T23:26:16","guid":{"rendered":"http:\/\/aconteceunovale.com.br\/portal\/?p=97195"},"modified":"2016-09-16T20:26:16","modified_gmt":"2016-09-16T23:26:16","slug":"policia-apura-causas-de-acidente-que-matou-quatro-estudantes-em-padre-paraiso","status":"publish","type":"post","link":"https:\/\/aconteceunovale.com.br\/portal\/?p=97195","title":{"rendered":"Pol\u00edcia apura causas de acidente que matou quatro estudantes em Padre Para\u00edso"},"content":{"rendered":"<p>Laudos periciais devem apontar as causas de uma trag\u00e9dia que deixou Padre Para\u00edso em luto nesta sexta-feira, 16 de setembro de 2016. O capotamento de um micro-\u00f4nibus do transporte escolar municipal tirou a vida de quatro adolescentes que seguiam para uma Feira de Ci\u00eancias. No momento do acidente, que aconteceu em uma estrada sem pavimenta\u00e7\u00e3o no C\u00f3rrego da Lagoa, o ve\u00edculo era ocupado por 12 estudantes e o motorista. <\/p>\n<p>De acordo com a Pol\u00edcia Civil, por motivo ainda n\u00e3o esclarecido, o condutor perdeu o controle direcional, saiu da estrada e caiu em uma ribanceira de aproximadamente 15 metros de altura. Inicialmente foi divulgado que o ve\u00edculo teria apresentado uma falha mec\u00e2nica (perda de freios) e que este teria capotado duas vezes. <\/p>\n<p><img decoding=\"async\" src=\"http:\/\/aconteceunovale.com.br\/portal\/wp-content\/uploads\/2016\/09\/pp_acidente_5.jpg\" alt=\"\" \/><em>Acidente aconteceu na zona rural de Padre Para\u00edso (Foto: Reprodu\u00e7\u00e3o)<\/em><br \/>\n<\/br><\/p>\n<p>O impacto do acidente provocou a morte instant\u00e2nea de quatro ocupantes do escolar. De acordo com o Instituto M\u00e9dico Legal (IML) de Te\u00f3filo Otoni, as v\u00edtimas em \u00f3bito foram identificadas como Josimax Pereira Soares, de 11 anos, Jefferson Pinheiro da Silva, de 15, Maxiliano Pereira Soares, de 16, e Maur\u00edcio Luiz da Concei\u00e7\u00e3o J\u00fanior, de 17. Josimax e Maxiliano s\u00e3o irm\u00e3os. Os jovens eram alunos da Escola Estadual de Ensino M\u00e9dio e da Escola Municipal Dom Jos\u00e9 de Haas, ambas localizadas no C\u00f3rrego Encachoeirado Um.<\/p>\n<p>Equipes do Servi\u00e7o de Atendimento M\u00f3vel de Urg\u00eancia (SAMU) e do Corpo de Bombeiros socorreram os feridos. Um adolescente, que ficou preso \u00e0s ferragens, foi encaminhado para um hospital de Te\u00f3filo Otoni. O motorista e os demais estudantes foram levados para o hospital de Padre Para\u00edso. O estado de sa\u00fade das v\u00edtimas n\u00e3o foi divulgado.<\/p>\n<p>A Per\u00edcia T\u00e9cnica da Pol\u00edcia Civil compareceu ao local e ap\u00f3s os trabalhos de praxe, os corpos foram removidos ao IML em Te\u00f3filo Otoni e liberados no fim da tarde ap\u00f3s exames. O vel\u00f3rio, segundo divulgado pela Prefeitura, ser\u00e1 realizado em uma igreja na comunidade onde as v\u00edtimas residiam, a cerca de quatro quil\u00f4metros de onde aconteceu a trag\u00e9dia. <\/p>\n<p><strong>Ve\u00edculo adquirido em 2014<\/strong><\/p>\n<p>De acordo com o procurador da Prefeitura Municipal de Padre Para\u00edso, Marciel Chulu, o ve\u00edculo foi adquirido em 2014 atrav\u00e9s do Programa Caminho da Escola e sua \u00faltima revis\u00e3o foi realizada na semana passada. O representante do munic\u00edpio tamb\u00e9m informou que, paralelo \u00e0s investiga\u00e7\u00f5es da Pol\u00edcia Civil, uma sindic\u00e2ncia foi aberta para apurar as causas do acidente.<\/p>\n<p><img decoding=\"async\" src=\"http:\/\/aconteceunovale.com.br\/portal\/wp-content\/uploads\/2016\/09\/pp_acidente_6.jpg\" alt=\"\" \/><em>Acidente aconteceu na zona rural de Padre Para\u00edso (Foto: Reprodu\u00e7\u00e3o)<\/em><br \/>\n<\/br><\/p>\n<p><img decoding=\"async\" src=\"http:\/\/aconteceunovale.com.br\/portal\/wp-content\/uploads\/2016\/09\/pp_acidente_7.jpg\" alt=\"\" \/><em>Acidente aconteceu na zona rural de Padre Para\u00edso (Foto: Reprodu\u00e7\u00e3o)<\/em><br \/>\n<\/br><\/p>\n<p><img decoding=\"async\" src=\"http:\/\/aconteceunovale.com.br\/portal\/wp-content\/uploads\/2016\/09\/pp_acidente_8.jpg\" alt=\"\" \/><em>Acidente aconteceu na zona rural de Padre Para\u00edso (Foto: Reprodu\u00e7\u00e3o)<\/em><br \/>\n<\/br><\/p>\n<p><img decoding=\"async\" src=\"http:\/\/aconteceunovale.com.br\/portal\/wp-content\/uploads\/2016\/09\/pp_acidente_1.jpg\" alt=\"\" \/><em>Acidente aconteceu na zona rural de Padre Para\u00edso (Foto: Reprodu\u00e7\u00e3o)<\/em><br \/>\n<\/br><\/p>\n<p><img decoding=\"async\" src=\"http:\/\/aconteceunovale.com.br\/portal\/wp-content\/uploads\/2016\/09\/pp_acidente_2.jpg\" alt=\"\" \/><em>Acidente aconteceu na zona rural de Padre Para\u00edso (Foto: Reprodu\u00e7\u00e3o)<\/em><br \/>\n<\/br><\/p>\n<p><img decoding=\"async\" src=\"http:\/\/aconteceunovale.com.br\/portal\/wp-content\/uploads\/2016\/09\/pp_acidente_3.jpg\" alt=\"\" \/><em>Acidente aconteceu na zona rural de Padre Para\u00edso (Foto: Reprodu\u00e7\u00e3o)<\/em><br \/>\n<\/br><\/p>\n<p><img decoding=\"async\" src=\"http:\/\/aconteceunovale.com.br\/portal\/wp-content\/uploads\/2016\/09\/pp_acidente_4.jpg\" alt=\"\" \/><em>Acidente aconteceu na zona rural de Padre Para\u00edso (Foto: Reprodu\u00e7\u00e3o)<\/em><\/p>\n","protected":false},"excerpt":{"rendered":"<p>Laudos periciais devem apontar as causas de uma trag\u00e9dia que deixou Padre Para\u00edso em luto nesta sexta-feira, 16 de setembro de 2016. O capotamento de um micro-\u00f4nibus do transporte escolar municipal tirou a vida de quatro adolescentes que seguiam para uma Feira de Ci\u00eancias. No momento do acidente, que aconteceu em uma estrada sem pavimenta\u00e7\u00e3o [&hellip;]<\/p>\n","protected":false},"author":1,"featured_media":97163,"comment_status":"open","ping_status":"closed","sticky":false,"template":"","format":"standard","meta":{"amp_status":"","footnotes":""},"categories":[120],"tags":[115600,115592,115596,115599,115595,115597,115594,53529,115593,115598,1018,115602,115622,115683,115620,115681,115623,115682,115621,572,115732,115624,115601],"class_list":["post-97195","post","type-post","status-publish","format-standard","has-post-thumbnail","hentry","category-jequi","tag-acidente-alunos-da-escola-do-encachoeirado","tag-acidente-com-veiculo-escolar-deixa-pelo-menos-tres-mortos-em-padre-paraiso","tag-acidente-encachoeirado-padre-paraiso","tag-acidente-estudantes-padre-paraiso","tag-acidente-micro-onibus-escolar-padre-paraiso","tag-acidente-municipio-de-padre-paraiso","tag-acidente-onibus-escolar-padre-paraiso","tag-acidente-padre-paraiso","tag-acidente-veiculo-escolar-padre-paraiso","tag-acidente-zona-rural-de-padre-paraiso","tag-destaque","tag-encachoeirado","tag-jeferson-pinheiro-da-silva","tag-jefferson-pinheiro-da-silva","tag-josimar-pereira-soares","tag-josimax-pereira-soares","tag-mauricio-luiz-da-conceicao-junior","tag-maxiliano-pereira-soares","tag-maximiliano-pereira-soares","tag-padre-paraiso","tag-policia-apura-causas-de-acidente-que-matou-quatro-estudantes-em-padre-paraiso","tag-sobe-para-quatro-o-numero-de-mortos-em-acidente-com-veiculo-escolar-em-padre-paraiso","tag-tragedia-padre-paraiso"],"_links":{"self":[{"href":"https:\/\/aconteceunovale.com.br\/portal\/index.php?rest_route=\/wp\/v2\/posts\/97195","targetHints":{"allow":["GET"]}}],"collection":[{"href":"https:\/\/aconteceunovale.com.br\/portal\/index.php?rest_route=\/wp\/v2\/posts"}],"about":[{"href":"https:\/\/aconteceunovale.com.br\/portal\/index.php?rest_route=\/wp\/v2\/types\/post"}],"author":[{"embeddable":true,"href":"https:\/\/aconteceunovale.com.br\/portal\/index.php?rest_route=\/wp\/v2\/users\/1"}],"replies":[{"embeddable":true,"href":"https:\/\/aconteceunovale.com.br\/portal\/index.php?rest_route=%2Fwp%2Fv2%2Fcomments&post=97195"}],"version-history":[{"count":0,"href":"https:\/\/aconteceunovale.com.br\/portal\/index.php?rest_route=\/wp\/v2\/posts\/97195\/revisions"}],"wp:featuredmedia":[{"embeddable":true,"href":"https:\/\/aconteceunovale.com.br\/portal\/index.php?rest_route=\/wp\/v2\/media\/97163"}],"wp:attachment":[{"href":"https:\/\/aconteceunovale.com.br\/portal\/index.php?rest_route=%2Fwp%2Fv2%2Fmedia&parent=97195"}],"wp:term":[{"taxonomy":"category","embeddable":true,"href":"https:\/\/aconteceunovale.com.br\/portal\/index.php?rest_route=%2Fwp%2Fv2%2Fcategories&post=97195"},{"taxonomy":"post_tag","embeddable":true,"href":"https:\/\/aconteceunovale.com.br\/portal\/index.php?rest_route=%2Fwp%2Fv2%2Ftags&post=97195"}],"curies":[{"name":"wp","href":"https:\/\/api.w.org\/{rel}","templated":true}]}}