{"id":97192,"date":"2016-09-16T19:33:49","date_gmt":"2016-09-16T22:33:49","guid":{"rendered":"http:\/\/aconteceunovale.com.br\/portal\/?p=97192"},"modified":"2016-09-16T19:33:49","modified_gmt":"2016-09-16T22:33:49","slug":"justica-mantem-suspensao-de-lei-que-obriga-motoristas-a-acender-farol-em-rodovia","status":"publish","type":"post","link":"https:\/\/aconteceunovale.com.br\/portal\/?p=97192","title":{"rendered":"Justi\u00e7a mant\u00e9m suspens\u00e3o de lei que obriga motoristas a acender farol em rodovia"},"content":{"rendered":"<p>A Justi\u00e7a Federal em Bras\u00edlia negou hoje (16\/09\/2016) recurso da Advocacia-Geral da Uni\u00e3o (AGU) e decidiu manter a suspens\u00e3o da Lei 13.290\/2016, conhecida como \u201cLei do Farol Baixo\u201d, que obrigava condutores de todo o pa\u00eds a acender o farol do ve\u00edculo durante o dia em rodovias.<\/p>\n<p>No dia 2 de setembro, o juiz Renato Borelli, da 20\u00aa Vara Federal em Bras\u00edlia, aceitou pedido liminar da Associa\u00e7\u00e3o Nacional de Prote\u00e7\u00e3o M\u00fatua aos Propriet\u00e1rios de Ve\u00edculos Automotores (ADPVA) e entendeu que os condutores n\u00e3o podem ser penalizados pela falta de sinaliza\u00e7\u00e3o sobre a localiza\u00e7\u00e3o exata das rodovias.<\/p>\n<p>Na a\u00e7\u00e3o, a associa\u00e7\u00e3o citou o caso espec\u00edfico de Bras\u00edlia, onde existem v\u00e1rias rodovias dentro do per\u00edmetro urbano. \u201cEm cidades como Bras\u00edlia, exemplificativamente, as ruas, avenidas, vias, estradas e rodovias penetram o per\u00edmetro urbano e se entrela\u00e7am. Absolutamente imposs\u00edvel, mesmo para os que bem conhecem a capital da Rep\u00fablica, identificar quando come\u00e7a uma via e termina uma rodovia estadual, de modo a se ter certeza quando exig\u00edvel o farol acesso e quando dispens\u00e1vel&#8221;, disse a entidade.<\/p>\n<p>A lei foi sancionada pelo presidente interino Michel Temer no dia 24 de maio. A mudan\u00e7a teve origem em um projeto de lei apresentado pelo deputado federal Rubens Bueno (PPS-PR) e foi aprovada pelo Senado em abril. A multa para quem descumprisse a regra, considerada infra\u00e7\u00e3o m\u00e9dia, era R$ 85,13, com a perda de quatro pontos na carteira de habilita\u00e7\u00e3o.<\/p>\n<p>O objetivo da medida foi aumentar a seguran\u00e7a nas estradas, reduzindo o n\u00famero de acidentes frontais. Segundo o Departamento Nacional de Tr\u00e2nsito (Denatran), estudos indicam que a presen\u00e7a de luzes acesas reduz entre 5% e 10% o n\u00famero de colis\u00f5es entre ve\u00edculos durante o dia.<\/p>\n<p><img decoding=\"async\" src=\"http:\/\/aconteceunovale.com.br\/portal\/wp-content\/uploads\/2016\/09\/farol_baixo.jpg\" alt=\"\" \/><em>Justi\u00e7a mant\u00e9m suspens\u00e3o da \u201cLei do Farol Baixo\u201d (Foto: Jos\u00e9 Cruz\/Ag\u00eancia Brasil)<\/em><br \/>\n<\/br><\/p>\n<p>(Ag\u00eancia Brasil)<\/p>\n","protected":false},"excerpt":{"rendered":"<p>A Justi\u00e7a Federal em Bras\u00edlia negou hoje (16\/09\/2016) recurso da Advocacia-Geral da Uni\u00e3o (AGU) e decidiu manter a suspens\u00e3o da Lei 13.290\/2016, conhecida como \u201cLei do Farol Baixo\u201d, que obrigava condutores de todo o pa\u00eds a acender o farol do ve\u00edculo durante o dia em rodovias. No dia 2 de setembro, o juiz Renato Borelli, [&hellip;]<\/p>\n","protected":false},"author":1,"featured_media":97193,"comment_status":"open","ping_status":"closed","sticky":false,"template":"","format":"standard","meta":{"amp_status":"","footnotes":""},"categories":[6],"tags":[113675,115731,113677,113676,1018,113678,113674,25807,23452,113679,113680,28553,113669,113671,113673,113790,34625,19684,113670,113672],"class_list":["post-97192","post","type-post","status-publish","format-standard","has-post-thumbnail","hentry","category-br","tag-20a-vara-federal-em-brasilia","tag-acender-farol-do-veiculo","tag-adpva","tag-associacao-nacional-de-protecao-mutua-aos-proprietarios-de-veiculos-automotores","tag-destaque","tag-farol","tag-juiz-renato-borelli","tag-justica","tag-justica-federal","tag-justica-federal-no-df-suspende-lei-do-farol-baixo","tag-justica-federal-suspende-lei-do-farol-baixo","tag-lei","tag-lei-13-2902016","tag-lei-do-farol-baixo","tag-lei-do-farol-baixo-e-suspensa","tag-ministerio-das-cidades-vai-recorrer-de-suspensao-da-lei-do-farol-baixo","tag-rodovias","tag-suspensao","tag-suspensao-da-lei-13-2902016","tag-suspensao-da-lei-do-farol-baixo"],"_links":{"self":[{"href":"https:\/\/aconteceunovale.com.br\/portal\/index.php?rest_route=\/wp\/v2\/posts\/97192","targetHints":{"allow":["GET"]}}],"collection":[{"href":"https:\/\/aconteceunovale.com.br\/portal\/index.php?rest_route=\/wp\/v2\/posts"}],"about":[{"href":"https:\/\/aconteceunovale.com.br\/portal\/index.php?rest_route=\/wp\/v2\/types\/post"}],"author":[{"embeddable":true,"href":"https:\/\/aconteceunovale.com.br\/portal\/index.php?rest_route=\/wp\/v2\/users\/1"}],"replies":[{"embeddable":true,"href":"https:\/\/aconteceunovale.com.br\/portal\/index.php?rest_route=%2Fwp%2Fv2%2Fcomments&post=97192"}],"version-history":[{"count":0,"href":"https:\/\/aconteceunovale.com.br\/portal\/index.php?rest_route=\/wp\/v2\/posts\/97192\/revisions"}],"wp:featuredmedia":[{"embeddable":true,"href":"https:\/\/aconteceunovale.com.br\/portal\/index.php?rest_route=\/wp\/v2\/media\/97193"}],"wp:attachment":[{"href":"https:\/\/aconteceunovale.com.br\/portal\/index.php?rest_route=%2Fwp%2Fv2%2Fmedia&parent=97192"}],"wp:term":[{"taxonomy":"category","embeddable":true,"href":"https:\/\/aconteceunovale.com.br\/portal\/index.php?rest_route=%2Fwp%2Fv2%2Fcategories&post=97192"},{"taxonomy":"post_tag","embeddable":true,"href":"https:\/\/aconteceunovale.com.br\/portal\/index.php?rest_route=%2Fwp%2Fv2%2Ftags&post=97192"}],"curies":[{"name":"wp","href":"https:\/\/api.w.org\/{rel}","templated":true}]}}