{"id":97183,"date":"2016-09-16T19:14:41","date_gmt":"2016-09-16T22:14:41","guid":{"rendered":"http:\/\/aconteceunovale.com.br\/portal\/?p=97183"},"modified":"2016-09-16T19:14:41","modified_gmt":"2016-09-16T22:14:41","slug":"motorista-inabilitado-e-preso-com-armas-de-fogo-em-aracuai","status":"publish","type":"post","link":"https:\/\/aconteceunovale.com.br\/portal\/?p=97183","title":{"rendered":"Motorista inabilitado \u00e9 preso com armas de fogo em Ara\u00e7ua\u00ed"},"content":{"rendered":"<p>Um homem de 39 anos foi preso na noite desta quinta-feira (15\/09\/2016) na Avenida das Rosas, em Ara\u00e7ua\u00ed, no Vale do Jequitinhonha, por porte ilegal de armas de fogo. Ao ser abordado e realizada as buscas no interior do ve\u00edculo &#8211; um Honda Civic LX preto &#8211; a equipe de policiais localizou, embaixo do banco do motorista, um rev\u00f3lver calibre 32 municiado com 6 cartuchos intactos. Dentro de uma pochete foi encontrada uma pistola calibre 6.35 municiada com 3 cartuchos intactos.<\/p>\n<p>Questionado sobre as armas, o homem assumiu que elas s\u00e3o de sua propriedade e que portava as mesmas  por medida de seguran\u00e7a. Ele recebeu voz de pris\u00e3o em flagrante, sendo conduzido \u00e0 presen\u00e7a do delegado de plant\u00e3o da cidade de Pedra Azul. J\u00e1 o ve\u00edculo foi removido para o p\u00e1tio de apreens\u00e3o, pois o referido condutor n\u00e3o possui habilita\u00e7\u00e3o.<\/p>\n<p><img decoding=\"async\" src=\"http:\/\/aconteceunovale.com.br\/portal\/wp-content\/uploads\/2016\/09\/armas_ara_1.jpeg\" alt=\"\" \/><em>Carro foi apreendido porque o condutor n\u00e3o possui habilita\u00e7\u00e3o (Divulga\u00e7\u00e3o\/PMMG)<\/em><br \/>\n<\/br><\/p>\n<p><img decoding=\"async\" src=\"http:\/\/aconteceunovale.com.br\/portal\/wp-content\/uploads\/2016\/09\/armas_ara_2.jpeg\" alt=\"\" \/><em>As armas e as muni\u00e7\u00f5es foram apreendidas pelos policiais (Divulga\u00e7\u00e3o\/PMMG)<\/em><br \/>\n<\/br><\/p>\n<p><em>(Fonte: PMMG)<\/em><\/p>\n","protected":false},"excerpt":{"rendered":"<p>Um homem de 39 anos foi preso na noite desta quinta-feira (15\/09\/2016) na Avenida das Rosas, em Ara\u00e7ua\u00ed, no Vale do Jequitinhonha, por porte ilegal de armas de fogo. Ao ser abordado e realizada as buscas no interior do ve\u00edculo &#8211; um Honda Civic LX preto &#8211; a equipe de policiais localizou, embaixo do banco [&hellip;]<\/p>\n","protected":false},"author":1,"featured_media":97184,"comment_status":"open","ping_status":"closed","sticky":false,"template":"","format":"standard","meta":{"amp_status":"","footnotes":""},"categories":[120],"tags":[105475,186,105473,115722,80376],"class_list":["post-97183","post","type-post","status-publish","format-standard","has-post-thumbnail","hentry","category-jequi","tag-apreensao-de-armas-aracuai","tag-aracuai","tag-armas-apreendidas-em-aracuai","tag-motorista-inabilitado-e-preso-com-armas-de-fogo-em-aracuai","tag-preso-em-aracuai"],"_links":{"self":[{"href":"https:\/\/aconteceunovale.com.br\/portal\/index.php?rest_route=\/wp\/v2\/posts\/97183","targetHints":{"allow":["GET"]}}],"collection":[{"href":"https:\/\/aconteceunovale.com.br\/portal\/index.php?rest_route=\/wp\/v2\/posts"}],"about":[{"href":"https:\/\/aconteceunovale.com.br\/portal\/index.php?rest_route=\/wp\/v2\/types\/post"}],"author":[{"embeddable":true,"href":"https:\/\/aconteceunovale.com.br\/portal\/index.php?rest_route=\/wp\/v2\/users\/1"}],"replies":[{"embeddable":true,"href":"https:\/\/aconteceunovale.com.br\/portal\/index.php?rest_route=%2Fwp%2Fv2%2Fcomments&post=97183"}],"version-history":[{"count":0,"href":"https:\/\/aconteceunovale.com.br\/portal\/index.php?rest_route=\/wp\/v2\/posts\/97183\/revisions"}],"wp:featuredmedia":[{"embeddable":true,"href":"https:\/\/aconteceunovale.com.br\/portal\/index.php?rest_route=\/wp\/v2\/media\/97184"}],"wp:attachment":[{"href":"https:\/\/aconteceunovale.com.br\/portal\/index.php?rest_route=%2Fwp%2Fv2%2Fmedia&parent=97183"}],"wp:term":[{"taxonomy":"category","embeddable":true,"href":"https:\/\/aconteceunovale.com.br\/portal\/index.php?rest_route=%2Fwp%2Fv2%2Fcategories&post=97183"},{"taxonomy":"post_tag","embeddable":true,"href":"https:\/\/aconteceunovale.com.br\/portal\/index.php?rest_route=%2Fwp%2Fv2%2Ftags&post=97183"}],"curies":[{"name":"wp","href":"https:\/\/api.w.org\/{rel}","templated":true}]}}