{"id":97174,"date":"2016-09-16T18:15:50","date_gmt":"2016-09-16T21:15:50","guid":{"rendered":"http:\/\/aconteceunovale.com.br\/portal\/?p=97174"},"modified":"2016-09-16T18:15:50","modified_gmt":"2016-09-16T21:15:50","slug":"candidato-a-vice-prefeito-na-chapa-de-ruy-muniz-protocola-renuncia","status":"publish","type":"post","link":"https:\/\/aconteceunovale.com.br\/portal\/?p=97174","title":{"rendered":"Candidato a vice-prefeito na chapa de Ruy Muniz protocola ren\u00fancia"},"content":{"rendered":"<p>O m\u00e9dico Danilo Fernando Macedo (PMDB) que era candidato a vice-prefeito na chapa de Ruy Muniz (PSB), prefeito afastado e candidato \u00e0 reelei\u00e7\u00e3o anunciou na tarde desta sexta-feira (16\/09\/2016) a sua ren\u00fancia. Ele protocolou o pedido na Justi\u00e7a Eleitoral. Ruy Muniz teve pris\u00e3o preventiva decretada pela Justi\u00e7a e est\u00e1 foragido, mas a candidatura dele esta mantida j\u00e1 que havia sido deferida pela Justi\u00e7a Eleitoral. A pris\u00e3o foi decretada na quarta-feira e ele n\u00e3o foi encontrado. Se Muniz n\u00e3o for preso at\u00e9 a meia noite de hoje, ele poder\u00e1 continuar com a campanha at\u00e9 dia 02 de outubro, pois a legisla\u00e7\u00e3o eleitoral n\u00e3o permite pris\u00e3o de concorrente a cargos eletivos at\u00e9 15 dias antes da vota\u00e7\u00e3o.<\/p>\n<p>No pedido de ren\u00fancia encaminhado ao TRE, Danilo diz; \u201cdiante das circunst\u00e2ncias em que o candidato a prefeito desta nossa coliga\u00e7\u00e3o n\u00e3o se encontra, neste momento, e por for judicial, em pleno gozo de seus direitos pol\u00edticos e do exerc\u00edcio de sua cidadania, al\u00e9m de estar impossibilitado de exercer a fun\u00e7\u00e3o de administrador p\u00fablico por determina\u00e7\u00f5es judiciais proferidas por dois ju\u00edzes que atuam em processos distintos, n\u00e3o resta a mim outra op\u00e7\u00e3o\u201d, afirma. <\/p>\n<p>O PMDB ainda n\u00e3o informou se vai indicar outro nome para compor a chapa. A coliga\u00e7\u00e3o tem outros partidos como PTB, PSD e PRB. <\/p>\n<p><strong>Muniz foragido<\/strong><\/p>\n<p>Ruy Muniz \u00e9 candidato a novo mandato \u00e0 frente da prefeitura e vinha intensificando a campanha, com caminhadas e v\u00e1rias reuni\u00f5es nos bairros. Ele j\u00e1 tinha sido detido em 18 de abril deste ano, pela suspeita de prejudicar hospitais conveniados do SUS em Montes Claros para favorecer um hospital da entidade educacional de sua fam\u00edlia. Inicialmente, ficou no Pres\u00eddio Regional de Montes Claros e depois passou a cumprir pris\u00e3o domiciliar, que foi revogada no final de agosto pelo Tribunal Federal da Primeira Regi\u00e3o de Bras\u00edlia.<\/p>\n<p>Na semana passada, Ruy Muniz e a mulher dele, a deputada federal Raquel Muniz (PSD), foram alvo de opera\u00e7\u00e3o da Pol\u00edcia Federal e da Receita Federal, desencadeada para investigar suspeitas fraudes e sonega\u00e7\u00e3o de impostos pelas institui\u00e7\u00f5es de ensino e de sa\u00fade vinculadas \u00e0 rede educacional, Sociedade Educativa do Brasil (Soebras), administrada pela fam\u00edlia do casal. Foram cumpridos v\u00e1rios mandados de busca e apreens\u00e3o e 11 pessoas foram levadas coercitivamente para prestar depoimentos.<\/p>\n<p>Durante as investiga\u00e7\u00f5es da \u201cOpera\u00e7\u00e3o Toler\u00e2ncia Zero\u201d, foi verificado que um r\u00e1pido aumento de consumo de combust\u00edveis pela frota da Esurb, que passou de 15 mil litros em janeiro de 2013 para 25 mil litros em fevereiro do mesmo ano. Em maio do mesmo ano, o prefeito editou decreto, que autorizava a Esurb a realizar a subcontrata\u00e7\u00e3o de outras empresas para executar obras p\u00fablicas, permitindo assim, de acordo com as investiga\u00e7\u00f5es, a participa\u00e7\u00e3o de empres\u00e1rios investigados de participa\u00e7\u00e3o em esquema fraudulento. Para apenas dois empres\u00e1rios foram pagos R$ 7,5 milh\u00f5es, que seriam referentes \u00e0 loca\u00e7\u00e3o de m\u00e1quinas.<\/p>\n<p><strong>Promiss\u00f3rias<\/strong><\/p>\n<p>Na opera\u00e7\u00e3o deflagrada nesta quinta-feira tamb\u00e9m s\u00e3o investigadas suspeitas de irregularidades na compra da casa onde reside a fam\u00edlia de Ruy Muniz, localizada no Bairro Ibituruna. As suspeitas foram levantadas durante a Opera\u00e7\u00e3o Catag\u00eanese, desencadeada em mar\u00e7o de 2015 pelo Minist\u00e9rio Publico Estadual e Fazenda Estadual, que investigou esquema de desvios de verbas das prefeituras na compra de combust\u00edveis.<\/p>\n<p><strong>Campanha nas barbas da pol\u00edcia<\/strong><\/p>\n<p>Ruy Muniz poder\u00e1 reaparecer e fazer campanha eleitoral nas barbas da Pol\u00edcia Civil de Minas a partir de s\u00e1bado, dia 17. Candidato \u00e0 reelei\u00e7\u00e3o, ele poder\u00e1 se beneficiar de uma regra da legisla\u00e7\u00e3o eleitoral: nos 15 dias que antecedem o pleito, marcado este ano para 2 de outubro, nenhum concorrente a cargo eletivo pode ser preso ou detido &#8211; salvo em caso de flagrante delito.<\/p>\n<p><strong>Documento encaminhado ao TRE<\/strong><\/p>\n<p><img decoding=\"async\" src=\"http:\/\/aconteceunovale.com.br\/portal\/wp-content\/uploads\/2016\/09\/renuncia_moc_1.jpg\" alt=\"\" \/><img decoding=\"async\" src=\"http:\/\/aconteceunovale.com.br\/portal\/wp-content\/uploads\/2016\/09\/renuncia_moc_2.jpg\" alt=\"\" \/><img decoding=\"async\" src=\"http:\/\/aconteceunovale.com.br\/portal\/wp-content\/uploads\/2016\/09\/renuncia_moc_3.jpg\" alt=\"\" \/><br \/>\n<\/br><\/p>\n<p><em>(Fonte: Estado de Minas\/Luiz Ribeiro)<\/em><\/p>\n","protected":false},"excerpt":{"rendered":"<p>O m\u00e9dico Danilo Fernando Macedo (PMDB) que era candidato a vice-prefeito na chapa de Ruy Muniz (PSB), prefeito afastado e candidato \u00e0 reelei\u00e7\u00e3o anunciou na tarde desta sexta-feira (16\/09\/2016) a sua ren\u00fancia. Ele protocolou o pedido na Justi\u00e7a Eleitoral. Ruy Muniz teve pris\u00e3o preventiva decretada pela Justi\u00e7a e est\u00e1 foragido, mas a candidatura dele esta [&hellip;]<\/p>\n","protected":false},"author":1,"featured_media":97175,"comment_status":"open","ping_status":"closed","sticky":false,"template":"","format":"standard","meta":{"amp_status":"","footnotes":""},"categories":[79927,1236,40240],"tags":[79061,194,4606,115454,115457,115710,115705,115708,114565,114564,956,115464,115704,114578,114549,114562,59515,115709,115462,114563,665,114550,114561,115461,115452,114547,114566,79528,114560,114558,31829,98908,207,115465,115466,115453,115455,115451,115703,210,18914,90838,114546,114122,90836,114120,115456,115458,115459,115460,114556,114552,114554,114555,604,20966,114553,114548,44644,66412,95460,115707,115463,115469,114557,91347,115470,89125,17599,114559,31827,27373,114579,114551,4616,115468,115538,69509,115467,115706],"class_list":["post-97174","post","type-post","status-publish","format-standard","has-post-thumbnail","hentry","category-eleicoes-2016-2","category-norte_de_minas","category-politica-2","tag-associacao-educativa-do-brasil","tag-belo-horizonte","tag-brasilia","tag-buscas-na-casa-de-ruy-adriano-borges-muniz","tag-buscas-na-casa-de-ruy-muniz","tag-campanha-nas-barbas-da-policia","tag-candidato-a-vice-prefeito-na-chapa-de-ruy-muniz","tag-candidato-a-vice-prefeito-na-chapa-de-ruy-muniz-protocola-renuncia","tag-colegio-impar","tag-colegio-indyu","tag-contagem","tag-cristiano-junior","tag-danilo-fernando-macedo","tag-deputada","tag-desvio-fies","tag-desvios-instituicoes-da-rede-soebras","tag-eleicoes-2016","tag-eleicoes-2016-em-montes-claros","tag-esurb","tag-fasi","tag-fies","tag-fraudes-fies","tag-fraudes-instituicoes-da-rede-soebras","tag-fraudes-no-setor-de-transporte-da-prefeitura-durante-a-administracao-de-ruy-muniz","tag-fraudes-nos-transportes-em-montes-claros","tag-fraudes-ruy-muniz","tag-fraudes-soebras","tag-funorte","tag-instituicoes-da-rede-soebras","tag-investigacao-operacao-veu-protetor","tag-investigacao-ruy-muniz","tag-lages","tag-lavras","tag-leonardo-andrade","tag-mandado-de-prisao-para-ruy-muniz","tag-mandado-de-prisao-ruy-adriano-borges-muniz","tag-mandado-de-prisao-ruy-muniz","tag-mandados-de-busca-e-apreensao-na-casa-do-prefeito-afastado-de-montes-claros","tag-medico-danilo-fernando-macedo","tag-montes-claros","tag-operacao","tag-operacao-da-pf-em-montes-claros","tag-operacao-da-pf-ruy-muniz","tag-operacao-da-policia-civil-em-montes-claros","tag-operacao-da-policia-federal-em-montes-claros","tag-operacao-policial-em-montes-claros","tag-operacao-ruy-muniz","tag-operacao-tolerancia-zero","tag-operacao-tolerancia-zero-em-montes-claros","tag-operacao-tolerancia-zero-ruy-muniz","tag-operacao-veu-protetor","tag-operacao-veu-protetor-combate-organizacao-criminosa-que-desviou-300-milhoes-dos-cofres-publicos","tag-operacao-veu-protetor-investiga-instituicoes-de-ruy-e-raquel-muniz-por-desvio-de-milhoes-dos-cofres-publicos","tag-operacao-veu-protetor-investiga-instituicoes-de-ruy-e-raquel-muniz-por-desvio-de-r-300-milhoes-dos-cofres-publicos","tag-pcmg","tag-pf","tag-pf-combate-organizacao-criminosa-que-desviou-300-milhoes-dos-cofres-publicos","tag-pf-ruy-muniz","tag-policia-civil-de-minas-gerais","tag-prefeito","tag-prefeito-afastado-de-montes-claros","tag-prefeito-afastado-e-candidato-a-reeleicao-em-montes-claros","tag-presidente-da-esubr","tag-presidente-da-esurb","tag-presos-na-operacao-veu-protetor","tag-prisao-de-ruy-muniz","tag-prisao-presidente-da-esurb","tag-prisao-ruy-adriano-borges-muniz","tag-raquel-muniz","tag-resultado-da-operacao-veu-protetor","tag-rui-muniz","tag-ruy-adriano-borges-muniz","tag-ruy-e-raquel-muniz-sao-alvos-da-pf","tag-ruy-e-raquel-muniz-sao-suspeitos-de-desviar-r-300-milhoes","tag-ruy-muniz","tag-ruy-muniz-e-alvo-da-operacao-tolerancia-zero-da-policia-civil","tag-ruy-muniz-e-considerado-foragido-da-operacao-tolerancia-zero","tag-soebras","tag-tolerancia-zero-contra-a-corrupcao","tag-vice-prefeito-na-chapa-de-ruy-muniz"],"_links":{"self":[{"href":"https:\/\/aconteceunovale.com.br\/portal\/index.php?rest_route=\/wp\/v2\/posts\/97174","targetHints":{"allow":["GET"]}}],"collection":[{"href":"https:\/\/aconteceunovale.com.br\/portal\/index.php?rest_route=\/wp\/v2\/posts"}],"about":[{"href":"https:\/\/aconteceunovale.com.br\/portal\/index.php?rest_route=\/wp\/v2\/types\/post"}],"author":[{"embeddable":true,"href":"https:\/\/aconteceunovale.com.br\/portal\/index.php?rest_route=\/wp\/v2\/users\/1"}],"replies":[{"embeddable":true,"href":"https:\/\/aconteceunovale.com.br\/portal\/index.php?rest_route=%2Fwp%2Fv2%2Fcomments&post=97174"}],"version-history":[{"count":0,"href":"https:\/\/aconteceunovale.com.br\/portal\/index.php?rest_route=\/wp\/v2\/posts\/97174\/revisions"}],"wp:featuredmedia":[{"embeddable":true,"href":"https:\/\/aconteceunovale.com.br\/portal\/index.php?rest_route=\/wp\/v2\/media\/97175"}],"wp:attachment":[{"href":"https:\/\/aconteceunovale.com.br\/portal\/index.php?rest_route=%2Fwp%2Fv2%2Fmedia&parent=97174"}],"wp:term":[{"taxonomy":"category","embeddable":true,"href":"https:\/\/aconteceunovale.com.br\/portal\/index.php?rest_route=%2Fwp%2Fv2%2Fcategories&post=97174"},{"taxonomy":"post_tag","embeddable":true,"href":"https:\/\/aconteceunovale.com.br\/portal\/index.php?rest_route=%2Fwp%2Fv2%2Ftags&post=97174"}],"curies":[{"name":"wp","href":"https:\/\/api.w.org\/{rel}","templated":true}]}}