{"id":97159,"date":"2016-09-16T16:23:08","date_gmt":"2016-09-16T19:23:08","guid":{"rendered":"http:\/\/aconteceunovale.com.br\/portal\/?p=97159"},"modified":"2016-09-18T20:19:25","modified_gmt":"2016-09-18T23:19:25","slug":"colisao-entre-carro-e-onibus-mata-tres-pessoas-da-mesma-familia-na-br-367-em-turmalina","status":"publish","type":"post","link":"https:\/\/aconteceunovale.com.br\/portal\/?p=97159","title":{"rendered":"Colis\u00e3o entre carro e \u00f4nibus mata tr\u00eas pessoas da mesma fam\u00edlia na BR-367, em Turmalina"},"content":{"rendered":"<p>Tr\u00eas pessoas morreram e duas ficaram feridas em um grave acidente entre um carro de passeio e um \u00f4nibus registrado na manh\u00e3 de sexta-feira, 16 de setembro de 2016, na BR-367, pr\u00f3ximo ao entroncamento para o distrito de Ca\u00e7aratiba, munic\u00edpio de Turmalina, no Vale do Jequitinhonha. Entre as v\u00edtimas est\u00e3o dois beb\u00eas g\u00eameos.<\/p>\n<p>Com o impacto da colis\u00e3o entre os ve\u00edculos, uma mulher, uma menina e uma das crian\u00e7as g\u00eameas n\u00e3o resistiram aos graves ferimentos e faleceram no local. O outro beb\u00ea e um homem foram socorridos com vida e encaminhados para o hospital de Turmalina. Todas as v\u00edtimas estavam no autom\u00f3vel.<\/p>\n<p>Segundo informa\u00e7\u00f5es, a fam\u00edlia seguia de S\u00e3o Paulo para Pedra Azul, no Vale do Jequitinhonha. A identifica\u00e7\u00e3o das v\u00edtimas ainda n\u00e3o foi divulgada. As causas do acidente ser\u00e3o apuradas pela Pol\u00edcia.<\/p>\n<p><img decoding=\"async\" src=\"http:\/\/aconteceunovale.com.br\/portal\/wp-content\/uploads\/2016\/09\/acidente_turmalina_16_9_1.jpg\" alt=\"\" \/><em>Carro ficou destru\u00eddo com o impacto do acidente (Reprodu\u00e7\u00e3o\/WhatsApp)<\/em><br \/>\n<\/br><\/p>\n<p><img decoding=\"async\" src=\"http:\/\/aconteceunovale.com.br\/portal\/wp-content\/uploads\/2016\/09\/acidente_turmalina_16_9_2.jpg\" alt=\"\" \/><em>Carro ficou destru\u00eddo com o impacto do acidente (Reprodu\u00e7\u00e3o\/WhatsApp)<\/em><\/p>\n","protected":false},"excerpt":{"rendered":"<p>Tr\u00eas pessoas morreram e duas ficaram feridas em um grave acidente entre um carro de passeio e um \u00f4nibus registrado na manh\u00e3 de sexta-feira, 16 de setembro de 2016, na BR-367, pr\u00f3ximo ao entroncamento para o distrito de Ca\u00e7aratiba, munic\u00edpio de Turmalina, no Vale do Jequitinhonha. Entre as v\u00edtimas est\u00e3o dois beb\u00eas g\u00eameos. Com o [&hellip;]<\/p>\n","protected":false},"author":1,"featured_media":97160,"comment_status":"open","ping_status":"closed","sticky":false,"template":"","format":"standard","meta":{"amp_status":"","footnotes":""},"categories":[120],"tags":[115691,115693,115692,115690,13247,115687,53710,95825,40307,3142,115688,115684,115686,115685,115689,178],"class_list":["post-97159","post","type-post","status-publish","format-standard","has-post-thumbnail","hentry","category-jequi","tag-acidente-com-familia-que-seguia-para-pedra-azul","tag-acidente-com-familia-seguia-de-sao-paulo-para-pedra-azul","tag-acidente-com-pessoas-que-seguiam-para-pedra-azul","tag-acidente-com-prisma-que-seguia-para-pedra-azul","tag-acidente-em-turmalina","tag-acidente-entre-carro-e-onibus-em-turmalina","tag-acidente-na-br-367-em-turmalina","tag-acidente-no-municipio-de-turmalina","tag-acidente-perto-de-turmalina","tag-cacaratiba","tag-colisao-entre-carro-e-onibus-em-turmalina","tag-colisao-entre-carro-e-onibus-mata-tres-pessoas-da-mesma-familia-na-br-367","tag-colisao-entre-carro-e-onibus-mata-tres-pessoas-da-mesma-familia-na-br-367-em-turmalina","tag-em-turmalina","tag-prisma","tag-turmalina"],"_links":{"self":[{"href":"https:\/\/aconteceunovale.com.br\/portal\/index.php?rest_route=\/wp\/v2\/posts\/97159","targetHints":{"allow":["GET"]}}],"collection":[{"href":"https:\/\/aconteceunovale.com.br\/portal\/index.php?rest_route=\/wp\/v2\/posts"}],"about":[{"href":"https:\/\/aconteceunovale.com.br\/portal\/index.php?rest_route=\/wp\/v2\/types\/post"}],"author":[{"embeddable":true,"href":"https:\/\/aconteceunovale.com.br\/portal\/index.php?rest_route=\/wp\/v2\/users\/1"}],"replies":[{"embeddable":true,"href":"https:\/\/aconteceunovale.com.br\/portal\/index.php?rest_route=%2Fwp%2Fv2%2Fcomments&post=97159"}],"version-history":[{"count":0,"href":"https:\/\/aconteceunovale.com.br\/portal\/index.php?rest_route=\/wp\/v2\/posts\/97159\/revisions"}],"wp:featuredmedia":[{"embeddable":true,"href":"https:\/\/aconteceunovale.com.br\/portal\/index.php?rest_route=\/wp\/v2\/media\/97160"}],"wp:attachment":[{"href":"https:\/\/aconteceunovale.com.br\/portal\/index.php?rest_route=%2Fwp%2Fv2%2Fmedia&parent=97159"}],"wp:term":[{"taxonomy":"category","embeddable":true,"href":"https:\/\/aconteceunovale.com.br\/portal\/index.php?rest_route=%2Fwp%2Fv2%2Fcategories&post=97159"},{"taxonomy":"post_tag","embeddable":true,"href":"https:\/\/aconteceunovale.com.br\/portal\/index.php?rest_route=%2Fwp%2Fv2%2Ftags&post=97159"}],"curies":[{"name":"wp","href":"https:\/\/api.w.org\/{rel}","templated":true}]}}