{"id":97146,"date":"2016-09-16T15:01:24","date_gmt":"2016-09-16T18:01:24","guid":{"rendered":"http:\/\/aconteceunovale.com.br\/portal\/?p=97146"},"modified":"2016-09-16T15:01:24","modified_gmt":"2016-09-16T18:01:24","slug":"utramig-democratiza-acesso-ao-ensino-a-distancia-e-leva-ao-youtube-aulas-para-o-enem-2016","status":"publish","type":"post","link":"https:\/\/aconteceunovale.com.br\/portal\/?p=97146","title":{"rendered":"Utramig democratiza acesso ao ensino a dist\u00e2ncia e leva ao Youtube aulas para o Enem 2016"},"content":{"rendered":"<p>Interpreta\u00e7\u00e3o de Texto e Reda\u00e7\u00e3o\u00a0\u00e9 uma das disciplinas mais importantes para quem quer ter sucesso e ser aprovado no\u00a0Exame Nacional do Ensino M\u00e9dio (Enem) 2016. Diante disso, mais um importante refor\u00e7o \u00e9 oferecido pelo Governo de Minas Gerais aos candidatos. A\u00a0Funda\u00e7\u00e3o de Educa\u00e7\u00e3o para o Trabalho de Minas Gerais (Utramig)\u00a0vai oferecer curso gratuito preparat\u00f3rio para a disciplina na reta final do Enem.<\/p>\n<p>Al\u00e9m de 60 vagas abertas para estudantes no curso\u00a0presencial, que ser\u00e1 ministrado entre 19 de setembro e 24 de outubro, nesta \u00e1rea do conhecimento, a Utramig vai levar o ensino a\u00a0dist\u00e2ncia, por meio de um projeto piloto especialmente idealizado para o\u00a0Enem 2016. Aulas da disciplina estar\u00e3o dispon\u00edveis na\u00a0plataforma virtual mais utilizada e conhecida dos jovens atualmente, o\u00a0YouTube.<\/p>\n<p>As aulas telepresenciais e virtuais ser\u00e3o gratuitas para jovens e estudantes de todas as idades, e estar\u00e3o dispon\u00edveis para todo o mundo.\u00a0O ensino exclusivo veiculado pela a plataforma de v\u00eddeos,\u00a0que j\u00e1 tem mais de um bilh\u00e3o de usu\u00e1rios, \u00e9\u00a0uma iniciativa\u00a0realizada pela primeira vez pelo\u00a0Governo de Estado,\u00a0com o objetivo de\u00a0democratizar o acesso ao conhecimento e \u00e0s melhores oportunidades de estudo e mercado de trabalho.<\/p>\n<p>O curso presencial\u00a0est\u00e1 com inscri\u00e7\u00f5es previstas\u00a0at\u00e9 o dia 18 de setembro. J\u00e1 as aulas virtuais, que ser\u00e3o\u00a0gravadas durante o\u00a0pr\u00f3prio curso presencial realizado pela Utramig,\u00a0ser\u00e3o disponibilizadas,\u00a0semanalmente, \u00e0s quartas-feiras,\u00a0<em>online<\/em>,\u00a0pelo Canal YouTube (<a href=\"https:\/\/www.youtube.com\/user\/fundacaoUTRAMIG\" target=\"_blank\">www.youtube.com\/fundacaoutramig<\/a>), at\u00e9 o dia 24 de outubro.<\/p>\n<p>No dia 29 de novembro, \u00e0s 14h, a Utramig vai ministrar a Prova Simulado Final para certifica\u00e7\u00e3o dos estudantes que realizaram o\u00a0curso presencial e tamb\u00e9m aos estudantes que fizeram as aulas virtuais. Em ambas categorias do ensino, os participantes dever\u00e3o atingir 70% das respostas corretas para receberem a certifica\u00e7\u00e3o assinada pelo Governo de Minas Gerais.\u00a0Para ser aprovado, o aluno do curso presencial tamb\u00e9m dever\u00e1 ter comparecido h\u00e1 75% das aulas presenciais.<\/p>\n<p>\u201cO grande segredo para o Enem est\u00e1 na interpreta\u00e7\u00e3o de texto, independentemente da \u00e1rea da disciplina. Se a pessoa entende bem a pergunta, ela pode responder corretamente \u00e0s quest\u00f5es. Com as aulas presencial e virtual os estudantes ter\u00e3o a oportunidade de serem certificados em um curso do Governo do Estado. A certifica\u00e7\u00e3o \u00e9 importante para a pessoa j\u00e1 ter um diferencial no curr\u00edculo para a pontua\u00e7\u00e3o na concorr\u00eancia\u201d, Lindomar Gomes,\u00a0presidente da Utramig.<\/p>\n<p>O curso Reta Final,\u00a0vers\u00e3o presencial,\u00a0ter\u00e1\u00a0dura\u00e7\u00e3o de 18 horas. O\u00a0in\u00edcio das aulas ser\u00e1\u00a0no dia 19 de setembro e ser\u00e1 encerrado no 24 de outubro. As aulas acontecer\u00e3o\u00a0\u00e0s segundas-feiras, das 14h \u00e0s 17h, na Utramig. As matr\u00edculas est\u00e3o abertas at\u00e9 o dia\u00a018 de setembro, das 8h \u00e0s 18h, na Secretaria Escolar da Utramig, na Avenida Afonso Pena\u00a0n\u00ba 3400, Bairro Cruzeiro, em Belo Horizonte. Outras informa\u00e7\u00f5es podem ser acessadas no\u00a0<a href=\"http:\/\/utramig.mg.gov.br\/\" target=\"_blank\">site (www.utramig.mg.gov.br)<\/a>\u00a0da Utramig.<\/p>\n<p>As aulas no YouTube\u00a0v\u00e3o contar com uma did\u00e1tica e linguagem simples e din\u00e2mica, atendendo aos requisitos de ensino \u00e0 dist\u00e2ncia, buscando se\u00a0aproximar do cotidiano\u00a0dos milhares de jovens que v\u00e3o prestar o Enem 2016.<\/p>\n<p>&#8220;O Curso de Interpreta\u00e7\u00e3o de Texto e Reda\u00e7\u00e3o para o Enem 2016\u00a0oferece uma oportunidade a todos os estudantes de\u00a0Minas Gerais, e do pa\u00eds. Dessa forma, o Governo do Estado\u00a0utilizar\u00e1 o Youtube como meio de veicula\u00e7\u00e3o possibilitando o acesso a um n\u00famero ilimitado de estudantes. Atrav\u00e9s desse projeto piloto,\u00a0o Governo de Minas Gerais acompanha os avan\u00e7os tecnol\u00f3gicos do mundo, se aproxima dos portais online que s\u00e3o populares entre os jovens e oferece certifica\u00e7\u00e3o na\u00a0conclus\u00e3o\u201d, observa a especialista em Pol\u00edticas P\u00fablicas, professora universit\u00e1ria e coordenadora do projeto da Utramig, Gabriela Xavier.<\/p>\n<p>Confira a seguir as informa\u00e7\u00f5es sobre o exame nacional e as principais finalidades de pontua\u00e7\u00e3o, como estudos em universidades, bolsas e no mercado de trabalho.<\/p>\n<p><img decoding=\"async\" src=\"http:\/\/aconteceunovale.com.br\/portal\/wp-content\/uploads\/2016\/09\/enem_utramig.jpg\" alt=\"\" \/><em>Aulas presenciais de Interpreta\u00e7\u00e3o de Texto e Reda\u00e7\u00e3o ser\u00e3o disponibilizadas no Canal do TouTube em uma iniciativa pioneira (Foto: Divulga\u00e7\u00e3o \/ Gabriela Xavier \/ Utramig)<\/em><br \/>\n<\/br><\/p>\n<p><strong>Enem 2016<\/strong><\/p>\n<p>O Exame Nacional do Ensino M\u00e9dio (Enem) 2016, nos dias 5 e 6 de novembro, ir\u00e1 contar com cerca de 8 milh\u00f5es de estudantes participantes das provas do Enem 2016,\u00a0aplicados munic\u00edpios de todo o Brasil. As inscri\u00e7\u00f5es para o exame encerram em maio.<\/p>\n<p>A prova ter\u00e1 180 quest\u00f5es de m\u00faltipla escolha e uma prova de reda\u00e7\u00e3o, de car\u00e1ter dissertativo-argumentativo. As quest\u00f5es ser\u00e3o divididas em igual n\u00famero entre quatro \u00e1reas de conhecimento: Ci\u00eancias Humanas e suas Tecnologias; Ci\u00eancias da Natureza e suas Tecnologias; Linguagens, C\u00f3digos e suas Tecnologias; e Matem\u00e1tica e suas Tecnologias.<\/p>\n<p>Os gabaritos oficiais das quest\u00f5es objetivas ser\u00e3o divulgados pelo Inep at\u00e9 o dia 9 de novembro. Os resultados ainda n\u00e3o t\u00eam data marcada para serem apresentados. <\/p>\n<p><strong>Para que serve o Enem?<\/strong><\/p>\n<p><strong>Sele\u00e7\u00e3o para universidades<\/strong><\/p>\n<p>&#8211; As notas s\u00e3o usadas para selecionar alunos para as vagas em universidades federais e outras institui\u00e7\u00f5es de ensino;<\/p>\n<p>&#8211; As universidades podem usar o Enem como \u00fanico m\u00e9todo de sele\u00e7\u00e3o, pelo Sistema de Sele\u00e7\u00e3o Unificada (Sisu) ou fazer uma combina\u00e7\u00e3o entre as notas do Enem e seu vestibular pr\u00f3prio;<\/p>\n<p>&#8211; Programa Universidade Para Todos (Prouni);<\/p>\n<p>&#8211; Para disputar uma bolsa de estudos do Prouni o candidato precisa ter obtido nota m\u00ednima de 450 pontos no Enem e n\u00e3o pode ter zerado a reda\u00e7\u00e3o.<\/p>\n<p><strong>Financiamento Estudantil (Fies)<\/strong><\/p>\n<p>Estudantes que conclu\u00edram o ensino m\u00e9dio a partir de 2010 e querem solicitar o Fies devem ter feito o Enem. A partir deste ano, o candidato precisa ter obtido 450 pontos no exame nacional e n\u00e3o pode ter zerado a reda\u00e7\u00e3o.<\/p>\n<p>Pelo Fies \u00e9 poss\u00edvel financiar os cursos de gradua\u00e7\u00e3o bem avaliados junto ao MEC. A taxa de juros \u00e9 de 3,4% ao ano para todos os cursos. Ele pode ser solicitado pelo estudante em qualquer etapa do curso e em qualquer m\u00eas.<\/p>\n<p><strong>Sele\u00e7\u00e3o para ensino t\u00e9cnico (Sisutec)<\/strong><\/p>\n<p>Quem estiver interessado em uma vaga gratuita de cursos t\u00e9cnicos oferecidos em institui\u00e7\u00f5es p\u00fablicas e privadas pelo Sisutec dever\u00e1 ter feito as provas do Enem.<\/p>\n<p><strong>Ensino m\u00e9dio<\/strong><\/p>\n<p>Quem tem no m\u00ednimo 18 anos e n\u00e3o concluiu o ensino m\u00e9dio pode conseguir a certifica\u00e7\u00e3o por meio do Enem. A pontua\u00e7\u00e3o m\u00ednima \u00e9 450 pontos em cada uma das \u00e1reas de conhecimento e 500 pontos na reda\u00e7\u00e3o.<\/p>\n<p>(Ag\u00eancia Minas)<\/p>\n","protected":false},"excerpt":{"rendered":"<p>Interpreta\u00e7\u00e3o de Texto e Reda\u00e7\u00e3o\u00a0\u00e9 uma das disciplinas mais importantes para quem quer ter sucesso e ser aprovado no\u00a0Exame Nacional do Ensino M\u00e9dio (Enem) 2016. Diante disso, mais um importante refor\u00e7o \u00e9 oferecido pelo Governo de Minas Gerais aos candidatos. A\u00a0Funda\u00e7\u00e3o de Educa\u00e7\u00e3o para o Trabalho de Minas Gerais (Utramig)\u00a0vai oferecer curso gratuito preparat\u00f3rio para [&hellip;]<\/p>\n","protected":false},"author":1,"featured_media":97148,"comment_status":"open","ping_status":"closed","sticky":false,"template":"","format":"standard","meta":{"amp_status":"","footnotes":""},"categories":[40238,123],"tags":[115670,115672,115671,88584,19776,111119,115673,115674,59621,115669,52286],"class_list":["post-97146","post","type-post","status-publish","format-standard","has-post-thumbnail","hentry","category-educacao-2","category-gerais","tag-aulas-para-o-enem-2016","tag-aulas-para-o-enem-2016-no-youtube","tag-aulas-para-o-enem-2016-utramig","tag-enem-2016","tag-exame-nacional-do-ensino-medio","tag-fundacao-de-educacao-para-o-trabalho-de-minas-gerais","tag-lindomar-gomes","tag-presidente-da-utramig","tag-utramig","tag-utramig-democratiza-acesso-ao-ensino-a-distancia-e-leva-ao-youtube-aulas-para-o-enem-2016","tag-youtube"],"_links":{"self":[{"href":"https:\/\/aconteceunovale.com.br\/portal\/index.php?rest_route=\/wp\/v2\/posts\/97146","targetHints":{"allow":["GET"]}}],"collection":[{"href":"https:\/\/aconteceunovale.com.br\/portal\/index.php?rest_route=\/wp\/v2\/posts"}],"about":[{"href":"https:\/\/aconteceunovale.com.br\/portal\/index.php?rest_route=\/wp\/v2\/types\/post"}],"author":[{"embeddable":true,"href":"https:\/\/aconteceunovale.com.br\/portal\/index.php?rest_route=\/wp\/v2\/users\/1"}],"replies":[{"embeddable":true,"href":"https:\/\/aconteceunovale.com.br\/portal\/index.php?rest_route=%2Fwp%2Fv2%2Fcomments&post=97146"}],"version-history":[{"count":0,"href":"https:\/\/aconteceunovale.com.br\/portal\/index.php?rest_route=\/wp\/v2\/posts\/97146\/revisions"}],"wp:featuredmedia":[{"embeddable":true,"href":"https:\/\/aconteceunovale.com.br\/portal\/index.php?rest_route=\/wp\/v2\/media\/97148"}],"wp:attachment":[{"href":"https:\/\/aconteceunovale.com.br\/portal\/index.php?rest_route=%2Fwp%2Fv2%2Fmedia&parent=97146"}],"wp:term":[{"taxonomy":"category","embeddable":true,"href":"https:\/\/aconteceunovale.com.br\/portal\/index.php?rest_route=%2Fwp%2Fv2%2Fcategories&post=97146"},{"taxonomy":"post_tag","embeddable":true,"href":"https:\/\/aconteceunovale.com.br\/portal\/index.php?rest_route=%2Fwp%2Fv2%2Ftags&post=97146"}],"curies":[{"name":"wp","href":"https:\/\/api.w.org\/{rel}","templated":true}]}}