{"id":97139,"date":"2016-09-16T14:46:35","date_gmt":"2016-09-16T17:46:35","guid":{"rendered":"http:\/\/aconteceunovale.com.br\/portal\/?p=97139"},"modified":"2016-09-16T14:46:35","modified_gmt":"2016-09-16T17:46:35","slug":"vazio-sanitario-do-feijao-e-do-algodao-em-minas-gerais-comeca-dia-20-de-setembro","status":"publish","type":"post","link":"https:\/\/aconteceunovale.com.br\/portal\/?p=97139","title":{"rendered":"Vazio sanit\u00e1rio do feij\u00e3o e do algod\u00e3o em Minas Gerais come\u00e7a dia 20 de setembro"},"content":{"rendered":"<p>Come\u00e7a na pr\u00f3xima ter\u00e7a-feira (20\/9) o per\u00edodo do vazio sanit\u00e1rio do feij\u00e3o e do algod\u00e3o nas lavouras mineiras. A iniciativa \u00e9 do Instituto Mineiro de Agropecu\u00e1ria (IMA) e tem o objetivo de prevenir e erradicar nas planta\u00e7\u00f5es mineiras a ocorr\u00eancia das pragas do bicudo do algodoeiro, no caso do algod\u00e3o, e do mosaico dourado, no caso do feij\u00e3o.<\/p>\n<p>As duas pragas t\u00eam potencial para causar preju\u00edzos nas planta\u00e7\u00f5es. No caso do algod\u00e3o a praga pode at\u00e9 mesmo inviabilizar o cultivo numa regi\u00e3o inteira. No feij\u00e3o o mosaico dourado causa perdas na produ\u00e7\u00e3o e produtividade das lavouras. Para este ano o IMA estima realizar 170 fiscaliza\u00e7\u00f5es nas lavouras das duas culturas. <\/p>\n<p>O vazio sanit\u00e1rio do feij\u00e3o foi estabelecido inicialmente pela Portaria do IMA 1308\/2013,  atualizada posteriormente pela 1537\/2015. Essa atualiza\u00e7\u00e3o foi feita de forma que o vazio fosse realizado na mesma \u00e9poca em Minas Gerais, Distrito Federal e Goi\u00e1s. O vazio sanit\u00e1rio para o feij\u00e3o dura 30 dias com in\u00edcio em 20 de setembro e prosseguindo at\u00e9 20 de outubro.<\/p>\n<p>\u00c9 realizado somente na regi\u00e3o Noroeste de Minas, nos munic\u00edpios de Arinos, Bonfin\u00f3polis de Minas, Brasil\u00e2ndia de Minas, Buritis, Cabeceira Grande, Chapada Ga\u00facha, Dom Bosco, Formoso, Guarda-Mor, Jo\u00e3o Pinheiro, Lagoa Grande, Natal\u00e2ndia, Paracatu, Riachinho, Una\u00ed, Uruana de Minas, Urucuia e Vazante.<\/p>\n<p>A decis\u00e3o de estabelecer o vazio para essa regi\u00e3o \u00e9 da C\u00e2mara T\u00e9cnica de Defesa Agropecu\u00e1ria da Secretaria de Estado de Agricultura, Pecu\u00e1ria e Abastecimento (Seapa) e atende \u00e0 reivindica\u00e7\u00e3o dos produtores locais. Isso porque a regi\u00e3o \u00e9 um importante polo produtor e os agricultores querem prevenir-se contra a presen\u00e7a da praga do mosaico dourado.<\/p>\n<p>J\u00e1 o vazio sanit\u00e1rio do algod\u00e3o est\u00e1 estabelecido na Portaria 1429\/2014, que sucedeu a 1019\/2009 , tamb\u00e9m do IMA. Esta Portaria estabelece o per\u00edodo de 60 dias para o vazio, com in\u00edcio em 20 de setembro e prosseguindo at\u00e9 20 de novembro. <\/p>\n<p><strong>Cultivo<\/strong><\/p>\n<p>Nos dois casos, durante o per\u00edodo do vazio sanit\u00e1rio os produtores ficam proibidos de cultivar as duas culturas e de manter plantas vivas ou remanescentes de safras anteriores.  Para ambas as culturas o IMA permite durante o vazio o plantio de algumas \u00e1reas para pesquisa e produ\u00e7\u00e3o de sementes gen\u00e9ticas.  Permite tamb\u00e9m o cultivo de sementes b\u00e1sicas, originadas da multiplica\u00e7\u00e3o de sementes gen\u00e9ticas.<\/p>\n<p>O gerente de Defesa Vegetal do IMA engenheiro agr\u00f4nomo Nataniel Diniz Nogueira explica que durante o vazio sanit\u00e1rio as  propriedades rurais cadastradas no IMA ficam sob vigil\u00e2ncia dos fiscais do Instituto.  Caso sejam detectados quaisquer tipos de inconformidades durante as fiscaliza\u00e7\u00f5es realizadas pelo IMA,  o produtor ser\u00e1 notificado e ter\u00e1 um prazo m\u00e1ximo de dez dias para erradicar as plantas presentes na propriedade. <\/p>\n<p>\u201cAs fiscaliza\u00e7\u00f5es realizadas pelo IMA representam a garantia de que os produtores rurais est\u00e3o  cumprindo o vazio sanit\u00e1rio para essas duas culturas\u201d, diz Nogueira.  O gerente lembra que os produtores que n\u00e3o regularizarem sua situa\u00e7\u00e3o ap\u00f3s a notifica\u00e7\u00e3o estar\u00e3o sujeitos a multa que poder\u00e1 chegar a 1.500 Unidades Fiscais do Estado de Minas Gerais (Ufemgs) , o equivalente a   cerca de R$ 4.516,35.<\/p>\n<p><strong>Benef\u00edcios<\/strong><\/p>\n<p>\u201cO cumprimento do per\u00edodo do vazio traz  benef\u00edcios para os produtores, com a redu\u00e7\u00e3o dos ataques das pragas e diminui\u00e7\u00e3o da quantidade de agrot\u00f3xicos utilizados para fazer o controle das mesmas. Esse procedimento contribui para o aumento da renda dos produtores\u201d, argumenta Nogueira.<\/p>\n<p>O gerente do IMA pondera tamb\u00e9m que  a redu\u00e7\u00e3o do uso de agrot\u00f3xicos \u00e9 um benef\u00edcio esperado. \u201cAcreditamos que houve redu\u00e7\u00e3o estimada de 20% na quantidade de agrot\u00f3xicos utilizada nessas duas culturas\u201d, disse.<\/p>\n<p>O IMA j\u00e1 realizou at\u00e9 hoje 439 fiscaliza\u00e7\u00f5es dentro do vazio sanit\u00e1rio em planta\u00e7\u00f5es de feij\u00e3o de todo o territ\u00f3rio mineiro. No caso do algod\u00e3o foram 170 fiscaliza\u00e7\u00f5es.  O n\u00famero de notifica\u00e7\u00f5es  de produtores que descumpriram as normas do vazio sanit\u00e1rio para o feij\u00e3o foi de 13 desde 2010 e de 57 para o algod\u00e3o desde 2013.<\/p>\n<p>Entretanto, como os produtores t\u00eam um prazo de 10 dias para regularizar sua situa\u00e7\u00e3o ap\u00f3s a notifica\u00e7\u00e3o, exterminando as plantas, o n\u00famero final de autua\u00e7\u00f5es caiu para uma de feij\u00e3o e nenhuma para o algod\u00e3o.<\/p>\n<p>O diretor-geral do IMA Marc\u00edlio de Sousa Magalh\u00e3es  ressalta que o baixo n\u00famero final de autua\u00e7\u00f5es indica o compromisso dos produtores mineiros com o cumprimento das regras do vazio.<\/p>\n<p>\u201cS\u00e3o indicadores positivos e que garantem a qualidade  dos produtos destas duas culturas. Com isso, os produtores garantem sua participa\u00e7\u00e3o no mercado, principalmente no caso do feij\u00e3o, cuja produ\u00e7\u00e3o mineira \u00e9 a segunda maior do pa\u00eds\u201d, pondera. Magalh\u00e3es ressalta ainda que \u201co respeito ao vazio sanit\u00e1rio pelos produtores representa um ato de cidadania, uma vez que esta pr\u00e1tica contribui enormemente para garantir o status fitossanit\u00e1rio do estado e do pa\u00eds\u201d.<\/p>\n<p>De acordo com informa\u00e7\u00f5es da Secretaria de Estado de Agricultura, Pecu\u00e1ria e Abastecimento (Seapa), com base nos dados fornecidos pelo Instituto Brasileiro de Geografia e Estat\u00edstica (IBGE) de agosto de 2016, Minas Gerais ocupa o segundo lugar no ranking nacional na produ\u00e7\u00e3o de feij\u00e3o, com 518,4 mil toneladas por ano, o que representa 18,3% da produ\u00e7\u00e3o nacional. J\u00e1 no caso do algod\u00e3o o estado est\u00e1 na sexta posi\u00e7\u00e3o nacional, com produ\u00e7\u00e3o de 66,7 mil toneladas.<\/p>\n<p><img decoding=\"async\" src=\"http:\/\/aconteceunovale.com.br\/portal\/wp-content\/uploads\/2016\/09\/algodao.jpg\" alt=\"\" \/><em>O vazio sanit\u00e1rio do algod\u00e3o estabelece o per\u00edodo de 60 dias (Divulga\u00e7\u00e3o\/IMA)<\/em><br \/>\n<\/br><\/p>\n<p>(Ag\u00eancia Minas)<\/p>\n","protected":false},"excerpt":{"rendered":"<p>Come\u00e7a na pr\u00f3xima ter\u00e7a-feira (20\/9) o per\u00edodo do vazio sanit\u00e1rio do feij\u00e3o e do algod\u00e3o nas lavouras mineiras. A iniciativa \u00e9 do Instituto Mineiro de Agropecu\u00e1ria (IMA) e tem o objetivo de prevenir e erradicar nas planta\u00e7\u00f5es mineiras a ocorr\u00eancia das pragas do bicudo do algodoeiro, no caso do algod\u00e3o, e do mosaico dourado, no [&hellip;]<\/p>\n","protected":false},"author":1,"featured_media":97140,"comment_status":"open","ping_status":"closed","sticky":false,"template":"","format":"standard","meta":{"amp_status":"","footnotes":""},"categories":[123],"tags":[253,115655,1537,1488,1795,3685,3057,1018,1802,334,59738,20955,115653,20954,1538,15519,115654,57159,212,115652,1797,222,5260,1813,1539,77003,115650,77004,115649,115648,115651],"class_list":["post-97139","post","type-post","status-publish","format-standard","has-post-thumbnail","hentry","category-gerais","tag-arinos","tag-bicudo-do-algodoeiro","tag-bonfinopolis-de-minas","tag-brasilandia-de-minas","tag-buritis","tag-cabeceira-grande","tag-chapada-gaucha","tag-destaque","tag-dom-bosco","tag-formoso","tag-guarda-mor","tag-ima","tag-iniciativa-tem-o-objetivo-de-prevenir-as-lavouras-contra-as-pragas-do-mosaico-dourado-e-bicudo-do-algodoeiro","tag-instituto-mineiro-de-agropecuaria","tag-joao-pinheiro","tag-lagoa-grande","tag-mosaico-dourado","tag-natalandia","tag-paracatu","tag-periodo-do-vazio-sanitario-do-feijao-e-do-algodao-nas-lavouras-mineiras","tag-riachinho","tag-unai","tag-uruana-de-minas","tag-urucuia","tag-vazante","tag-vazio-sanitario-do-algodao","tag-vazio-sanitario-do-algodao-em-minas-gerais","tag-vazio-sanitario-do-feijao","tag-vazio-sanitario-do-feijao-e-do-algodao-em-minas-gerais","tag-vazio-sanitario-do-feijao-e-do-algodao-em-minas-gerais-comeca-dia-20-de-setembro","tag-vazio-sanitario-do-feijao-em-minas-gerais"],"_links":{"self":[{"href":"https:\/\/aconteceunovale.com.br\/portal\/index.php?rest_route=\/wp\/v2\/posts\/97139","targetHints":{"allow":["GET"]}}],"collection":[{"href":"https:\/\/aconteceunovale.com.br\/portal\/index.php?rest_route=\/wp\/v2\/posts"}],"about":[{"href":"https:\/\/aconteceunovale.com.br\/portal\/index.php?rest_route=\/wp\/v2\/types\/post"}],"author":[{"embeddable":true,"href":"https:\/\/aconteceunovale.com.br\/portal\/index.php?rest_route=\/wp\/v2\/users\/1"}],"replies":[{"embeddable":true,"href":"https:\/\/aconteceunovale.com.br\/portal\/index.php?rest_route=%2Fwp%2Fv2%2Fcomments&post=97139"}],"version-history":[{"count":0,"href":"https:\/\/aconteceunovale.com.br\/portal\/index.php?rest_route=\/wp\/v2\/posts\/97139\/revisions"}],"wp:featuredmedia":[{"embeddable":true,"href":"https:\/\/aconteceunovale.com.br\/portal\/index.php?rest_route=\/wp\/v2\/media\/97140"}],"wp:attachment":[{"href":"https:\/\/aconteceunovale.com.br\/portal\/index.php?rest_route=%2Fwp%2Fv2%2Fmedia&parent=97139"}],"wp:term":[{"taxonomy":"category","embeddable":true,"href":"https:\/\/aconteceunovale.com.br\/portal\/index.php?rest_route=%2Fwp%2Fv2%2Fcategories&post=97139"},{"taxonomy":"post_tag","embeddable":true,"href":"https:\/\/aconteceunovale.com.br\/portal\/index.php?rest_route=%2Fwp%2Fv2%2Ftags&post=97139"}],"curies":[{"name":"wp","href":"https:\/\/api.w.org\/{rel}","templated":true}]}}