{"id":97136,"date":"2016-09-16T14:41:52","date_gmt":"2016-09-16T17:41:52","guid":{"rendered":"http:\/\/aconteceunovale.com.br\/portal\/?p=97136"},"modified":"2016-09-16T14:41:52","modified_gmt":"2016-09-16T17:41:52","slug":"detran-mg-divulga-lista-de-agraciados-do-premio-motorista-e-motociclista-padrao","status":"publish","type":"post","link":"https:\/\/aconteceunovale.com.br\/portal\/?p=97136","title":{"rendered":"Detran-MG divulga lista de agraciados do pr\u00eamio motorista e motociclista padr\u00e3o"},"content":{"rendered":"<p>A Pol\u00edcia Civil, por meio do Departamento de Tr\u00e2nsito de Minas Gerais (Detran-MG), divulgou a lista dos agraciados do 56\u00ba Pr\u00eamio  Motorista e Motociclista Padr\u00e3o Minas Gerais.  A comiss\u00e3o julgadora do concurso selecionou 18 profissionais, entre os 273 inscritos, para serem contemplados. A solenidade ocorrer\u00e1 no dia 22 de setembro, \u00e0s 14h, no audit\u00f3rio da Delegacia Especializada de Acidentes de Ve\u00edculos (DEAV), Rua Sergipe 57, Funcion\u00e1rios\/BH.<\/p>\n<p>A premia\u00e7\u00e3o tem como objetivo homenagear condutores que tenham se destacado por boas pr\u00e1ticas e bons exemplos na dire\u00e7\u00e3o dos ve\u00edculos e, assim, valorizar e incentivar o condutor que demonstra atitudes cidad\u00e3s no dia a dia no tr\u00e2nsito, de forma respons\u00e1vel, solid\u00e1ria e comprometida com a seguran\u00e7a vi\u00e1ria.<\/p>\n<p>Para a sele\u00e7\u00e3o dos agraciados, a comiss\u00e3o julgadora levou em considera\u00e7\u00e3o o somat\u00f3rio de tempo de servi\u00e7o, o comportamento profissional e participa\u00e7\u00e3o em cursos, semin\u00e1rios e palestras, de acordo com a descri\u00e7\u00e3o do regulamento do concurso.<\/p>\n<p>Os primeiros e segundos lugares das oito categorias do concurso ser\u00e3o homenageados e agraciados com trof\u00e9u, medalhas e certifica\u00e7\u00f5es no dia do evento. A comiss\u00e3o julgadora tamb\u00e9m indicou dois condutores para receber men\u00e7\u00e3o honrosa por destacarem-se como exemplo dos servi\u00e7os prestados a sociedade na busca por um tr\u00e2nsito mais seguro.<\/p>\n<p><img decoding=\"async\" src=\"http:\/\/aconteceunovale.com.br\/portal\/wp-content\/uploads\/2016\/09\/motorista_padrao.png\" alt=\"\" \/><br \/>\n<\/br><\/p>\n<p>(Ag\u00eancia Minas)<\/p>\n","protected":false},"excerpt":{"rendered":"<p>A Pol\u00edcia Civil, por meio do Departamento de Tr\u00e2nsito de Minas Gerais (Detran-MG), divulgou a lista dos agraciados do 56\u00ba Pr\u00eamio Motorista e Motociclista Padr\u00e3o Minas Gerais. A comiss\u00e3o julgadora do concurso selecionou 18 profissionais, entre os 273 inscritos, para serem contemplados. A solenidade ocorrer\u00e1 no dia 22 de setembro, \u00e0s 14h, no audit\u00f3rio da [&hellip;]<\/p>\n","protected":false},"author":1,"featured_media":97137,"comment_status":"open","ping_status":"closed","sticky":false,"template":"","format":"standard","meta":{"amp_status":"","footnotes":""},"categories":[123],"tags":[115647,115645,1243,115641,115646,115644,115642,115643],"class_list":["post-97136","post","type-post","status-publish","format-standard","has-post-thumbnail","hentry","category-gerais","tag-56o-premio-motorista-e-motociclista-padrao-minas-gerais","tag-agraciados-do-premio-motorista-e-motociclista-padrao","tag-detran-mg","tag-detran-mg-divulga-lista-de-agraciados-do-premio-motorista-e-motociclista-padrao","tag-lista-de-agraciados-do-premio-motorista-e-motociclista-padrao","tag-premio-motociclista-padrao","tag-premio-motorista-e-motociclista-padrao","tag-premio-motorista-padrao"],"_links":{"self":[{"href":"https:\/\/aconteceunovale.com.br\/portal\/index.php?rest_route=\/wp\/v2\/posts\/97136","targetHints":{"allow":["GET"]}}],"collection":[{"href":"https:\/\/aconteceunovale.com.br\/portal\/index.php?rest_route=\/wp\/v2\/posts"}],"about":[{"href":"https:\/\/aconteceunovale.com.br\/portal\/index.php?rest_route=\/wp\/v2\/types\/post"}],"author":[{"embeddable":true,"href":"https:\/\/aconteceunovale.com.br\/portal\/index.php?rest_route=\/wp\/v2\/users\/1"}],"replies":[{"embeddable":true,"href":"https:\/\/aconteceunovale.com.br\/portal\/index.php?rest_route=%2Fwp%2Fv2%2Fcomments&post=97136"}],"version-history":[{"count":0,"href":"https:\/\/aconteceunovale.com.br\/portal\/index.php?rest_route=\/wp\/v2\/posts\/97136\/revisions"}],"wp:featuredmedia":[{"embeddable":true,"href":"https:\/\/aconteceunovale.com.br\/portal\/index.php?rest_route=\/wp\/v2\/media\/97137"}],"wp:attachment":[{"href":"https:\/\/aconteceunovale.com.br\/portal\/index.php?rest_route=%2Fwp%2Fv2%2Fmedia&parent=97136"}],"wp:term":[{"taxonomy":"category","embeddable":true,"href":"https:\/\/aconteceunovale.com.br\/portal\/index.php?rest_route=%2Fwp%2Fv2%2Fcategories&post=97136"},{"taxonomy":"post_tag","embeddable":true,"href":"https:\/\/aconteceunovale.com.br\/portal\/index.php?rest_route=%2Fwp%2Fv2%2Ftags&post=97136"}],"curies":[{"name":"wp","href":"https:\/\/api.w.org\/{rel}","templated":true}]}}