{"id":97133,"date":"2016-09-16T14:33:46","date_gmt":"2016-09-16T17:33:46","guid":{"rendered":"http:\/\/aconteceunovale.com.br\/portal\/?p=97133"},"modified":"2016-09-16T14:33:46","modified_gmt":"2016-09-16T17:33:46","slug":"estado-aponta-solucoes-para-residuos-solidos-urbanos-na-regiao-de-januaria","status":"publish","type":"post","link":"https:\/\/aconteceunovale.com.br\/portal\/?p=97133","title":{"rendered":"Estado aponta solu\u00e7\u00f5es para res\u00edduos s\u00f3lidos urbanos na regi\u00e3o de Janu\u00e1ria"},"content":{"rendered":"<p>O Governo de Minas Gerais, por meio da Secretaria de Cidades e de Integra\u00e7\u00e3o Regional (Secir) concluiu estudo que aponta as estrat\u00e9gias economicamente vi\u00e1veis para o tratamento integrado de res\u00edduos s\u00f3lidos nos 15 munic\u00edpios que integram o Cons\u00f3rcio Intermunicipal de Desenvolvimento Socioecon\u00f4mico da Microrregi\u00e3o do Alto M\u00e9dio S\u00e3o Francisco (Ciamesf).<\/p>\n<p>O \u201cEstudo de Concep\u00e7\u00e3o de Servi\u00e7os de Infraestrutura de Sistemas Integrados de Destina\u00e7\u00e3o Final de Res\u00edduos S\u00f3lidos Urbanos\u201d foi entregue, nesta quinta-feira (15\/9), aos prefeitos que puderam conhecer melhor cada uma das alternativas propostas, a partir de levantamentos de viabilidade t\u00e9cnica, econ\u00f4mica, social e ambiental, realizados na regi\u00e3o.<\/p>\n<p>\u201cForam apresentadas quatro alternativas para a destina\u00e7\u00e3o do lixo, a partir da an\u00e1lise de  fatores como o tipo de lixo gerado, a dist\u00e2ncia a ser percorrida, a log\u00edstica necess\u00e1ria para realizar o transbordo, e, ainda, o custo da tonelada do lixo. Resta agora ao Cons\u00f3rcio avaliar se a solu\u00e7\u00e3o apontada pelo estudo \u00e9 mesmo a mais adequada para as localidades consorciadas \u201d, afirmou a secret\u00e1ria adjunta da Secretaria de Cidades, Izabel Chiodi.<\/p>\n<p>Para o presidente do Ciamesf, prefeito de Itacarambi, Ramon Campos Cardoso, com o estudo em m\u00e3os, ser\u00e1 poss\u00edvel identificar a op\u00e7\u00e3o mais econ\u00f4mica, reduzindo os custos finais tanto para os munic\u00edpios, individualmente, como para o Cons\u00f3rcio.<\/p>\n<p>\u201cAgradecemos o empenho do Governo de Minas Gerais em concluir este estudo iniciado, ainda em 2009, que vai nos permitir solucionar um problema que tanto aflige a regi\u00e3o, com um custo menor para a prefeitura e para a popula\u00e7\u00e3o\u201d, disse.<\/p>\n<p><strong>Pr\u00f3xima etapa<\/strong><\/p>\n<p>Definida a melhor solu\u00e7\u00e3o pelo Cons\u00f3rcio, ser\u00e1 realizado, sob a coordena\u00e7\u00e3o da Secretaria de Cidades, um Estudo de Campo, que vai avaliar se a \u00e1rea escolhida est\u00e1 apta a receber o projeto.<\/p>\n<p>Ser\u00e3o feitas sondagens relativas aos len\u00e7\u00f3is de \u00e1gua ou mananciais de superf\u00edcie, \u00e1reas de preserva\u00e7\u00e3o e florestas que existam nas proximidades das \u00e1reas propostas e que impe\u00e7am a implanta\u00e7\u00e3o do aterro sanit\u00e1rio para a destina\u00e7\u00e3o final do lixo e dos efluentes gerados. Em seguida ser\u00e1 feita nova licita\u00e7\u00e3o para a contrata\u00e7\u00e3o do projeto b\u00e1sico, or\u00e7amentos e especifica\u00e7\u00f5es, at\u00e9 a elabora\u00e7\u00e3o do projeto executivo.<\/p>\n<p><strong>Ciamesf<\/strong><\/p>\n<p>Integram o Ciamesf os munic\u00edpios de Bras\u00edlia de Minas, Bonito de Minas, C\u00f4nego Marinho, Icara\u00ed de Minas, Itacarambi, Luisl\u00e2ndia, Janu\u00e1ria, Juven\u00edlia, Manga, Mirav\u00e2nia, Montalv\u00e2nia, Pedras de Maria da Cruz, S\u00e3o Francisco, S\u00e3o Jo\u00e3o das Miss\u00f5es e Uba\u00ed.<\/p>\n<p><img decoding=\"async\" src=\"http:\/\/aconteceunovale.com.br\/portal\/wp-content\/uploads\/2016\/09\/residuos_januaria.jpg\" alt=\"\" \/><em>Estudo foi apresentado aos munic\u00edpios que integram o Ciamesf (Divulga\u00e7\u00e3o\/Secir)<\/em><br \/>\n<\/br><\/p>\n<p>(Ag\u00eancia Minas)<\/p>\n","protected":false},"excerpt":{"rendered":"<p>O Governo de Minas Gerais, por meio da Secretaria de Cidades e de Integra\u00e7\u00e3o Regional (Secir) concluiu estudo que aponta as estrat\u00e9gias economicamente vi\u00e1veis para o tratamento integrado de res\u00edduos s\u00f3lidos nos 15 munic\u00edpios que integram o Cons\u00f3rcio Intermunicipal de Desenvolvimento Socioecon\u00f4mico da Microrregi\u00e3o do Alto M\u00e9dio S\u00e3o Francisco (Ciamesf). O \u201cEstudo de Concep\u00e7\u00e3o de [&hellip;]<\/p>\n","protected":false},"author":1,"featured_media":97134,"comment_status":"open","ping_status":"closed","sticky":false,"template":"","format":"standard","meta":{"amp_status":"","footnotes":""},"categories":[1236],"tags":[1799,195,115633,3055,115632,115640,115634,51191,1803,1705,115636,205,1706,1707,1356,3056,1709,3723,115638,115637,115639,1522,1810,115631,115635,115630,1712],"class_list":["post-97133","post","type-post","status-publish","format-standard","has-post-thumbnail","hentry","category-norte_de_minas","tag-bonito-de-minas","tag-brasilia-de-minas","tag-ciamesf","tag-conego-marinho","tag-consorcio-intermunicipal-de-desenvolvimento-socioeconomico-da-microrregiao-do-alto-medio-sao-francisco","tag-estado-aponta-solucoes-para-residuos-solidos-urbanos-na-regiao-de-januaria","tag-estudo-de-concepcao-de-servicos-de-infraestrutura-de-sistemas-integrados-de-destinacao-final-de-residuos-solidos-urbanos","tag-governo-de-minas-gerais","tag-icarai-de-minas","tag-itacarambi","tag-izabel-chiodi","tag-januaria","tag-juvenilia","tag-luislandia","tag-manga","tag-miravania","tag-montalvania","tag-pedras-de-maria-da-cruz","tag-prefeito-de-itacarambi","tag-presidente-do-ciamesf","tag-ramon-campos-cardoso","tag-sao-francisco","tag-sao-joao-das-missoes","tag-secir","tag-secretaria-de-cidades","tag-secretaria-de-cidades-e-de-integracao-regional","tag-ubai"],"_links":{"self":[{"href":"https:\/\/aconteceunovale.com.br\/portal\/index.php?rest_route=\/wp\/v2\/posts\/97133","targetHints":{"allow":["GET"]}}],"collection":[{"href":"https:\/\/aconteceunovale.com.br\/portal\/index.php?rest_route=\/wp\/v2\/posts"}],"about":[{"href":"https:\/\/aconteceunovale.com.br\/portal\/index.php?rest_route=\/wp\/v2\/types\/post"}],"author":[{"embeddable":true,"href":"https:\/\/aconteceunovale.com.br\/portal\/index.php?rest_route=\/wp\/v2\/users\/1"}],"replies":[{"embeddable":true,"href":"https:\/\/aconteceunovale.com.br\/portal\/index.php?rest_route=%2Fwp%2Fv2%2Fcomments&post=97133"}],"version-history":[{"count":0,"href":"https:\/\/aconteceunovale.com.br\/portal\/index.php?rest_route=\/wp\/v2\/posts\/97133\/revisions"}],"wp:featuredmedia":[{"embeddable":true,"href":"https:\/\/aconteceunovale.com.br\/portal\/index.php?rest_route=\/wp\/v2\/media\/97134"}],"wp:attachment":[{"href":"https:\/\/aconteceunovale.com.br\/portal\/index.php?rest_route=%2Fwp%2Fv2%2Fmedia&parent=97133"}],"wp:term":[{"taxonomy":"category","embeddable":true,"href":"https:\/\/aconteceunovale.com.br\/portal\/index.php?rest_route=%2Fwp%2Fv2%2Fcategories&post=97133"},{"taxonomy":"post_tag","embeddable":true,"href":"https:\/\/aconteceunovale.com.br\/portal\/index.php?rest_route=%2Fwp%2Fv2%2Ftags&post=97133"}],"curies":[{"name":"wp","href":"https:\/\/api.w.org\/{rel}","templated":true}]}}