{"id":97131,"date":"2016-09-16T14:28:29","date_gmt":"2016-09-16T17:28:29","guid":{"rendered":"http:\/\/aconteceunovale.com.br\/portal\/?p=97131"},"modified":"2016-09-16T14:39:32","modified_gmt":"2016-09-16T17:39:32","slug":"governo-ouve-populacao-para-construir-novas-escolas-tecnicas-em-minas-gerais-2","status":"publish","type":"post","link":"https:\/\/aconteceunovale.com.br\/portal\/?p=97131","title":{"rendered":"Governo ouve popula\u00e7\u00e3o para construir novas escolas t\u00e9cnicas em Minas Gerais"},"content":{"rendered":"<p>Uma educa\u00e7\u00e3o voltada para o povo mineiro. \u00c9 com este prop\u00f3sito que est\u00e3o sendo constru\u00eddas as escolas t\u00e9cnicas do programa Brasil Profissionalizado em Minas Gerais. Nos \u00faltimos meses, a Secretaria Desenvolvimento Econ\u00f4mico, Ci\u00eancia, Tecnologia e Ensino Superior (Sedectes) promoveu consultas p\u00fablicas para definir os eixos tem\u00e1ticos e cursos que v\u00e3o ser oferecidos em seis das 13 unidades educacionais que est\u00e3o sendo edificadas no territ\u00f3rio mineiro.<\/p>\n<p>As consultas p\u00fablicas t\u00eam demonstrado ser um instrumento de participa\u00e7\u00e3o popular muito eficiente, j\u00e1 que, por meio delas, a popula\u00e7\u00e3o tem a oportunidade de opinar e conhecer em detalhes o projeto das escolas.<\/p>\n<p>Ao ouvir o cidad\u00e3o mineiro, o Estado quer ofertar cursos de acordo com as caracter\u00edsticas e necessidades de cada regi\u00e3o. \u201cOs dados recolhidos in loco ajudam a dar uma ideia melhor de qual \u00e9 a real vontade da popula\u00e7\u00e3o\u201d, destaca o subsecret\u00e1rio de Ensino Superior da Sedectes, M\u00e1rcio Portes.<\/p>\n<p>O Governo de Minas Gerais entende que uma conversa direta com a popula\u00e7\u00e3o \u00e9 de grande import\u00e2ncia, \u00e0 medida que as pesquisas baseadas somente em dados secund\u00e1rios \u2013 do Minist\u00e9rio da Educa\u00e7\u00e3o (MEC) e do Instituto de Desenvolvimento Integrado de Minas Gerais (Indi), por exemplo \u2013 s\u00e3o limitadas e nem sempre conseguem representar os interesses do povo mineiro. \u201cColocamos as sugest\u00f5es. Algumas foram acatadas e outras prefer\u00eancias foram sugeridas\u201d, conta M\u00e1rcio Portes.<\/p>\n<p>\u201cExiste uma diferen\u00e7a entre se escolher cursos a partir de dados econ\u00f4micos e sociais de uma regi\u00e3o e realizar uma coleta de informa\u00e7\u00f5es direta com a popula\u00e7\u00e3o\u201d, complementa o subsecret\u00e1rio. As seis unidades est\u00e3o com as obras avan\u00e7adas e com previs\u00e3o de serem inauguradas em 2017 nos munic\u00edpios de Lagoa Santa, Bocaiuva, Ibirit\u00e9, Manga, Bras\u00edlia de Minas e Pompeu.<\/p>\n<p>No total, o Brasil Profissionalizado vai ofertar cursos t\u00e9cnicos para aproximadamente 1,2 mil alunos em cada unidade. As cidades de Una\u00ed, Gr\u00e3o Mogol, Espinosa, Jana\u00faba, Monte Azul, Taiobeiras e Joa\u00edma tamb\u00e9m v\u00e3o receber escolas t\u00e9cnicas do Brasil Profissionalizado.<\/p>\n<p><img decoding=\"async\" src=\"http:\/\/aconteceunovale.com.br\/portal\/wp-content\/uploads\/2016\/09\/escolas_tecnicas_2.jpg\" alt=\"\" \/><img decoding=\"async\" src=\"http:\/\/aconteceunovale.com.br\/portal\/wp-content\/uploads\/2016\/09\/escolas_tecnicas_1.jpg\" alt=\"\" \/><br \/>\n<\/br><\/p>\n<p><strong>Participa\u00e7\u00e3o popular<\/strong><\/p>\n<p>M\u00e1rcio Portes participou de todas as consultas p\u00fablicas realizadas at\u00e9 o momento e destaca a grande participa\u00e7\u00e3o popular. \u201cA popula\u00e7\u00e3o local participou em peso. Participei de todas as seis audi\u00eancias. Lembro-me de cada uma delas. Em Ibirit\u00e9, por exemplo, a audi\u00eancia estava lotada. Fizeram fila para falar. Foi uma experi\u00eancia \u00edmpar\u201d, recorda.<\/p>\n<p>Para ele, o envolvimento dos moradores foi imprescind\u00edvel e, com a realiza\u00e7\u00e3o dos cursos e qualifica\u00e7\u00e3o dos profissionais, as cidades se tornaram menos dependentes. \u201cEm Bras\u00edlia de Minas chegam ao ponto de enviar o computador para dar manuten\u00e7\u00e3o em Montes Claros\u201d, exemplifica o subsecret\u00e1rio.<\/p>\n<p>\u201cEsse foi o nosso discurso e a nossa pr\u00e1tica: ouvir. Todas as audi\u00eancias refor\u00e7am isso. A comunidade precisa ser envolvida. \u00c9 uma obra que vai ficar para as pessoas. A escola vai ser uma refer\u00eancia para essas pessoas\u201d, conclui.<\/p>\n<p><strong>Brasil Profissionalizado<\/strong><\/p>\n<p>Iniciativa do Programa Nacional de Acesso ao Ensino T\u00e9cnico e Emprego (Pronatec), o Brasil Profissionalizado busca o fortalecimento do ensino m\u00e9dio integrado \u00e0 educa\u00e7\u00e3o profissional nas redes estaduais de educa\u00e7\u00e3o profissional.<\/p>\n<p>Os recursos do Brasil Profissionalizado s\u00e3o repassados aos estados para constru\u00e7\u00e3o, reforma e moderniza\u00e7\u00e3o de escolas t\u00e9cnicas, estrutura\u00e7\u00e3o de laborat\u00f3rios, al\u00e9m do financiamento de recursos pedag\u00f3gicos e de forma\u00e7\u00e3o e qualifica\u00e7\u00e3o dos profissionais da educa\u00e7\u00e3o.<\/p>\n<p>As a\u00e7\u00f5es do Brasil Profissionalizado s\u00e3o geridas pela Secretaria de Educa\u00e7\u00e3o Profissional e Tecnol\u00f3gica (Setec) do Minist\u00e9rio da Educa\u00e7\u00e3o e pelo Fundo Nacional de Desenvolvimento da Educa\u00e7\u00e3o (FNDE).<\/p>\n<p>(Ag\u00eancia Minas)<\/p>\n","protected":false},"excerpt":{"rendered":"<p>Uma educa\u00e7\u00e3o voltada para o povo mineiro. \u00c9 com este prop\u00f3sito que est\u00e3o sendo constru\u00eddas as escolas t\u00e9cnicas do programa Brasil Profissionalizado em Minas Gerais. Nos \u00faltimos meses, a Secretaria Desenvolvimento Econ\u00f4mico, Ci\u00eancia, Tecnologia e Ensino Superior (Sedectes) promoveu consultas p\u00fablicas para definir os eixos tem\u00e1ticos e cursos que v\u00e3o ser oferecidos em seis das [&hellip;]<\/p>\n","protected":false},"author":1,"featured_media":97129,"comment_status":"open","ping_status":"closed","sticky":false,"template":"","format":"standard","meta":{"amp_status":"","footnotes":""},"categories":[40238,123,1236],"tags":[115627,645,115629,195,115628,1278,115625,1153,1494,204,611,10160,1356,1277,115626,25032,89294,419,222],"class_list":["post-97131","post","type-post","status-publish","format-standard","has-post-thumbnail","hentry","category-educacao-2","category-gerais","category-norte_de_minas","tag-abertura-de-novas-escolas-tecnicas-em-minas-gerais","tag-bocaiuva","tag-brasil-profissionalizado","tag-brasilia-de-minas","tag-construcao-de-novas-escolas-tecnicas-em-minas-gerais","tag-espinosa","tag-governo-ouve-populacao-para-construir-novas-escolas-tecnicas-em-minas-gerais","tag-grao-mogol","tag-ibirite","tag-janauba","tag-joaima","tag-lagoa-santa","tag-manga","tag-monte-azul","tag-novas-escolas-tecnicas-em-minas-gerais","tag-pompeu","tag-programa-brasil-profissionalizado-em-minas-gerais","tag-taiobeiras","tag-unai"],"_links":{"self":[{"href":"https:\/\/aconteceunovale.com.br\/portal\/index.php?rest_route=\/wp\/v2\/posts\/97131","targetHints":{"allow":["GET"]}}],"collection":[{"href":"https:\/\/aconteceunovale.com.br\/portal\/index.php?rest_route=\/wp\/v2\/posts"}],"about":[{"href":"https:\/\/aconteceunovale.com.br\/portal\/index.php?rest_route=\/wp\/v2\/types\/post"}],"author":[{"embeddable":true,"href":"https:\/\/aconteceunovale.com.br\/portal\/index.php?rest_route=\/wp\/v2\/users\/1"}],"replies":[{"embeddable":true,"href":"https:\/\/aconteceunovale.com.br\/portal\/index.php?rest_route=%2Fwp%2Fv2%2Fcomments&post=97131"}],"version-history":[{"count":0,"href":"https:\/\/aconteceunovale.com.br\/portal\/index.php?rest_route=\/wp\/v2\/posts\/97131\/revisions"}],"wp:featuredmedia":[{"embeddable":true,"href":"https:\/\/aconteceunovale.com.br\/portal\/index.php?rest_route=\/wp\/v2\/media\/97129"}],"wp:attachment":[{"href":"https:\/\/aconteceunovale.com.br\/portal\/index.php?rest_route=%2Fwp%2Fv2%2Fmedia&parent=97131"}],"wp:term":[{"taxonomy":"category","embeddable":true,"href":"https:\/\/aconteceunovale.com.br\/portal\/index.php?rest_route=%2Fwp%2Fv2%2Fcategories&post=97131"},{"taxonomy":"post_tag","embeddable":true,"href":"https:\/\/aconteceunovale.com.br\/portal\/index.php?rest_route=%2Fwp%2Fv2%2Ftags&post=97131"}],"curies":[{"name":"wp","href":"https:\/\/api.w.org\/{rel}","templated":true}]}}